{"id":794,"date":"2012-01-28T14:23:10","date_gmt":"2012-01-28T13:23:10","guid":{"rendered":"http:\/\/05e9e028-c544-4959-a548-3db030bbc11c"},"modified":"2012-01-28T14:23:10","modified_gmt":"2012-01-28T13:23:10","slug":"igazgatoi-jegyzetek","status":"publish","type":"post","link":"http:\/\/jaszai-iskola.net\/wp\/2012\/01\/28\/igazgatoi-jegyzetek\/","title":{"rendered":"Igazgat\u00f3i jegyzetek"},"content":{"rendered":"<p>2012. janu\u00e1r 23-\u00e1n tartotta tantest\u00fclet\u00fcnk az els\u0151 f\u00e9l\u00e9vet \u00e9rt\u00e9kel\u0151 \u00e9rtekezlet\u00e9t. A t\u00f6bb \u00f3r\u00e1n \u00e1t tart\u00f3 tan\u00e1cskoz\u00e1son felmer\u00fclt k\u00e9rd\u00e9sek k\u00f6z\u00fcl abban a rem\u00e9nyben emelek ki n\u00e9h\u00e1nyat, hogy a r\u00e1juk adott v\u00e1laszok tal\u00e1n nevel\u0151k \u00e9s sz\u00fcl\u0151k \u00e9rdekl\u0151d\u00e9s\u00e9re egyar\u00e1nt sz\u00e1mot tarthatnak.<\/p>\n<p>1.  A TANUL\u00d3K INTOLER\u00c1NS VISELKED\u00c9SE<\/p>\n<p>\u00c9vr\u0151l \u00e9vre tapasztalhat\u00f3, hogy a gyermekek egyre kev\u00e9sb\u00e9 k\u00e9pesek elviselni t\u00e1rsaik vagy \u00e9ppen nevel\u0151ik (sz\u00fcleik, testv\u00e9reik) egyik-m\u00e1sik megnyilv\u00e1nul\u00e1s\u00e1t. K\u00fcl\u00f6n\u00f6sen az als\u00f3 tagozatos \u00e9vek sor\u00e1n tal\u00e1lkozhatunk mind t\u00f6bbsz\u00f6r &#8211; l\u00e1tsz\u00f3lag indokolatlanul &#8211; heves tanul\u00f3i reakci\u00f3kkal. Az intoleranci\u00e1ra hajlamos gyermek hev\u00fclt t\u00f3nusban s\u00e9relmez szinte mindent, ami nemtetsz\u00e9s\u00e9vel tal\u00e1lkozik: s\u00falyosan kritiz\u00e1lja v\u00e9lt vagy val\u00f3s \u201eellenl\u00e1bas\u00e1t\u201d, cs\u00fanya szitkokat haszn\u00e1l, fenyeget\u0151zik, olykor meg\u00fcti, megr\u00fagja, lek\u00f6pi t\u00e1rs\u00e1t, ritk\u00e1bb esetben \u2013 tehetetlen d\u00fch\u00e9ben sz\u00ednpadias jelenetet produk\u00e1lva &#8211; m\u00e9g f\u00f6ldre is veti mag\u00e1t, hogy nyomat\u00e9kosan \u00e9reztesse:\u201dvele azt\u00e1n nem lehet kukoric\u00e1zni\u201d.<\/p>\n<p>R\u00f6vid jegyzetemben nem k\u00edv\u00e1nok foglalkozni a fenti jelens\u00e9g t\u00e1rsadalmi vet\u00fclet\u00e9vel, t\u00f6rt\u00e9neti vonatkoz\u00e1saival, a mikro t\u00e1rsadalmi (csal\u00e1di nevel\u00e9sb\u0151l ad\u00f3d\u00f3) okokkal, az \u00f6r\u00f6kl\u00f6tt lelkis\u00e9g esetleges jelenl\u00e9t\u00e9vel, vagy \u00e9ppen a csoport egy\u00e9nre gyakorolt hat\u00e1s\u00e1nak nevel\u00e9s-l\u00e9lektani aspektusaival. Be\u00e9rem csup\u00e1n annak le\u00edr\u00e1s\u00e1val, hogy n\u00e9gy \u00e9vtizedes nevel\u0151i gyakorlatom alapj\u00e1n mit tartok szerencs\u00e9s gyakorlati l\u00e9p\u00e9snek az eff\u00e9le iskolai t\u00f6rt\u00e9n\u00e9sek eset\u00e9ben.<\/p>\n<p>Els\u0151 l\u00e9p\u00e9sk\u00e9nt a feln\u0151ttnek minden esetben meg kell pr\u00f3b\u00e1lnia megnyugtatni a gyermeket. Hitelesen \u00e9reztetn\u00fcnk kell vele, hogy k\u00edv\u00e1ncsiak vagyunk arra, hogy mi hozta ki ennyire a b\u00e9ket\u0171r\u00e9sb\u0151l. Ezt k\u00f6nnyebb \u0151szint\u00e9n megtenni el\u0151sz\u00f6r, m\u00e1sodszor, mint sokadszorra, amikor m\u00e1r r\u00e9gen tudjuk, hogy \u201evisszaes\u0151vel\u201d van dolgunk\u2026<\/p>\n<p> A rem\u00e9lt majdani viselked\u00e9s-m\u00f3dosul\u00e1s \u00e9rdek\u00e9ben kulcsfontoss\u00e1ggal b\u00edr, hogy amennyiben a gyermek a meg\u00e9rt\u0151-megnyugtat\u00f3 nevel\u0151i fell\u00e9p\u00e9sre helytelen\u00fcl reag\u00e1l, net\u00e1n \u201em\u00e9g neki \u00e1ll feljebb\u201d, azon m\u00f3d k\u00e9pesek legy\u00fcnk m\u00f3dos\u00edtani taktik\u00e1nkon. Ha a sz\u00e9p sz\u00f3 kev\u00e9s, akkor megpr\u00f3b\u00e1lkozzunk a \u201ekutyaharap\u00e1st sz\u0151r\u00e9vel\u201d m\u00f3dszer\u00e9vel. Mit jelent ez?  A \u201emusz\u00e1j t\u00edpus\u00fa\u201d gyermekkel ne csup\u00e1n meg\u00e9rt\u0151ek, de hat\u00e1rozottan kritikusok is lehet\u00fcnk. Ha nem \u00e1ll az auton\u00f3m erk\u00f6lcs azon a fok\u00e1n, hogy felfogja, mennyire zavar\u00f3 viselked\u00e9se, egyszer-egyszer mi magunk is lehet\u00fcnk intoler\u00e1nsak vele szemben! (Ez persze nem lehet kiz\u00e1r\u00f3lagos m\u00f3dszer, s\u0151t nagyon is cs\u00ednj\u00e1n kell b\u00e1nni alkalmaz\u00e1s\u00e1val. \u00c1m k\u00e9ts\u00e9gtelen el\u0151nye lehet, hogy k\u00f6zvetlen tapasztalati \u00faton adja \u00e9rt\u00e9s\u00e9re a n\u00f6vend\u00e9knek, hogy milyen kellemetlen \u00e9lm\u00e9ny az \u00f6nt\u00f6rv\u00e9ny\u0171s\u00e9ggel szembes\u00fclnie.) A mindig mindent m\u00e1sokra h\u00e1r\u00edt\u00f3, mag\u00e1t ugyanakkor gyakran m\u00e1rt\u00edrnak be\u00e1ll\u00edt\u00f3, hiszt\u00e9ri\u00e1z\u00f3 tanul\u00f3val \u00e9reztess\u00fck meg, hogy b\u00e1r \u0151t mag\u00e1t nem, \u00e1m aktu\u00e1lis viselked\u00e9s\u00e9t nem sokra becs\u00fclj\u00fck.<\/p>\n<p>Vonjuk be a magunk pedag\u00f3giai l\u00e9p\u00e9sei \u00e9s az azok \u201ec\u00e9lpontj\u00e1t\u201d k\u00e9pez\u0151 \u201ekritikus szem\u00e9ly\u201d k\u00f6z\u00e9 a t\u00f6bbieket, az oszt\u00e1lyk\u00f6z\u00f6ss\u00e9get! Ez j\u00f3 es\u00e9llyel seg\u00edteni fog, mert a kort\u00e1rscsoport norma-rendszer\u00e9nek m\u00e9g a \u201elegkem\u00e9nyebb bandit\u00e1k\u201d is szeretn\u00e9nek megfelelni.<\/p>\n<p>Sz\u00fcks\u00e9g eset\u00e9n \u2013 ha meggy\u0151z\u0151dt\u00fcnk arr\u00f3l, hogy m\u00e1s m\u00f3dszer m\u00e1r nem vezet eredm\u00e9nyre \u2013 ne riadjunk vissza a s\u00falyosan \u00f6nt\u00f6rv\u00e9ny\u0171 gyermek megb\u00fcntet\u00e9s\u00e9t\u0151l sem! \u00c1m \u00fcgyelj\u00fcnk a b\u00fcntet\u00e9s technik\u00e1j\u00e1ra,mert ha ez a b\u00fcntet\u00e9s nem el\u00e9g \u201eh\u00fasbav\u00e1g\u00f3\u201d, \u00e9rtem ez alatt azt, hogy nem hat k\u00f6zvetlen\u00fcl a gyermek aktu\u00e1lis sz\u00fcks\u00e9gletei ellen, akkor teljesen hat\u00e1stalan maradhat.<\/p>\n<p>A mag\u00e1t tehetetlen d\u00fch\u00e9ben padl\u00f3ra vet\u0151, fetrengve zokog\u00e1st m\u00edmel\u0151 kis ripacsot azonban sosem b\u00fcntetn\u00e9m meg. \u0150t akkor \u00e9s ott ink\u00e1bb \u201esemmibe venn\u00e9m\u201d. Hadd b\u0151gj\u00f6n, egyszer \u00fagyis abbahagyja. \u00cdgy adn\u00e1m \u00e9rt\u00e9s\u00e9re, hogy mennyire el\u00edt\u00e9lem az ilyesfajta \u00e9rzelmi zsarol\u00e1st.<\/p>\n<p>B\u00e1rhogy is legyen: az intoler\u00e1ns tanul\u00f3i magatart\u00e1st \u2013 szeretett tan\u00edtv\u00e1nyunk, illetve gyermek\u00fcnk j\u00f6v\u0151je, feln\u0151ttkori jelleme szempontj\u00e1b\u00f3l &#8211; nem is szabad \u00e9rt\u00e9keletlen\u00fcl hagynunk.<\/p>\n<p>Dr. Patk\u00f3s J\u00f3zsef<\/p>\n","protected":false},"excerpt":{"rendered":"<p>2012. janu\u00e1r 23-\u00e1n tartotta tantest\u00fclet\u00fcnk az els\u0151 f\u00e9l\u00e9vet \u00e9rt\u00e9kel\u0151 \u00e9rtekezlet\u00e9t. A t\u00f6bb \u00f3r\u00e1n \u00e1t tart\u00f3 tan\u00e1cskoz\u00e1son felmer\u00fclt k\u00e9rd\u00e9sek k\u00f6z\u00fcl abban a rem\u00e9nyben emelek ki n\u00e9h\u00e1nyat, hogy a r\u00e1juk adott v\u00e1laszok tal\u00e1n nevel\u0151k \u00e9s sz\u00fcl\u0151k \u00e9rdekl\u0151d\u00e9s\u00e9re egyar\u00e1nt sz\u00e1mot tarthatnak. 1. A TANUL\u00d3K INTOLER\u00c1NS VISELKED\u00c9SE \u00c9vr\u0151l \u00e9vre tapasztalhat\u00f3, hogy a gyermekek egyre kev\u00e9sb\u00e9 k\u00e9pesek elviselni t\u00e1rsaik vagy [&hellip;]<\/p>\n","protected":false},"author":1,"featured_media":0,"comment_status":"open","ping_status":"open","sticky":false,"template":"","format":"standard","meta":{"ngg_post_thumbnail":0,"jetpack_post_was_ever_published":false,"_jetpack_newsletter_access":"","_jetpack_dont_email_post_to_subs":false,"_jetpack_newsletter_tier_id":0,"_jetpack_memberships_contains_paywalled_content":false,"_jetpack_memberships_contains_paid_content":false,"footnotes":"","jetpack_publicize_message":"","jetpack_publicize_feature_enabled":true,"jetpack_social_post_already_shared":true,"jetpack_social_options":{"image_generator_settings":{"template":"highway","default_image_id":0,"font":"","enabled":false},"version":2}},"categories":[13],"tags":[],"class_list":["post-794","post","type-post","status-publish","format-standard","hentry","category-hirek"],"jetpack_publicize_connections":[],"jetpack_featured_media_url":"","jetpack_sharing_enabled":true,"jetpack_shortlink":"https:\/\/wp.me\/p7WZAv-cO","jetpack-related-posts":[],"jetpack_likes_enabled":true,"_links":{"self":[{"href":"http:\/\/jaszai-iskola.net\/wp\/wp-json\/wp\/v2\/posts\/794","targetHints":{"allow":["GET"]}}],"collection":[{"href":"http:\/\/jaszai-iskola.net\/wp\/wp-json\/wp\/v2\/posts"}],"about":[{"href":"http:\/\/jaszai-iskola.net\/wp\/wp-json\/wp\/v2\/types\/post"}],"author":[{"embeddable":true,"href":"http:\/\/jaszai-iskola.net\/wp\/wp-json\/wp\/v2\/users\/1"}],"replies":[{"embeddable":true,"href":"http:\/\/jaszai-iskola.net\/wp\/wp-json\/wp\/v2\/comments?post=794"}],"version-history":[{"count":0,"href":"http:\/\/jaszai-iskola.net\/wp\/wp-json\/wp\/v2\/posts\/794\/revisions"}],"wp:attachment":[{"href":"http:\/\/jaszai-iskola.net\/wp\/wp-json\/wp\/v2\/media?parent=794"}],"wp:term":[{"taxonomy":"category","embeddable":true,"href":"http:\/\/jaszai-iskola.net\/wp\/wp-json\/wp\/v2\/categories?post=794"},{"taxonomy":"post_tag","embeddable":true,"href":"http:\/\/jaszai-iskola.net\/wp\/wp-json\/wp\/v2\/tags?post=794"}],"curies":[{"name":"wp","href":"https:\/\/api.w.org\/{rel}","templated":true}]}}