{"id":774,"date":"2012-05-29T09:21:53","date_gmt":"2012-05-29T08:21:53","guid":{"rendered":"http:\/\/48a9cd07-646e-48ab-8435-08ece93672a6"},"modified":"2012-05-29T09:21:53","modified_gmt":"2012-05-29T08:21:53","slug":"gyereknap-az-iskolaban","status":"publish","type":"post","link":"http:\/\/jaszai-iskola.net\/wp\/2012\/05\/29\/gyereknap-az-iskolaban\/","title":{"rendered":"Gyereknap az iskol\u00e1ban"},"content":{"rendered":"<p>2012. m\u00e1jus 25-\u00e9n, p\u00e9nteken sportos ruh\u00e1ban, t\u00e1ska n\u00e9lk\u00fcl j\u00f6ttek a gyerekek iskol\u00e1ba. No, nem az\u00e9rt, mert \u00f6sszebesz\u00e9ltek, hanem mert gyereknapot tartottunk \u201enem csak gyerekeknek\u201d.<\/p>\n<p>A d\u00e9lel\u0151tt egy r\u00f6vid eligaz\u00edt\u00e1ssal kezd\u0151d\u00f6tt, majd minden \u00e9vfolyam a saj\u00e1t koroszt\u00e1ly\u00e1nak megfelel\u0151 programokon vett r\u00e9szt. \u00cdgy az els\u0151 k\u00e9t oszt\u00e1lyba j\u00e1r\u00f3k egy nagyon aranyos \u201e\u00e1llati j\u00f3 bemutat\u00f3t\u201d n\u00e9ztek meg, mely sor\u00e1n az \u00e1llatk\u00e1kat meg is simogathatt\u00e1k, mint pl.: g\u00f6r\u00e9ny, patk\u00e1ny, eg\u00e9r, vagy egy p\u00e1r h\u00f3napos kicsi borz. Majd egy r\u00f6vid ismertet\u0151 ut\u00e1n \u201emegsz\u00e1llhattak\u201d az oszt\u00e1lyok egy ment\u0151aut\u00f3t. Ki a korm\u00e1nyn\u00e1l foglalt helyet, ki pedig a hord\u00e1gyon&#8230; A polg\u00e1r\u0151rs\u00e9g is egy r\u00f6vid bemutatkoz\u00e1st tartott munk\u00e1j\u00e1r\u00f3l, bemutatt\u00e1k aut\u00f3jukat, \u00e9s besz\u00e9ltek azokr\u00f3l a vesz\u00e9lyekr\u0151l, amelyekkel a kisgyerekek is tal\u00e1lkozhatnak az \u00e9letben. A fels\u0151 tagozatos di\u00e1kok sz\u00e1m\u00e1ra iskol\u00e1nk rend\u0151r\u00e9t, B\u0151ti \u00c9v\u00e1t k\u00e9rt\u00fck fel, hogy besz\u00e9ljen arr\u00f3l, milyen probl\u00e9m\u00e1kkal ker\u00fclhetnek szembe di\u00e1kjaink Monoron, \u00edgy p\u00e9ld\u00e1ul sz\u00f3 esett az alkoholfogyaszt\u00e1sr\u00f3l \u00e9s a drog haszn\u00e1lat\u00e1r\u00f3l is.<\/p>\n<p>Tov\u00e1bbi programjaink voltak:<br \/>Tur\u00e1nszky Zsuzsa v\u00e9d\u0151n\u0151 a kicsiknek a fog\u00e1pol\u00e1sr\u00f3l, a nagyobbaknak a kamaszkor probl\u00e9m\u00e1ir\u00f3l, a legnagyobbaknak pedig a terhess\u00e9g megszak\u00edt\u00e1sr\u00f3l tartott t\u00e1j\u00e9koztat\u00f3t<\/p>\n<p>So\u00f3s Arnold hangszerbemutat\u00f3ja mindenki sz\u00e1m\u00e1ra nagy \u00e9lm\u00e9ny volt. Olyan hangszereket l\u00e1thattunk \u00e9s pr\u00f3b\u00e1lhattunk ki, melyek m\u00e9g nek\u00fcnk, feln\u0151tteknek is \u00fajdons\u00e1gnak sz\u00e1m\u00edtottak. Az el\u0151ad\u00e1s v\u00e9g\u00e9n egy r\u00f6gt\u00f6nz\u00f6tt koncertet tartottak a csoportok az el\u0151ad\u00f3 ir\u00e1ny\u00edt\u00e1s\u00e1val Akkora volt az \u00e9rdekl\u0151d\u00e9s, hogy a teremb\u0151l csak nagy neh\u00e9zs\u00e9gek \u00e1r\u00e1n tudtuk kik\u00fcldeni a gyerekeket, hogy helyet adjanak a k\u00f6vetkez\u0151 oszt\u00e1lynak.<\/p>\n<p>A sportos programok k\u00f6z\u00fcl kiemeln\u00e9m a zumb\u00e1t, melyet szinte minden di\u00e1kunk kipr\u00f3b\u00e1lhatott. S\u0151t, nagyszer\u0171 fot\u00f3k k\u00e9sz\u00fcltek a tan\u00e1rokr\u00f3l is, mik\u00f6zben ut\u00e1nozz\u00e1k a zumb\u00e1s mozdulatokat. De lehetett floorballozni, kidob\u00f3st j\u00e1tszani is. A fi\u00fak k\u00f6z\u00fcl pedig j\u00f3 n\u00e9h\u00e1nyan piros-lila foltokkal hagyt\u00e1k el a tornatermet, miut\u00e1n kipr\u00f3b\u00e1lt\u00e1k a harcm\u0171v\u00e9szeti eszk\u00f6z\u00f6ket.<br \/>Term\u00e9szetesen nem maradhatott ki a humor, a sz\u00f3rakoz\u00e1s sem, a gyereknapot Sz\u00e9p Bence stand-up comedy-vel f\u0171szerezett b\u0171v\u00e9sz izgalmas programja z\u00e1rta. <\/p>\n<p>Pongr\u00e1cz Vikt\u00f3ria<br \/>a di\u00e1k\u00f6nkorm\u00e1nyzat vezet\u0151 tan\u00e1ra<\/p>\n","protected":false},"excerpt":{"rendered":"<p>2012. m\u00e1jus 25-\u00e9n, p\u00e9nteken sportos ruh\u00e1ban, t\u00e1ska n\u00e9lk\u00fcl j\u00f6ttek a gyerekek iskol\u00e1ba. No, nem az\u00e9rt, mert \u00f6sszebesz\u00e9ltek, hanem mert gyereknapot tartottunk \u201enem csak gyerekeknek\u201d. A d\u00e9lel\u0151tt egy r\u00f6vid eligaz\u00edt\u00e1ssal kezd\u0151d\u00f6tt, majd minden \u00e9vfolyam a saj\u00e1t koroszt\u00e1ly\u00e1nak megfelel\u0151 programokon vett r\u00e9szt. \u00cdgy az els\u0151 k\u00e9t oszt\u00e1lyba j\u00e1r\u00f3k egy nagyon aranyos \u201e\u00e1llati j\u00f3 bemutat\u00f3t\u201d n\u00e9ztek meg, mely [&hellip;]<\/p>\n","protected":false},"author":1,"featured_media":0,"comment_status":"open","ping_status":"open","sticky":false,"template":"","format":"standard","meta":{"ngg_post_thumbnail":0,"jetpack_post_was_ever_published":false,"_jetpack_newsletter_access":"","_jetpack_dont_email_post_to_subs":false,"_jetpack_newsletter_tier_id":0,"_jetpack_memberships_contains_paywalled_content":false,"_jetpack_memberships_contains_paid_content":false,"footnotes":"","jetpack_publicize_message":"","jetpack_publicize_feature_enabled":true,"jetpack_social_post_already_shared":true,"jetpack_social_options":{"image_generator_settings":{"template":"highway","default_image_id":0,"font":"","enabled":false},"version":2}},"categories":[13],"tags":[],"class_list":["post-774","post","type-post","status-publish","format-standard","hentry","category-hirek"],"jetpack_publicize_connections":[],"jetpack_featured_media_url":"","jetpack_sharing_enabled":true,"jetpack_shortlink":"https:\/\/wp.me\/p7WZAv-cu","jetpack-related-posts":[],"jetpack_likes_enabled":true,"_links":{"self":[{"href":"http:\/\/jaszai-iskola.net\/wp\/wp-json\/wp\/v2\/posts\/774","targetHints":{"allow":["GET"]}}],"collection":[{"href":"http:\/\/jaszai-iskola.net\/wp\/wp-json\/wp\/v2\/posts"}],"about":[{"href":"http:\/\/jaszai-iskola.net\/wp\/wp-json\/wp\/v2\/types\/post"}],"author":[{"embeddable":true,"href":"http:\/\/jaszai-iskola.net\/wp\/wp-json\/wp\/v2\/users\/1"}],"replies":[{"embeddable":true,"href":"http:\/\/jaszai-iskola.net\/wp\/wp-json\/wp\/v2\/comments?post=774"}],"version-history":[{"count":0,"href":"http:\/\/jaszai-iskola.net\/wp\/wp-json\/wp\/v2\/posts\/774\/revisions"}],"wp:attachment":[{"href":"http:\/\/jaszai-iskola.net\/wp\/wp-json\/wp\/v2\/media?parent=774"}],"wp:term":[{"taxonomy":"category","embeddable":true,"href":"http:\/\/jaszai-iskola.net\/wp\/wp-json\/wp\/v2\/categories?post=774"},{"taxonomy":"post_tag","embeddable":true,"href":"http:\/\/jaszai-iskola.net\/wp\/wp-json\/wp\/v2\/tags?post=774"}],"curies":[{"name":"wp","href":"https:\/\/api.w.org\/{rel}","templated":true}]}}