{"id":642,"date":"2013-02-14T20:24:11","date_gmt":"2013-02-14T19:24:11","guid":{"rendered":"http:\/\/cc8e80c6-999c-4733-a0af-15e5bd7464c3"},"modified":"2013-02-14T20:24:11","modified_gmt":"2013-02-14T19:24:11","slug":"farsang","status":"publish","type":"post","link":"http:\/\/jaszai-iskola.net\/wp\/2013\/02\/14\/farsang\/","title":{"rendered":"Farsang"},"content":{"rendered":"<p>Az elm\u00falt k\u00e9t h\u00e9tben farsangi hangulat volt a J\u00e1szai Mari \u00c1ltal\u00e1nos Iskol\u00e1ban. Az als\u00f3 tagozatosoknak febru\u00e1r 1-j\u00e9n, a fels\u0151 tagozatosoknak pedig egy h\u00e9ttel k\u00e9s\u0151bb, febru\u00e1r 8-\u00e1n ker\u00fclt megrendez\u00e9sre a farsang.<br \/>A kicsik \u00fcnneps\u00e9ge rendhagy\u00f3 volt az idei tan\u00e9vben. Az eddigi \u00e9vekkel ellent\u00e9tben ugyanis az \u00f6sszes als\u00f3 tagozatos oszt\u00e1ly egy\u00fctt \u00fcnnepelte a farsangot iskol\u00e1nk aul\u00e1j\u00e1ban. Az oszt\u00e1lyok m\u00e1r hetek \u00f3ta izgatottan k\u00e9sz\u00fcltek pedag\u00f3gusaik \u00e9s sz\u00fcleik seg\u00edts\u00e9g\u00e9vel egy kisebb m\u0171sorral, melyet ezen a d\u00e9lut\u00e1non adtak el\u0151 egym\u00e1snak. \u00cdgy l\u00e1thattuk a Hupik\u00e9k T\u00f6rpik\u00e9ket, s\u0151t, a H\u00f3kuszp\u00f3knak \u00f6lt\u00f6z\u00f6tt tan\u00edt\u00f3 n\u00e9nij\u00fcket is, a hangyabolyokat kir\u00e1lyn\u0151j\u00fckkel, a sz\u00e1zl\u00e1b\u00fat, a bus\u00f3kat, a pompom l\u00e1nyokat focicsapatukkal, a Hung\u00e1ri\u00e1ra t\u00e1ncol\u00f3 gyerekeket, \u00e9s megtanulhattuk a kettes szorz\u00f3t\u00e1bl\u00e1t az egyik m\u00e1sodikos oszt\u00e1ly seg\u00edts\u00e9g\u00e9vel. Az oszt\u00e1lym\u0171sorok ut\u00e1n a gyerekek egy\u00e9ni jelmezeket \u00f6lt\u00f6ttek magukra, melyeket a h\u00e1romtag\u00fa zs\u0171ri \u00e9rt\u00e9kelt. A nyertesek k\u00f6z\u00f6tt volt a \u201ef\u00e9szkes fekete fene\u201d, ( akinek t\u00e9nyleg mad\u00e1rf\u00e9szek volt a fej\u00e9n!), egy igazi, f\u00e9lelmetes boszork\u00e1ny, egy boh\u00f3c, egy \u0171rl\u00e9ny \u00e9s a kasz\u00e1s.<br \/>Az egy\u00e9ni jelmezek bemutat\u00e1sa ut\u00e1n boh\u00f3cok sz\u00f3rakoztatt\u00e1k a kicsiket, majd a Gamedance monori t\u00e1nciskola n\u00f6vend\u00e9kei adtak el\u0151 egy 20 perces m\u0171sort. K\u00f6zt\u00fck sz\u00e1mos di\u00e1kunk is bemutatta t\u00e1nctud\u00e1s\u00e1t. Az als\u00f3s farsangot Bukai Tiborn\u00e9, Ildik\u00f3 n\u00e9ni t\u00e1nch\u00e1za z\u00e1rta, amelyen kicsik \u00e9s nagyok egy\u00fctt t\u00e1ncoltak, j\u00e1tszottak, \u00e9nekeltek.<br \/>A sz\u00fcl\u0151i munkak\u00f6z\u00f6ss\u00e9gnek k\u00f6sz\u00f6nhet\u0151en eg\u00e9sz d\u00e9lut\u00e1n finomabbn\u00e1l finomabb s\u00fctik, \u00fcd\u00edt\u0151k v\u00e1rt\u00e1k az \u00e9hes kicsiket \u00e9s nagyokat a b\u00fcf\u00e9ben. Ez\u00faton is k\u00f6sz\u00f6nj\u00fck seg\u00edts\u00e9g\u00fcket!<br \/>A fels\u0151s oszt\u00e1lyok a tavalyi \u00e9vhez hasonl\u00f3an id\u00e9n is egy adott t\u00e9m\u00e1n bel\u00fcl k\u00e9sz\u00fcltek m\u0171sorral: egy t\u00f6rt\u00e9nelmi kor vagy egy n\u00e9pcsoport ruh\u00e1zat\u00e1t, \u00f6lt\u00f6zk\u00f6d\u00e9s\u00e9t kellett el\u0151adniuk divatbemutat\u00f3 form\u00e1j\u00e1ban. \u00cdgy megismerhett\u00fck a 70-es \u00e9vek magyar divatj\u00e1t a 7.b oszt\u00e1ly seg\u00edts\u00e9g\u00e9vel, akik m\u0171sorukkal els\u0151 helyez\u00e9st \u00e9rtek el a zs\u0171ri d\u00f6nt\u00e9se alapj\u00e1n. De tal\u00e1lkozhattunk \u0151skori emberekkel, \u00f3kori g\u00f6r\u00f6g istenekkel \u00e9s sportol\u00f3kkal, t\u00f6r\u00f6k jelmezekkel, hippikkel \u00e9s cowboyokkal is. A nyolcadikosok m\u00e9g t\u00e1nccal is k\u00e9sz\u00fcltek, mely megadta a d\u00e9lut\u00e1n vid\u00e1m hangulat\u00e1t. A bemutat\u00f3k ut\u00e1n k\u00f6vetkezett a karaoke olyan n\u00e9pszer\u0171 magyar dalokkal, mint a P\u00e1linkadal, a Hupik\u00e9k T\u00f6rpik\u00e9k f\u0151c\u00edm dala, Azok a boldog sz\u00e9p napok a Beatric\u00e9t\u0151l, Edd\u00e1t\u00f3l a K\u00f6r, stb. Ezt k\u00f6vet\u0151en a fels\u0151s farsangon is bemutatta t\u00e1nctud\u00e1s\u00e1t a Gamedance t\u00e1nccsoport, nagy \u00f6r\u00f6m\u00fcnkre sok fels\u0151 tagozatos di\u00e1kunkat l\u00e1thattuk szerepelni 20 perces m\u0171sorukban. A t\u00e1ncokat Stillern\u00e9 Balogh Melinda \u00e9s Stiller G\u00e1bor tan\u00edtotta be. A farsangot v\u00e9g\u00fcl a disco z\u00e1rta, melyhez a zen\u00e9t tavaly v\u00e9gzett di\u00e1kunk, Czub\u00f3k R\u00f3bert szolg\u00e1ltatta.<br \/>A k\u00f6zrem\u0171k\u00f6d\u0151knek k\u00f6sz\u00f6nj\u00fck a seg\u00edts\u00e9get, \u00e9s ez\u00faton k\u00f6sz\u00f6nj\u00fck meg a monori Polg\u00e1r\u0151rs\u00e9g munk\u00e1j\u00e1t is, akik az este folyam\u00e1n biztos\u00edtott\u00e1k sz\u00e1munkra a nyugalmat.<\/p>\n","protected":false},"excerpt":{"rendered":"<p>Az elm\u00falt k\u00e9t h\u00e9tben farsangi hangulat volt a J\u00e1szai Mari \u00c1ltal\u00e1nos Iskol\u00e1ban. Az als\u00f3 tagozatosoknak febru\u00e1r 1-j\u00e9n, a fels\u0151 tagozatosoknak pedig egy h\u00e9ttel k\u00e9s\u0151bb, febru\u00e1r 8-\u00e1n ker\u00fclt megrendez\u00e9sre a farsang.A kicsik \u00fcnneps\u00e9ge rendhagy\u00f3 volt az idei tan\u00e9vben. Az eddigi \u00e9vekkel ellent\u00e9tben ugyanis az \u00f6sszes als\u00f3 tagozatos oszt\u00e1ly egy\u00fctt \u00fcnnepelte a farsangot iskol\u00e1nk aul\u00e1j\u00e1ban. Az oszt\u00e1lyok [&hellip;]<\/p>\n","protected":false},"author":1,"featured_media":0,"comment_status":"open","ping_status":"open","sticky":false,"template":"","format":"standard","meta":{"ngg_post_thumbnail":0,"jetpack_post_was_ever_published":false,"_jetpack_newsletter_access":"","_jetpack_dont_email_post_to_subs":false,"_jetpack_newsletter_tier_id":0,"_jetpack_memberships_contains_paywalled_content":false,"_jetpack_memberships_contains_paid_content":false,"footnotes":"","jetpack_publicize_message":"","jetpack_publicize_feature_enabled":true,"jetpack_social_post_already_shared":true,"jetpack_social_options":{"image_generator_settings":{"template":"highway","default_image_id":0,"font":"","enabled":false},"version":2}},"categories":[13],"tags":[],"class_list":["post-642","post","type-post","status-publish","format-standard","hentry","category-hirek"],"jetpack_publicize_connections":[],"jetpack_featured_media_url":"","jetpack_sharing_enabled":true,"jetpack_shortlink":"https:\/\/wp.me\/s7WZAv-farsang","jetpack-related-posts":[],"jetpack_likes_enabled":true,"_links":{"self":[{"href":"http:\/\/jaszai-iskola.net\/wp\/wp-json\/wp\/v2\/posts\/642","targetHints":{"allow":["GET"]}}],"collection":[{"href":"http:\/\/jaszai-iskola.net\/wp\/wp-json\/wp\/v2\/posts"}],"about":[{"href":"http:\/\/jaszai-iskola.net\/wp\/wp-json\/wp\/v2\/types\/post"}],"author":[{"embeddable":true,"href":"http:\/\/jaszai-iskola.net\/wp\/wp-json\/wp\/v2\/users\/1"}],"replies":[{"embeddable":true,"href":"http:\/\/jaszai-iskola.net\/wp\/wp-json\/wp\/v2\/comments?post=642"}],"version-history":[{"count":0,"href":"http:\/\/jaszai-iskola.net\/wp\/wp-json\/wp\/v2\/posts\/642\/revisions"}],"wp:attachment":[{"href":"http:\/\/jaszai-iskola.net\/wp\/wp-json\/wp\/v2\/media?parent=642"}],"wp:term":[{"taxonomy":"category","embeddable":true,"href":"http:\/\/jaszai-iskola.net\/wp\/wp-json\/wp\/v2\/categories?post=642"},{"taxonomy":"post_tag","embeddable":true,"href":"http:\/\/jaszai-iskola.net\/wp\/wp-json\/wp\/v2\/tags?post=642"}],"curies":[{"name":"wp","href":"https:\/\/api.w.org\/{rel}","templated":true}]}}