{"id":5283,"date":"2025-11-13T14:45:00","date_gmt":"2025-11-13T13:45:00","guid":{"rendered":"https:\/\/jaszai-iskola.net\/wp\/?p=5283"},"modified":"2025-11-17T14:58:15","modified_gmt":"2025-11-17T13:58:15","slug":"erasmus-nemzetkozi-tapasztalatok-es-nyelvfejlesztes-irorszagban","status":"publish","type":"post","link":"http:\/\/jaszai-iskola.net\/wp\/2025\/11\/13\/erasmus-nemzetkozi-tapasztalatok-es-nyelvfejlesztes-irorszagban\/","title":{"rendered":"Erasmus+: Nemzetk\u00f6zi tapasztalatok \u00e9s nyelvfejleszt\u00e9s \u00cdrorsz\u00e1gban"},"content":{"rendered":"\n<p>2025. okt\u00f3ber 13. \u00e9s 19. k\u00f6z\u00f6tt az Erasmus+ mobilit\u00e1si projekt keret\u00e9ben lehet\u0151s\u00e9g\u00fcnk ny\u00edlt Dublinba, \u00cdrorsz\u00e1g f\u0151v\u00e1ros\u00e1ba utazni. A kiutaz\u00e1s f\u0151 c\u00e9lja egy 30 \u00f3r\u00e1s, pedag\u00f3gusoknak \u00e9s k\u00f6zoktat\u00e1sban dolgoz\u00f3knak meghirdetett nyelvtanfolyamon (English Language Course &#8211; Elementary level) val\u00f3 r\u00e9szv\u00e9tel volt, ahol angol nyelvi k\u00e9szs\u00e9geinket \u00e9s kommunik\u00e1ci\u00f3nkat fejleszthett\u00fck.<\/p>\n\n\n\n<p>A k\u00e9pz\u00e9s sor\u00e1n innovat\u00edv m\u00f3dszerekkel haszn\u00e1ltuk az angol nyelvet, gyakoroltuk a nyelvtant, valamint a besz\u00e9d\u00e9rt\u00e9st. Kiemelt hangs\u00falyt fektettek a magabiztos sz\u00f3beli megnyilatkoz\u00e1sokra, a r\u00e9sztvev\u0151k terhel\u00e9se pedig igazodott a tud\u00e1sszintj\u00fckh\u00f6z. Az oktat\u00f3k magas szint\u0171 tud\u00e1st igyekeztek \u00e1tadni a kis l\u00e9tsz\u00e1m\u00fa csoportok sz\u00e1m\u00e1ra, ezzel is el\u0151seg\u00edtve a hat\u00e9kony tanul\u00e1st. A tanult m\u00f3dszertan k\u00f6nnyen \u00e1temelhet\u0151 az iskolai tan\u00f3r\u00e1k feladataiba.<\/p>\n\n\n\n<p>A csoport nemzetk\u00f6zi \u00f6sszet\u00e9tele miatt a kiejt\u00e9s eleinte neh\u00e9zs\u00e9get okozott, de a h\u00e9t el\u0151rehaladt\u00e1val a kommunik\u00e1ci\u00f3 egyre g\u00f6rd\u00fcl\u00e9kenyebb\u00e9 v\u00e1lt mindenki sz\u00e1m\u00e1ra. A nyelvgyakorl\u00e1s mellett szakmai eszmecser\u00e9kre is jutott id\u0151: hosszas besz\u00e9lget\u00e9sek sz\u00fclettek a k\u00fcl\u00f6nb\u00f6z\u0151 orsz\u00e1gok oktat\u00e1si helyzet\u00e9r\u0151l \u00e9s a tan\u00e1rok tapasztalatair\u00f3l.<\/p>\n\n\n\n<p>A k\u00e9pz\u00e9si h\u00e9t alatt az int\u00e9zm\u00e9ny \u00e1ltal szervezett kultur\u00e1lis programok sz\u00ednes\u00edtett\u00e9k a napjainkat. Idegenvezet\u0151 k\u00eds\u00e9ret\u00e9ben s\u00e9t\u00e1ltunk Dublin v\u00e1ros\u00e1ban, ismerkedve a helyi t\u00f6rt\u00e9nelemmel \u00e9s szok\u00e1sokkal. Vend\u00e9gl\u00e1t\u00f3ink j\u00f3volt\u00e1b\u00f3l r\u00e9szt vehett\u00fcnk egy \u00edr t\u00e1nch\u00e1zban, \u00e9s megtekinthett\u00fck a Nemzeti Gal\u00e9ri\u00e1t is.<\/p>\n\n\n\n<p>Az egyik legn\u00e9pszer\u0171bb k\u00f6z\u00f6ss\u00e9gi esem\u00e9ny a nemzetk\u00f6zi \u00e9lelmiszerv\u00e1s\u00e1r volt, ahol a nemzetek di\u00e1kjai mutathatt\u00e1k be haz\u00e1juk gasztron\u00f3mi\u00e1j\u00e1t. Dublinon k\u00edv\u00fcli l\u00e1tnival\u00f3kra is jutott id\u0151: egy eg\u00e9sz napos kir\u00e1ndul\u00e1son fedezt\u00fck fel Glendaloughot \u00e9s a Russborough-h\u00e1zat.<\/p>\n\n\n\n<p>A mobilit\u00e1s sor\u00e1n rendk\u00edv\u00fcl \u00e9rt\u00e9kes szem\u00e9lyes \u00e9s szakmai tapasztalatokkal gazdagodtunk, amelyek jelent\u0151sen fejlesztett\u00e9k pedag\u00f3giai kompetenci\u00e1inkat.<\/p>\n\n\n\n<p>Ez\u00faton is k\u00f6sz\u00f6nj\u00fck a lehet\u0151s\u00e9get!<\/p>\n\n\n\n<p>T\u00f3th L\u00e1szl\u00f3 \u00e9s Kacs\u00e1ndi Kriszti\u00e1n<\/p>\n\n\n\n<figure class=\"wp-block-gallery has-nested-images columns-default is-cropped wp-block-gallery-1 is-layout-flex wp-block-gallery-is-layout-flex\">\n<figure class=\"wp-block-image size-large\"><img loading=\"lazy\" decoding=\"async\" width=\"1024\" height=\"768\" data-attachment-id=\"5285\" data-permalink=\"http:\/\/jaszai-iskola.net\/wp\/2025\/11\/13\/erasmus-nemzetkozi-tapasztalatok-es-nyelvfejlesztes-irorszagban\/img_20251017_125612\/\" data-orig-file=\"http:\/\/jaszai-iskola.net\/wp\/wp-content\/uploads\/2025\/11\/IMG_20251017_125612.jpg\" data-orig-size=\"1225,919\" data-comments-opened=\"1\" data-image-meta=\"{&quot;aperture&quot;:&quot;0&quot;,&quot;credit&quot;:&quot;&quot;,&quot;camera&quot;:&quot;&quot;,&quot;caption&quot;:&quot;&quot;,&quot;created_timestamp&quot;:&quot;0&quot;,&quot;copyright&quot;:&quot;&quot;,&quot;focal_length&quot;:&quot;0&quot;,&quot;iso&quot;:&quot;0&quot;,&quot;shutter_speed&quot;:&quot;0&quot;,&quot;title&quot;:&quot;&quot;,&quot;orientation&quot;:&quot;0&quot;}\" data-image-title=\"IMG_20251017_125612\" data-image-description=\"\" data-image-caption=\"\" data-medium-file=\"http:\/\/jaszai-iskola.net\/wp\/wp-content\/uploads\/2025\/11\/IMG_20251017_125612-300x225.jpg\" data-large-file=\"http:\/\/jaszai-iskola.net\/wp\/wp-content\/uploads\/2025\/11\/IMG_20251017_125612-1024x768.jpg\" data-id=\"5285\" src=\"https:\/\/jaszai-iskola.net\/wp\/wp-content\/uploads\/2025\/11\/IMG_20251017_125612-1024x768.jpg\" alt=\"\" class=\"wp-image-5285\" srcset=\"http:\/\/jaszai-iskola.net\/wp\/wp-content\/uploads\/2025\/11\/IMG_20251017_125612-1024x768.jpg 1024w, http:\/\/jaszai-iskola.net\/wp\/wp-content\/uploads\/2025\/11\/IMG_20251017_125612-300x225.jpg 300w, http:\/\/jaszai-iskola.net\/wp\/wp-content\/uploads\/2025\/11\/IMG_20251017_125612-768x576.jpg 768w, http:\/\/jaszai-iskola.net\/wp\/wp-content\/uploads\/2025\/11\/IMG_20251017_125612.jpg 1225w\" sizes=\"auto, (max-width: 1024px) 100vw, 1024px\" \/><\/figure>\n\n\n\n<figure class=\"wp-block-image size-large\"><img loading=\"lazy\" decoding=\"async\" width=\"1024\" height=\"576\" data-attachment-id=\"5284\" data-permalink=\"http:\/\/jaszai-iskola.net\/wp\/2025\/11\/13\/erasmus-nemzetkozi-tapasztalatok-es-nyelvfejlesztes-irorszagban\/img-20251017-wa0021\/\" data-orig-file=\"http:\/\/jaszai-iskola.net\/wp\/wp-content\/uploads\/2025\/11\/IMG-20251017-WA0021.jpg\" data-orig-size=\"1600,900\" data-comments-opened=\"1\" data-image-meta=\"{&quot;aperture&quot;:&quot;0&quot;,&quot;credit&quot;:&quot;&quot;,&quot;camera&quot;:&quot;&quot;,&quot;caption&quot;:&quot;&quot;,&quot;created_timestamp&quot;:&quot;0&quot;,&quot;copyright&quot;:&quot;&quot;,&quot;focal_length&quot;:&quot;0&quot;,&quot;iso&quot;:&quot;0&quot;,&quot;shutter_speed&quot;:&quot;0&quot;,&quot;title&quot;:&quot;&quot;,&quot;orientation&quot;:&quot;0&quot;}\" data-image-title=\"IMG-20251017-WA0021\" data-image-description=\"\" data-image-caption=\"\" data-medium-file=\"http:\/\/jaszai-iskola.net\/wp\/wp-content\/uploads\/2025\/11\/IMG-20251017-WA0021-300x169.jpg\" data-large-file=\"http:\/\/jaszai-iskola.net\/wp\/wp-content\/uploads\/2025\/11\/IMG-20251017-WA0021-1024x576.jpg\" data-id=\"5284\" src=\"https:\/\/jaszai-iskola.net\/wp\/wp-content\/uploads\/2025\/11\/IMG-20251017-WA0021-1024x576.jpg\" alt=\"\" class=\"wp-image-5284\" srcset=\"http:\/\/jaszai-iskola.net\/wp\/wp-content\/uploads\/2025\/11\/IMG-20251017-WA0021-1024x576.jpg 1024w, http:\/\/jaszai-iskola.net\/wp\/wp-content\/uploads\/2025\/11\/IMG-20251017-WA0021-300x169.jpg 300w, http:\/\/jaszai-iskola.net\/wp\/wp-content\/uploads\/2025\/11\/IMG-20251017-WA0021-768x432.jpg 768w, http:\/\/jaszai-iskola.net\/wp\/wp-content\/uploads\/2025\/11\/IMG-20251017-WA0021-1536x864.jpg 1536w, http:\/\/jaszai-iskola.net\/wp\/wp-content\/uploads\/2025\/11\/IMG-20251017-WA0021.jpg 1600w\" sizes=\"auto, (max-width: 1024px) 100vw, 1024px\" \/><\/figure>\n<\/figure>\n","protected":false},"excerpt":{"rendered":"<p>2025. okt\u00f3ber 13. \u00e9s 19. k\u00f6z\u00f6tt az Erasmus+ mobilit\u00e1si projekt keret\u00e9ben lehet\u0151s\u00e9g\u00fcnk ny\u00edlt Dublinba, \u00cdrorsz\u00e1g f\u0151v\u00e1ros\u00e1ba utazni. A kiutaz\u00e1s f\u0151 c\u00e9lja egy 30 \u00f3r\u00e1s, pedag\u00f3gusoknak \u00e9s k\u00f6zoktat\u00e1sban dolgoz\u00f3knak meghirdetett nyelvtanfolyamon (English Language Course &#8211; Elementary level) val\u00f3 r\u00e9szv\u00e9tel volt, ahol angol nyelvi k\u00e9szs\u00e9geinket \u00e9s kommunik\u00e1ci\u00f3nkat fejleszthett\u00fck. A k\u00e9pz\u00e9s sor\u00e1n innovat\u00edv m\u00f3dszerekkel haszn\u00e1ltuk az angol nyelvet, [&hellip;]<\/p>\n","protected":false},"author":4,"featured_media":0,"comment_status":"open","ping_status":"open","sticky":false,"template":"","format":"standard","meta":{"ngg_post_thumbnail":0,"jetpack_post_was_ever_published":false,"_jetpack_newsletter_access":"","_jetpack_dont_email_post_to_subs":false,"_jetpack_newsletter_tier_id":0,"_jetpack_memberships_contains_paywalled_content":false,"_jetpack_memberships_contains_paid_content":false,"footnotes":"","jetpack_publicize_message":"","jetpack_publicize_feature_enabled":true,"jetpack_social_post_already_shared":true,"jetpack_social_options":{"image_generator_settings":{"template":"highway","default_image_id":0,"font":"","enabled":false},"version":2}},"categories":[13],"tags":[345],"class_list":["post-5283","post","type-post","status-publish","format-standard","hentry","category-hirek","tag-erasmus"],"jetpack_publicize_connections":[],"jetpack_featured_media_url":"","jetpack_sharing_enabled":true,"jetpack_shortlink":"https:\/\/wp.me\/p7WZAv-1nd","jetpack-related-posts":[],"jetpack_likes_enabled":true,"_links":{"self":[{"href":"http:\/\/jaszai-iskola.net\/wp\/wp-json\/wp\/v2\/posts\/5283","targetHints":{"allow":["GET"]}}],"collection":[{"href":"http:\/\/jaszai-iskola.net\/wp\/wp-json\/wp\/v2\/posts"}],"about":[{"href":"http:\/\/jaszai-iskola.net\/wp\/wp-json\/wp\/v2\/types\/post"}],"author":[{"embeddable":true,"href":"http:\/\/jaszai-iskola.net\/wp\/wp-json\/wp\/v2\/users\/4"}],"replies":[{"embeddable":true,"href":"http:\/\/jaszai-iskola.net\/wp\/wp-json\/wp\/v2\/comments?post=5283"}],"version-history":[{"count":1,"href":"http:\/\/jaszai-iskola.net\/wp\/wp-json\/wp\/v2\/posts\/5283\/revisions"}],"predecessor-version":[{"id":5286,"href":"http:\/\/jaszai-iskola.net\/wp\/wp-json\/wp\/v2\/posts\/5283\/revisions\/5286"}],"wp:attachment":[{"href":"http:\/\/jaszai-iskola.net\/wp\/wp-json\/wp\/v2\/media?parent=5283"}],"wp:term":[{"taxonomy":"category","embeddable":true,"href":"http:\/\/jaszai-iskola.net\/wp\/wp-json\/wp\/v2\/categories?post=5283"},{"taxonomy":"post_tag","embeddable":true,"href":"http:\/\/jaszai-iskola.net\/wp\/wp-json\/wp\/v2\/tags?post=5283"}],"curies":[{"name":"wp","href":"https:\/\/api.w.org\/{rel}","templated":true}]}}