{"id":502,"date":"2014-03-08T21:59:00","date_gmt":"2014-03-08T20:59:00","guid":{"rendered":"http:\/\/fdc29932-1d60-4526-b1d5-11be02132d0e"},"modified":"2016-09-30T19:25:17","modified_gmt":"2016-09-30T18:25:17","slug":"a-human-munkakozosseg-vezetojenek-kozlemenye","status":"publish","type":"post","link":"http:\/\/jaszai-iskola.net\/wp\/2014\/03\/08\/a-human-munkakozosseg-vezetojenek-kozlemenye\/","title":{"rendered":"A Hum\u00e1n Munkak\u00f6z\u00f6ss\u00e9g vezet\u0151j\u00e9nek k\u00f6zlem\u00e9nye"},"content":{"rendered":"<p>Tudom\u00e1somra jutott, hogy a Sz\u00fcl\u0151i K\u00f6z\u00f6ss\u00e9g 2014. m\u00e1rcius 4-i\u00e9rtekezlet\u00e9n felvet\u0151d\u00f6tt az a probl\u00e9ma, hogy a gyermekek nem kaptak kell\u0151 t\u00e1j\u00e9koztat\u00e1st \u00e9s seg\u00edts\u00e9get az iskolai, illetve v\u00e1rosi vers- \u00e9s pr\u00f3zamond\u00f3 versennyel kapcsolatosan. Erre reag\u00e1lva egy-k\u00e9t gondolatot szeretn\u00e9k megosztani \u00f6n\u00f6kkel.<\/p>\n<p>A tan\u00e9v elej\u00e9n az oszt\u00e1lyf\u0151n\u00f6k\u00f6k t\u00e1j\u00e9koztatt\u00e1k a tanul\u00f3kat \u00e9s a sz\u00fcl\u0151ket a hagyom\u00e1nyos iskolai programr\u00f3l.\u00a0 A t\u00e9li sz\u00fcnet el\u0151tt minden oszt\u00e1lyban elmondtam, hogy az id\u00e9n kor\u00e1bban rendezz\u00fck a versenyt, hogy a tov\u00e1bb jut\u00f3knak legyen idej\u00fck a v\u00e1rosi megm\u00e9rettet\u00e9sre felk\u00e9sz\u00fclni\u00fck. Elmondtam a gyermekeknek: keressenek a sz\u00fcnetben verset, vagy j\u00f6jjenek hozz\u00e1m seg\u00edts\u00e9g\u00e9rt!<\/p>\n<p>Janu\u00e1r k\u00f6zep\u00e9n ism\u00e9t figyelmeztettem \u0151ket, hogy k\u00e9sz\u00fcljenek \u00e9s keressenek meg, ak\u00e1r m\u00e9g korrepet\u00e1l\u00e1si id\u0151 alatt is.<\/p>\n<p>A verseny el\u0151tt k\u00e9t h\u00e9ttel bejelentettem, hogy k\u00e9rdezni fogom a verseket, ez\u00e9rt a sz\u00f6veget hozz\u00e1k minden nap magukkal. Az utols\u00f3 napokban minden jelentkez\u0151 tanul\u00f3t\u00f3l sz\u00e1mon is k\u00e9rtem a v\u00e1lasztott k\u00f6ltem\u00e9nyt.<\/p>\n<p>Sajn\u00e1lom, ha ezek ellen\u00e9re volt olyan sz\u00fcl\u0151 \u00e9s gyermek, aki \u00fagy \u00e9rezte, nem ford\u00edtottam el\u00e9g gondot az iskolai versenyre.<\/p>\n<p>K\u00e9rem \u00f6n\u00f6ket, ha probl\u00e9m\u00e1juk van, bizalommal forduljanak hozz\u00e1m!<\/p>\n<p>Boldog L\u00e1szl\u00f3n\u00e9<br \/>\na hum\u00e1n munkak\u00f6z\u00f6ss\u00e9g vezet\u0151je<\/p>\n","protected":false},"excerpt":{"rendered":"<p>Tudom\u00e1somra jutott, hogy a Sz\u00fcl\u0151i K\u00f6z\u00f6ss\u00e9g 2014. m\u00e1rcius 4-i\u00e9rtekezlet\u00e9n felvet\u0151d\u00f6tt az a probl\u00e9ma, hogy a gyermekek nem kaptak kell\u0151 t\u00e1j\u00e9koztat\u00e1st \u00e9s seg\u00edts\u00e9get az iskolai, illetve v\u00e1rosi vers- \u00e9s pr\u00f3zamond\u00f3 versennyel kapcsolatosan. Erre reag\u00e1lva egy-k\u00e9t gondolatot szeretn\u00e9k megosztani \u00f6n\u00f6kkel. A tan\u00e9v elej\u00e9n az oszt\u00e1lyf\u0151n\u00f6k\u00f6k t\u00e1j\u00e9koztatt\u00e1k a tanul\u00f3kat \u00e9s a sz\u00fcl\u0151ket a hagyom\u00e1nyos iskolai programr\u00f3l.\u00a0 A t\u00e9li [&hellip;]<\/p>\n","protected":false},"author":1,"featured_media":0,"comment_status":"open","ping_status":"open","sticky":false,"template":"","format":"standard","meta":{"ngg_post_thumbnail":0,"jetpack_post_was_ever_published":false,"_jetpack_newsletter_access":"","_jetpack_dont_email_post_to_subs":true,"_jetpack_newsletter_tier_id":0,"_jetpack_memberships_contains_paywalled_content":false,"_jetpack_memberships_contains_paid_content":false,"footnotes":"","jetpack_publicize_message":"","jetpack_publicize_feature_enabled":true,"jetpack_social_post_already_shared":true,"jetpack_social_options":{"image_generator_settings":{"template":"highway","default_image_id":0,"font":"","enabled":false},"version":2}},"categories":[13],"tags":[31],"class_list":["post-502","post","type-post","status-publish","format-standard","hentry","category-hirek","tag-tajekoztatas"],"jetpack_publicize_connections":[],"jetpack_featured_media_url":"","jetpack_sharing_enabled":true,"jetpack_shortlink":"https:\/\/wp.me\/p7WZAv-86","jetpack-related-posts":[],"jetpack_likes_enabled":true,"_links":{"self":[{"href":"http:\/\/jaszai-iskola.net\/wp\/wp-json\/wp\/v2\/posts\/502","targetHints":{"allow":["GET"]}}],"collection":[{"href":"http:\/\/jaszai-iskola.net\/wp\/wp-json\/wp\/v2\/posts"}],"about":[{"href":"http:\/\/jaszai-iskola.net\/wp\/wp-json\/wp\/v2\/types\/post"}],"author":[{"embeddable":true,"href":"http:\/\/jaszai-iskola.net\/wp\/wp-json\/wp\/v2\/users\/1"}],"replies":[{"embeddable":true,"href":"http:\/\/jaszai-iskola.net\/wp\/wp-json\/wp\/v2\/comments?post=502"}],"version-history":[{"count":0,"href":"http:\/\/jaszai-iskola.net\/wp\/wp-json\/wp\/v2\/posts\/502\/revisions"}],"wp:attachment":[{"href":"http:\/\/jaszai-iskola.net\/wp\/wp-json\/wp\/v2\/media?parent=502"}],"wp:term":[{"taxonomy":"category","embeddable":true,"href":"http:\/\/jaszai-iskola.net\/wp\/wp-json\/wp\/v2\/categories?post=502"},{"taxonomy":"post_tag","embeddable":true,"href":"http:\/\/jaszai-iskola.net\/wp\/wp-json\/wp\/v2\/tags?post=502"}],"curies":[{"name":"wp","href":"https:\/\/api.w.org\/{rel}","templated":true}]}}