{"id":487,"date":"2014-12-06T19:20:11","date_gmt":"2014-12-06T18:20:11","guid":{"rendered":"http:\/\/5fef3c21-df4a-41ea-ad3b-d432c0a41c09"},"modified":"2016-09-30T19:03:19","modified_gmt":"2016-09-30T18:03:19","slug":"ujabb-gyozelmet-arattunk","status":"publish","type":"post","link":"http:\/\/jaszai-iskola.net\/wp\/2014\/12\/06\/ujabb-gyozelmet-arattunk\/","title":{"rendered":"\u00dajabb gy\u0151zelmet arattunk!"},"content":{"rendered":"<p>Ez \u00e9vben is megrendezt\u00e9k a monori v\u00e1rosi iskol\u00e1k k\u00f6z\u00f6tti bibliaismereti vet\u00e9lked\u0151t. Az Ady Endre utcai \u00c1ltal\u00e1nos Iskol\u00e1ban november 28-\u00e1n lezajl\u00f3 vet\u00e9lked\u0151n \u00f6sszesen h\u00e9t csapat k\u00e9pviseltette mag\u00e1t.<br \/>\nA k\u00e9rd\u00e9seket ez\u00fattal Pasztern\u00e1k Tam\u00e1s katolikus pl\u00e9b\u00e1nos \u00far v\u00e1logatta \u00f6ssze, Husztyn\u00e9 Juh\u00e1sz M\u00e1rta magyar nyelv \u00e9s irodalom szakos tan\u00e1rn\u0151 seg\u00edts\u00e9g\u00e9vel.<br \/>\nA tavalyi v\u00e1ratlan siker jegy\u00e9ben nagy elsz\u00e1nts\u00e1ggal k\u00e9sz\u00fcltek tanul\u00f3ink az \u00faj megm\u00e9rettet\u00e9sre. Kitart\u00f3 munk\u00e1juknak nem maradt el az eredm\u00e9nye: \u00fajra els\u0151k lettek.<br \/>\nSiker\u00fck f\u00e9ny\u00e9t emeli, hogy tan\u00edtv\u00e1nyaink t\u00f6bbet tudtak a \u201eNagy k\u00f6nyvr\u0151l\u201d, mint a rendez\u0151, \u00f6kumenikus iskola, illetve a Monori J\u00f3zsef Attila Gimn\u00e1zium k\u00e9t-k\u00e9t csapata.<br \/>\nA gy\u0151ztes versenyz\u0151k:<br \/>\nG\u00e1sp\u00e1r Bogl\u00e1rka, Kuszenda Lili, L\u00e9n\u00e1rt \u00c9va,L\u00e9n\u00e1rt R\u00f3bert, Mester- Szab\u00f3 Eszter, Zolt\u00e1n Erika<br \/>\nFelk\u00e9sz\u00edt\u0151 tan\u00e1r: B\u00edr\u00f3 Zsuzsa<br \/>\nTeljes\u00edtm\u00e9ny\u00fckh\u00f6z gratul\u00e1lunk!<br \/>\nK\u00f6sz\u00f6nj\u00fck munk\u00e1jukat!<\/p>\n","protected":false},"excerpt":{"rendered":"<p>Ez \u00e9vben is megrendezt\u00e9k a monori v\u00e1rosi iskol\u00e1k k\u00f6z\u00f6tti bibliaismereti vet\u00e9lked\u0151t. Az Ady Endre utcai \u00c1ltal\u00e1nos Iskol\u00e1ban november 28-\u00e1n lezajl\u00f3 vet\u00e9lked\u0151n \u00f6sszesen h\u00e9t csapat k\u00e9pviseltette mag\u00e1t. A k\u00e9rd\u00e9seket ez\u00fattal Pasztern\u00e1k Tam\u00e1s katolikus pl\u00e9b\u00e1nos \u00far v\u00e1logatta \u00f6ssze, Husztyn\u00e9 Juh\u00e1sz M\u00e1rta magyar nyelv \u00e9s irodalom szakos tan\u00e1rn\u0151 seg\u00edts\u00e9g\u00e9vel. A tavalyi v\u00e1ratlan siker jegy\u00e9ben nagy elsz\u00e1nts\u00e1ggal k\u00e9sz\u00fcltek tanul\u00f3ink [&hellip;]<\/p>\n","protected":false},"author":1,"featured_media":0,"comment_status":"open","ping_status":"open","sticky":false,"template":"","format":"standard","meta":{"ngg_post_thumbnail":0,"jetpack_post_was_ever_published":false,"_jetpack_newsletter_access":"","_jetpack_dont_email_post_to_subs":true,"_jetpack_newsletter_tier_id":0,"_jetpack_memberships_contains_paywalled_content":false,"_jetpack_memberships_contains_paid_content":false,"footnotes":"","jetpack_publicize_message":"","jetpack_publicize_feature_enabled":true,"jetpack_social_post_already_shared":true,"jetpack_social_options":{"image_generator_settings":{"template":"highway","default_image_id":0,"font":"","enabled":false},"version":2}},"categories":[26],"tags":[46,48,35,47],"class_list":["post-487","post","type-post","status-publish","format-standard","hentry","category-eredmenyeink","tag-bibliaismeret","tag-monori-iskolak","tag-sikerek","tag-verseny"],"jetpack_publicize_connections":[],"jetpack_featured_media_url":"","jetpack_sharing_enabled":true,"jetpack_shortlink":"https:\/\/wp.me\/p7WZAv-7R","jetpack-related-posts":[],"jetpack_likes_enabled":true,"_links":{"self":[{"href":"http:\/\/jaszai-iskola.net\/wp\/wp-json\/wp\/v2\/posts\/487","targetHints":{"allow":["GET"]}}],"collection":[{"href":"http:\/\/jaszai-iskola.net\/wp\/wp-json\/wp\/v2\/posts"}],"about":[{"href":"http:\/\/jaszai-iskola.net\/wp\/wp-json\/wp\/v2\/types\/post"}],"author":[{"embeddable":true,"href":"http:\/\/jaszai-iskola.net\/wp\/wp-json\/wp\/v2\/users\/1"}],"replies":[{"embeddable":true,"href":"http:\/\/jaszai-iskola.net\/wp\/wp-json\/wp\/v2\/comments?post=487"}],"version-history":[{"count":0,"href":"http:\/\/jaszai-iskola.net\/wp\/wp-json\/wp\/v2\/posts\/487\/revisions"}],"wp:attachment":[{"href":"http:\/\/jaszai-iskola.net\/wp\/wp-json\/wp\/v2\/media?parent=487"}],"wp:term":[{"taxonomy":"category","embeddable":true,"href":"http:\/\/jaszai-iskola.net\/wp\/wp-json\/wp\/v2\/categories?post=487"},{"taxonomy":"post_tag","embeddable":true,"href":"http:\/\/jaszai-iskola.net\/wp\/wp-json\/wp\/v2\/tags?post=487"}],"curies":[{"name":"wp","href":"https:\/\/api.w.org\/{rel}","templated":true}]}}