{"id":4465,"date":"2024-11-27T11:52:29","date_gmt":"2024-11-27T10:52:29","guid":{"rendered":"http:\/\/jaszai-iskola.net\/wp\/?p=4465"},"modified":"2024-11-27T11:52:33","modified_gmt":"2024-11-27T10:52:33","slug":"krokusz-projekt-viraggal-az-eroszak-ellen","status":"publish","type":"post","link":"http:\/\/jaszai-iskola.net\/wp\/2024\/11\/27\/krokusz-projekt-viraggal-az-eroszak-ellen\/","title":{"rendered":"Kr\u00f3kusz Projekt- Vir\u00e1ggal az er\u0151szak ellen!"},"content":{"rendered":"<div class=\"wp-block-image\">\n<figure class=\"aligncenter size-full\"><img loading=\"lazy\" decoding=\"async\" width=\"310\" height=\"163\" data-attachment-id=\"4466\" data-permalink=\"http:\/\/jaszai-iskola.net\/wp\/2024\/11\/27\/krokusz-projekt-viraggal-az-eroszak-ellen\/kr1\/\" data-orig-file=\"http:\/\/jaszai-iskola.net\/wp\/wp-content\/uploads\/2024\/11\/kr1.jpg\" data-orig-size=\"310,163\" data-comments-opened=\"1\" data-image-meta=\"{&quot;aperture&quot;:&quot;0&quot;,&quot;credit&quot;:&quot;&quot;,&quot;camera&quot;:&quot;&quot;,&quot;caption&quot;:&quot;&quot;,&quot;created_timestamp&quot;:&quot;0&quot;,&quot;copyright&quot;:&quot;&quot;,&quot;focal_length&quot;:&quot;0&quot;,&quot;iso&quot;:&quot;0&quot;,&quot;shutter_speed&quot;:&quot;0&quot;,&quot;title&quot;:&quot;&quot;,&quot;orientation&quot;:&quot;0&quot;}\" data-image-title=\"kr1\" data-image-description=\"\" data-image-caption=\"\" data-medium-file=\"http:\/\/jaszai-iskola.net\/wp\/wp-content\/uploads\/2024\/11\/kr1-300x158.jpg\" data-large-file=\"http:\/\/jaszai-iskola.net\/wp\/wp-content\/uploads\/2024\/11\/kr1.jpg\" src=\"http:\/\/jaszai-iskola.net\/wp\/wp-content\/uploads\/2024\/11\/kr1.jpg\" alt=\"\" class=\"wp-image-4466\" srcset=\"http:\/\/jaszai-iskola.net\/wp\/wp-content\/uploads\/2024\/11\/kr1.jpg 310w, http:\/\/jaszai-iskola.net\/wp\/wp-content\/uploads\/2024\/11\/kr1-300x158.jpg 300w\" sizes=\"auto, (max-width: 310px) 100vw, 310px\" \/><\/figure>\n<\/div>\n\n\n<p><strong>Eur\u00f3pai oktat\u00e1si programhoz csatlakozott iskol\u00e1nk. A sikeresen m\u0171k\u00f6d\u0151, korszer\u0171 \u00e9s hat\u00e9kony t\u00f6rt\u00e9nelmi ismeret- \u00e9s szem\u00e9lyis\u00e9gfejleszt\u0151 programban 13 orsz\u00e1g t\u00f6bb sz\u00e1zezer fiatalja \u00e9s pedag\u00f3gusa vesz r\u00e9szt!<\/strong><\/p>\n\n\n\n<p>Iskol\u00e1nk id\u00e9n els\u0151 alkalommal csatlakozott a Szemben\u00e9z\u00e9s Alap\u00edtv\u00e1ny \u201cKr\u00f3kusz Projekt \u2013 Vir\u00e1ggal az er\u0151szak ellen\u201d projektj\u00e9hez, ami a Holocaust Education Ireland \u00e9s a Szemben\u00e9z\u00e9s Alap\u00edtv\u00e1ny projektje, az ELTE PPK Nevel\u00e9studom\u00e1nyi Int\u00e9zet \u00e9s a Magyarorsz\u00e1gi Reformpedag\u00f3giai Egyes\u00fclet t\u00e1mogat\u00e1s\u00e1val, az Eur\u00f3pai Uni\u00f3 t\u00e1rsfinansz\u00edroz\u00e1s\u00e1val val\u00f3sul meg.<\/p>\n\n\n\n<p><strong>A Monori J\u00e1szai Mari \u00c1ltal\u00e1nos Iskola<\/strong> a programhoz val\u00f3 csatlakoz\u00e1ssal eml\u00e9kezik az <strong>el\u0151\u00edt\u00e9letekkel kezd\u0151d\u0151<\/strong> n\u00e9pirt\u00e1sok sok milli\u00f3 \u2013 k\u00f6zt\u00fck a holokauszt 1,5 milli\u00f3 gyermek\u00e1ldozat\u00e1ra.<\/p>\n\n\n\n<p>Projektind\u00edt\u00f3 tev\u00e9kenys\u00e9g\u00fcnk: Iskol\u00e1nk 8. \u00e9vfolyamos tanul\u00f3i a <strong>kr\u00f3kusz vir\u00e1gok el\u00fcltet\u00e9s\u00e9vel<\/strong> eml\u00e9keztek az \u00e1ldozatokra. Eml\u00e9keztetnek az \u00e1ldozatokra! A Kr\u00f3kusz Projekt az el\u00fcltetett vir\u00e1gokr\u00f3l kapta a nev\u00e9t. A v\u00e9szkorszakban a zsid\u00f3k ruh\u00e1j\u00e1n k\u00f6telez\u0151en viselt csillagra eml\u00e9keztet\u0151 alakj\u00e1val \u00e9s s\u00e1rga sz\u00edn\u00e9vel az <strong>el\u0151\u00edt\u00e9letre, a kirekeszt\u00e9sre<\/strong> utal, a tavasz h\u00edrn\u00f6kek\u00e9nt a <strong>rem\u00e9ny, az elfogad\u00e1s, az \u00e9let<\/strong> szimb\u00f3luma.<\/p>\n\n\n\n<p>A Kr\u00f3kusz teh\u00e1t olyan projekt, amely nem csak m\u00e9lt\u00f3n eml\u00e9kezik- f\u0151k\u00e9nt a Holokauszt &nbsp;gyermek\u00e1ldozataira,- hanem a holnapra is tekint!\u2013 <strong>A programban a holnap lehet\u0151s\u00e9g\u00e9t l\u00e1tjuk.<\/strong><\/p>\n\n\n\n<p>Mun\u00edci\u00f3t&nbsp; szeretn\u00e9nk adni a fiataloknak ahhoz, hogy <strong>a j\u00f6v\u0151ben megel\u0151zz\u00fck a kirekeszt\u00e9st<\/strong>, int\u00e9zm\u00e9ny\u00fcnk sz\u0171kebb k\u00f6z\u00f6ss\u00e9g\u00e9ben \u00e9rdemben tegy\u00fcnk ellene! A projekt lehet\u0151s\u00e9get ad a fiataloknak arra, hogy k\u00f6nnyebben ismerj\u00e9k f\u00f6l a k\u00e1ros el\u0151\u00edt\u00e9leteket \u2013 ak\u00e1r saj\u00e1t magukban is \u2013, \u00e9s f\u00f6l tudjanak l\u00e9pni ellen\u00fck a maguk \u00e9s m\u00e1sok v\u00e9delm\u00e9ben. (el\u0151ad\u00e1sok, \u00f3rakeretbe \u00e1gyazott ismeretterjeszt\u00e9s- \u00e9lm\u00e9nypedag\u00f3giai m\u00f3dszerek, filmek, filmelemz\u00e9s, ki\u00e1ll\u00edt\u00e1s, \u00f6n\u00e1ll\u00f3 munk\u00e1k:t\u00e9mafeldolgoz\u00e1s\u2026)<\/p>\n\n\n\n<p><strong><em>Amikor pedig a vir\u00e1gok kiny\u00edlnak, azt hirdetik: egym\u00e1st tisztelve, el\u0151\u00edt\u00e9let n\u00e9lk\u00fcl \u00e9lni j\u00f3<\/em><\/strong><strong><em>!<\/em><\/strong><\/p>\n\n\n<div class=\"wp-block-image\">\n<figure class=\"aligncenter size-full\"><img loading=\"lazy\" decoding=\"async\" width=\"163\" height=\"147\" data-attachment-id=\"4490\" data-permalink=\"http:\/\/jaszai-iskola.net\/wp\/2024\/11\/27\/krokusz-projekt-viraggal-az-eroszak-ellen\/vir\/\" data-orig-file=\"http:\/\/jaszai-iskola.net\/wp\/wp-content\/uploads\/2024\/11\/vir.png\" data-orig-size=\"163,147\" data-comments-opened=\"1\" data-image-meta=\"{&quot;aperture&quot;:&quot;0&quot;,&quot;credit&quot;:&quot;&quot;,&quot;camera&quot;:&quot;&quot;,&quot;caption&quot;:&quot;&quot;,&quot;created_timestamp&quot;:&quot;0&quot;,&quot;copyright&quot;:&quot;&quot;,&quot;focal_length&quot;:&quot;0&quot;,&quot;iso&quot;:&quot;0&quot;,&quot;shutter_speed&quot;:&quot;0&quot;,&quot;title&quot;:&quot;&quot;,&quot;orientation&quot;:&quot;0&quot;}\" data-image-title=\"vir\" data-image-description=\"\" data-image-caption=\"\" data-medium-file=\"http:\/\/jaszai-iskola.net\/wp\/wp-content\/uploads\/2024\/11\/vir.png\" data-large-file=\"http:\/\/jaszai-iskola.net\/wp\/wp-content\/uploads\/2024\/11\/vir.png\" src=\"http:\/\/jaszai-iskola.net\/wp\/wp-content\/uploads\/2024\/11\/vir.png\" alt=\"\" class=\"wp-image-4490\"\/><\/figure>\n<\/div>\n\n\n<p>A projekt j\u00f3l illeszkedik az iskol\u00e1nkban m\u00e1r megalakult zaklat\u00e1s elleni, bullying programunkhoz!<\/p>\n\n\n\n<p>A NAT-hoz is illeszked\u0151 kezdem\u00e9nyez\u00e9s az \u00e9lm\u00e9nypedag\u00f3gia eszk\u00f6zeit alkalmazza, a r\u00e9sztvev\u0151 di\u00e1kok bevon\u00e1s\u00e1ra \u00e9s \u00f6n\u00e1ll\u00f3 cselekv\u00e9sre inspir\u00e1lja \u0151ket. N\u00f6veli t\u00f6rt\u00e9nelmi tud\u00e1sukat \u00e9s \u00e9rz\u00e9kenys\u00e9g\u00fcket, nyitotts\u00e1gukat; alkalmazkod\u00f3bb\u00e1, elfogad\u00f3bb\u00e1 teszi \u0151ket m\u00e1sok, \u00e9s \u00f6nmaguk ir\u00e1nt is.<\/p>\n\n\n\n<p>A r\u00e9sztvev\u0151 int\u00e9zm\u00e9nyekkel, szervezetekkel k\u00f6z\u00f6sen szeretn\u00e9nk hozz\u00e1j\u00e1rulni ahhoz, hogy a fiatalok meg\u00e9rts\u00e9k az ok- okozati \u00f6sszef\u00fcgg\u00e9seket. Szeretn\u00e9nk, ha egy\u00fcttm\u0171k\u00f6d\u00e9s\u00fcnk hozz\u00e1j\u00e1rulna ahhoz, hogy a r\u00e9sztvev\u0151k felfedezz\u00e9k \u00e9s \u00e9rtelmezni tudj\u00e1k a t\u00f6rt\u00e9nelem \u00e9s saj\u00e1t \u00e9let\u00fck k\u00f6z\u00f6tti kapcsolatot, tov\u00e1bb\u00e1, ha ez a felismer\u00e9s akt\u00edv cselekv\u00e9sre k\u00e9sztetn\u00e9 \u0151ket. Szeretn\u00e9nk, ha olyan ismeretekre tenn\u00e9nek szert, amely seg\u00edt sz\u00e1mukra felismerni az el\u0151\u00edt\u00e9leteket (saj\u00e1t magukban is) \u00e9s seg\u00edt fell\u00e9pni ellene saj\u00e1t maguk \u00e9s t\u00e1rsaik v\u00e9delm\u00e9ben. Az \u00e1ldozatok el\u0151tti f\u0151hajt\u00e1s abban \u00e1ll, hogy n\u0151 annak es\u00e9lye, hogy a r\u00e9sztvev\u0151k ne jussanak az egykori kort\u00e1rsaik sors\u00e1ra, \u00e9s ne v\u00e1ljanak potenci\u00e1lis elk\u00f6vet\u0151v\u00e9 sem. A mai fiatalok soha ne v\u00e1ljanak az el\u0151\u00edt\u00e9let \u00e1ldozataiv\u00e1, ne legyenek kirekesztettek, \u00fcld\u00f6z\u00f6ttek!<\/p>\n\n\n\n<p>K\u00e9sz\u00fcl\u00fcnk janu\u00e1rra, a holokauszt nemzetk\u00f6zi eml\u00e9knapra, \u00e9s az \u00e1prilisi magyarorsz\u00e1gi \u00e1ldozatok eml\u00e9knapj\u00e1ra:<\/p>\n\n\n\n<div class=\"wp-block-group\"><div class=\"wp-block-group__inner-container is-layout-constrained wp-block-group-is-layout-constrained\">\n<p>&#8211;\u00a0Okt\u00f3berben jelentkezt\u00fcnk a Szemben\u00e9z\u00e9s Alap\u00edtv\u00e1ny \u201cKr\u00f3kusz Projekt \u2013 Vir\u00e1ggal az er\u0151szak ellen\u201d projektj\u00e9hez.<\/p>\n\n\n\n<p>&#8211;\u00a0November elej\u00e9n int\u00e9zm\u00e9ny\u00fcnk, mint minden p\u00e1ly\u00e1z\u00f3 iskola, megkapta a kr\u00f3kusz vir\u00e1ghagym\u00e1kat.<\/p>\n\n\n\n<p>&#8211;\u00a0November 14-\u00e9n k\u00f6z\u00f6s vir\u00e1g\u00fcltet\u00e9st szervezt\u00fcnk a nyolcadikos \u00e9vfolyam di\u00e1kjaival. A hagym\u00e1kat az iskola udvar\u00e1n \u00fcltett\u00fck el k\u00f6z\u00f6sen.<\/p>\n\n\n\n<p>&#8211;\u00a0\u00a0November 14-\u00e9n: A vir\u00e1ghagym\u00e1k \u00fcltet\u00e9se ut\u00e1n a Kr\u00f3kusz projektr\u0151l el\u0151ad\u00e1st tartottunk a 8. \u00e9vfolyamos di\u00e1koknak. F\u0151 t\u00e9ma: EL\u0150IT\u00c9LET. KIREKESZT\u00c9S napjainkban.<\/p>\n\n\n\n<p>&#8211;<strong>Tov\u00e1bbi \u00a0int\u00e9zm\u00e9nyi project programokr\u00f3l<\/strong>, tev\u00e9kenys\u00e9gekr\u0151l, \u00a0&#8211; melyben a 8. \u00e9vfolyamos tanul\u00f3k produkt\u00edvan r\u00e9szt vesznek &#8211; <strong>rendszeresen t\u00e1j\u00e9koztat\u00e1st adunk<\/strong>. Legk\u00f6zelebb a holokauszt nemzetk\u00f6zi eml\u00e9knapj\u00e1n, janu\u00e1r 27-\u00e9n.<\/p>\n<\/div><\/div>\n\n\n\n<p><strong>HOGY NE CSAK EML\u00c9KEZZ\u00dcNK, HANEM TANULJUNK IS A M\u00daLT HIB\u00c1IB\u00d3L!<\/strong><\/p>\n\n\n\n<figure class=\"wp-block-image size-large\"><img loading=\"lazy\" decoding=\"async\" width=\"1024\" height=\"576\" data-attachment-id=\"4467\" data-permalink=\"http:\/\/jaszai-iskola.net\/wp\/2024\/11\/27\/krokusz-projekt-viraggal-az-eroszak-ellen\/kr2\/\" data-orig-file=\"http:\/\/jaszai-iskola.net\/wp\/wp-content\/uploads\/2024\/11\/kr2.jpg\" data-orig-size=\"1347,758\" data-comments-opened=\"1\" data-image-meta=\"{&quot;aperture&quot;:&quot;0&quot;,&quot;credit&quot;:&quot;&quot;,&quot;camera&quot;:&quot;&quot;,&quot;caption&quot;:&quot;&quot;,&quot;created_timestamp&quot;:&quot;0&quot;,&quot;copyright&quot;:&quot;&quot;,&quot;focal_length&quot;:&quot;0&quot;,&quot;iso&quot;:&quot;0&quot;,&quot;shutter_speed&quot;:&quot;0&quot;,&quot;title&quot;:&quot;&quot;,&quot;orientation&quot;:&quot;0&quot;}\" data-image-title=\"kr2\" data-image-description=\"\" data-image-caption=\"\" data-medium-file=\"http:\/\/jaszai-iskola.net\/wp\/wp-content\/uploads\/2024\/11\/kr2-300x169.jpg\" data-large-file=\"http:\/\/jaszai-iskola.net\/wp\/wp-content\/uploads\/2024\/11\/kr2-1024x576.jpg\" src=\"http:\/\/jaszai-iskola.net\/wp\/wp-content\/uploads\/2024\/11\/kr2-1024x576.jpg\" alt=\"\" class=\"wp-image-4467\" srcset=\"http:\/\/jaszai-iskola.net\/wp\/wp-content\/uploads\/2024\/11\/kr2-1024x576.jpg 1024w, http:\/\/jaszai-iskola.net\/wp\/wp-content\/uploads\/2024\/11\/kr2-300x169.jpg 300w, http:\/\/jaszai-iskola.net\/wp\/wp-content\/uploads\/2024\/11\/kr2-768x432.jpg 768w, http:\/\/jaszai-iskola.net\/wp\/wp-content\/uploads\/2024\/11\/kr2.jpg 1347w\" sizes=\"auto, (max-width: 1024px) 100vw, 1024px\" \/><\/figure>\n\n\n\n<p>Vir\u00e1g\u00fcltet\u00e9s:<\/p>\n\n\n\n<figure class=\"wp-block-gallery has-nested-images columns-default is-cropped wp-block-gallery-1 is-layout-flex wp-block-gallery-is-layout-flex\">\n<figure class=\"wp-block-image size-large\"><img loading=\"lazy\" decoding=\"async\" width=\"1024\" height=\"576\" data-attachment-id=\"4481\" data-permalink=\"http:\/\/jaszai-iskola.net\/wp\/2024\/11\/27\/krokusz-projekt-viraggal-az-eroszak-ellen\/kr14-2\/\" data-orig-file=\"http:\/\/jaszai-iskola.net\/wp\/wp-content\/uploads\/2024\/11\/kr14-1.png\" data-orig-size=\"1058,595\" data-comments-opened=\"1\" data-image-meta=\"{&quot;aperture&quot;:&quot;0&quot;,&quot;credit&quot;:&quot;&quot;,&quot;camera&quot;:&quot;&quot;,&quot;caption&quot;:&quot;&quot;,&quot;created_timestamp&quot;:&quot;0&quot;,&quot;copyright&quot;:&quot;&quot;,&quot;focal_length&quot;:&quot;0&quot;,&quot;iso&quot;:&quot;0&quot;,&quot;shutter_speed&quot;:&quot;0&quot;,&quot;title&quot;:&quot;&quot;,&quot;orientation&quot;:&quot;0&quot;}\" data-image-title=\"kr14\" data-image-description=\"\" data-image-caption=\"\" data-medium-file=\"http:\/\/jaszai-iskola.net\/wp\/wp-content\/uploads\/2024\/11\/kr14-1-300x169.png\" data-large-file=\"http:\/\/jaszai-iskola.net\/wp\/wp-content\/uploads\/2024\/11\/kr14-1-1024x576.png\" data-id=\"4481\" src=\"http:\/\/jaszai-iskola.net\/wp\/wp-content\/uploads\/2024\/11\/kr14-1-1024x576.png\" alt=\"\" class=\"wp-image-4481\" srcset=\"http:\/\/jaszai-iskola.net\/wp\/wp-content\/uploads\/2024\/11\/kr14-1-1024x576.png 1024w, http:\/\/jaszai-iskola.net\/wp\/wp-content\/uploads\/2024\/11\/kr14-1-300x169.png 300w, http:\/\/jaszai-iskola.net\/wp\/wp-content\/uploads\/2024\/11\/kr14-1-768x432.png 768w, http:\/\/jaszai-iskola.net\/wp\/wp-content\/uploads\/2024\/11\/kr14-1.png 1058w\" sizes=\"auto, (max-width: 1024px) 100vw, 1024px\" \/><\/figure>\n\n\n\n<figure class=\"wp-block-image size-full\"><img loading=\"lazy\" decoding=\"async\" width=\"575\" height=\"313\" data-attachment-id=\"4489\" data-permalink=\"http:\/\/jaszai-iskola.net\/wp\/2024\/11\/27\/krokusz-projekt-viraggal-az-eroszak-ellen\/krok\/\" data-orig-file=\"http:\/\/jaszai-iskola.net\/wp\/wp-content\/uploads\/2024\/11\/krok.png\" data-orig-size=\"575,313\" data-comments-opened=\"1\" data-image-meta=\"{&quot;aperture&quot;:&quot;0&quot;,&quot;credit&quot;:&quot;&quot;,&quot;camera&quot;:&quot;&quot;,&quot;caption&quot;:&quot;&quot;,&quot;created_timestamp&quot;:&quot;0&quot;,&quot;copyright&quot;:&quot;&quot;,&quot;focal_length&quot;:&quot;0&quot;,&quot;iso&quot;:&quot;0&quot;,&quot;shutter_speed&quot;:&quot;0&quot;,&quot;title&quot;:&quot;&quot;,&quot;orientation&quot;:&quot;0&quot;}\" data-image-title=\"krok\" data-image-description=\"\" data-image-caption=\"\" data-medium-file=\"http:\/\/jaszai-iskola.net\/wp\/wp-content\/uploads\/2024\/11\/krok-300x163.png\" data-large-file=\"http:\/\/jaszai-iskola.net\/wp\/wp-content\/uploads\/2024\/11\/krok.png\" data-id=\"4489\" src=\"http:\/\/jaszai-iskola.net\/wp\/wp-content\/uploads\/2024\/11\/krok.png\" alt=\"\" class=\"wp-image-4489\" srcset=\"http:\/\/jaszai-iskola.net\/wp\/wp-content\/uploads\/2024\/11\/krok.png 575w, http:\/\/jaszai-iskola.net\/wp\/wp-content\/uploads\/2024\/11\/krok-300x163.png 300w\" sizes=\"auto, (max-width: 575px) 100vw, 575px\" \/><\/figure>\n\n\n\n<figure class=\"wp-block-image size-large\"><img loading=\"lazy\" decoding=\"async\" width=\"1024\" height=\"576\" data-attachment-id=\"4484\" data-permalink=\"http:\/\/jaszai-iskola.net\/wp\/2024\/11\/27\/krokusz-projekt-viraggal-az-eroszak-ellen\/kr12-2\/\" data-orig-file=\"http:\/\/jaszai-iskola.net\/wp\/wp-content\/uploads\/2024\/11\/kr12-1.png\" data-orig-size=\"1063,598\" data-comments-opened=\"1\" data-image-meta=\"{&quot;aperture&quot;:&quot;0&quot;,&quot;credit&quot;:&quot;&quot;,&quot;camera&quot;:&quot;&quot;,&quot;caption&quot;:&quot;&quot;,&quot;created_timestamp&quot;:&quot;0&quot;,&quot;copyright&quot;:&quot;&quot;,&quot;focal_length&quot;:&quot;0&quot;,&quot;iso&quot;:&quot;0&quot;,&quot;shutter_speed&quot;:&quot;0&quot;,&quot;title&quot;:&quot;&quot;,&quot;orientation&quot;:&quot;0&quot;}\" data-image-title=\"kr12\" data-image-description=\"\" data-image-caption=\"\" data-medium-file=\"http:\/\/jaszai-iskola.net\/wp\/wp-content\/uploads\/2024\/11\/kr12-1-300x169.png\" data-large-file=\"http:\/\/jaszai-iskola.net\/wp\/wp-content\/uploads\/2024\/11\/kr12-1-1024x576.png\" data-id=\"4484\" src=\"http:\/\/jaszai-iskola.net\/wp\/wp-content\/uploads\/2024\/11\/kr12-1-1024x576.png\" alt=\"\" class=\"wp-image-4484\" srcset=\"http:\/\/jaszai-iskola.net\/wp\/wp-content\/uploads\/2024\/11\/kr12-1-1024x576.png 1024w, http:\/\/jaszai-iskola.net\/wp\/wp-content\/uploads\/2024\/11\/kr12-1-300x169.png 300w, http:\/\/jaszai-iskola.net\/wp\/wp-content\/uploads\/2024\/11\/kr12-1-768x432.png 768w, http:\/\/jaszai-iskola.net\/wp\/wp-content\/uploads\/2024\/11\/kr12-1.png 1063w\" sizes=\"auto, (max-width: 1024px) 100vw, 1024px\" \/><\/figure>\n\n\n\n<figure class=\"wp-block-image size-large\"><img loading=\"lazy\" decoding=\"async\" width=\"852\" height=\"479\" data-attachment-id=\"4482\" data-permalink=\"http:\/\/jaszai-iskola.net\/wp\/2024\/11\/27\/krokusz-projekt-viraggal-az-eroszak-ellen\/kr11-2\/\" data-orig-file=\"http:\/\/jaszai-iskola.net\/wp\/wp-content\/uploads\/2024\/11\/kr11-1.png\" data-orig-size=\"852,479\" data-comments-opened=\"1\" data-image-meta=\"{&quot;aperture&quot;:&quot;0&quot;,&quot;credit&quot;:&quot;&quot;,&quot;camera&quot;:&quot;&quot;,&quot;caption&quot;:&quot;&quot;,&quot;created_timestamp&quot;:&quot;0&quot;,&quot;copyright&quot;:&quot;&quot;,&quot;focal_length&quot;:&quot;0&quot;,&quot;iso&quot;:&quot;0&quot;,&quot;shutter_speed&quot;:&quot;0&quot;,&quot;title&quot;:&quot;&quot;,&quot;orientation&quot;:&quot;0&quot;}\" data-image-title=\"kr11\" data-image-description=\"\" data-image-caption=\"\" data-medium-file=\"http:\/\/jaszai-iskola.net\/wp\/wp-content\/uploads\/2024\/11\/kr11-1-300x169.png\" data-large-file=\"http:\/\/jaszai-iskola.net\/wp\/wp-content\/uploads\/2024\/11\/kr11-1.png\" data-id=\"4482\" src=\"http:\/\/jaszai-iskola.net\/wp\/wp-content\/uploads\/2024\/11\/kr11-1.png\" alt=\"\" class=\"wp-image-4482\" srcset=\"http:\/\/jaszai-iskola.net\/wp\/wp-content\/uploads\/2024\/11\/kr11-1.png 852w, http:\/\/jaszai-iskola.net\/wp\/wp-content\/uploads\/2024\/11\/kr11-1-300x169.png 300w, http:\/\/jaszai-iskola.net\/wp\/wp-content\/uploads\/2024\/11\/kr11-1-768x432.png 768w\" sizes=\"auto, (max-width: 852px) 100vw, 852px\" \/><\/figure>\n\n\n\n<figure class=\"wp-block-image size-large\"><img loading=\"lazy\" decoding=\"async\" width=\"894\" height=\"503\" data-attachment-id=\"4483\" data-permalink=\"http:\/\/jaszai-iskola.net\/wp\/2024\/11\/27\/krokusz-projekt-viraggal-az-eroszak-ellen\/kr10-2\/\" data-orig-file=\"http:\/\/jaszai-iskola.net\/wp\/wp-content\/uploads\/2024\/11\/kr10-1.png\" data-orig-size=\"894,503\" data-comments-opened=\"1\" data-image-meta=\"{&quot;aperture&quot;:&quot;0&quot;,&quot;credit&quot;:&quot;&quot;,&quot;camera&quot;:&quot;&quot;,&quot;caption&quot;:&quot;&quot;,&quot;created_timestamp&quot;:&quot;0&quot;,&quot;copyright&quot;:&quot;&quot;,&quot;focal_length&quot;:&quot;0&quot;,&quot;iso&quot;:&quot;0&quot;,&quot;shutter_speed&quot;:&quot;0&quot;,&quot;title&quot;:&quot;&quot;,&quot;orientation&quot;:&quot;0&quot;}\" data-image-title=\"kr10\" data-image-description=\"\" data-image-caption=\"\" data-medium-file=\"http:\/\/jaszai-iskola.net\/wp\/wp-content\/uploads\/2024\/11\/kr10-1-300x169.png\" data-large-file=\"http:\/\/jaszai-iskola.net\/wp\/wp-content\/uploads\/2024\/11\/kr10-1.png\" data-id=\"4483\" src=\"http:\/\/jaszai-iskola.net\/wp\/wp-content\/uploads\/2024\/11\/kr10-1.png\" alt=\"\" class=\"wp-image-4483\" srcset=\"http:\/\/jaszai-iskola.net\/wp\/wp-content\/uploads\/2024\/11\/kr10-1.png 894w, http:\/\/jaszai-iskola.net\/wp\/wp-content\/uploads\/2024\/11\/kr10-1-300x169.png 300w, http:\/\/jaszai-iskola.net\/wp\/wp-content\/uploads\/2024\/11\/kr10-1-768x432.png 768w\" sizes=\"auto, (max-width: 894px) 100vw, 894px\" \/><\/figure>\n\n\n\n<figure class=\"wp-block-image size-large\"><img loading=\"lazy\" decoding=\"async\" width=\"299\" height=\"531\" data-attachment-id=\"4479\" data-permalink=\"http:\/\/jaszai-iskola.net\/wp\/2024\/11\/27\/krokusz-projekt-viraggal-az-eroszak-ellen\/kr9-2\/\" data-orig-file=\"http:\/\/jaszai-iskola.net\/wp\/wp-content\/uploads\/2024\/11\/kr9-1.png\" data-orig-size=\"299,531\" data-comments-opened=\"1\" data-image-meta=\"{&quot;aperture&quot;:&quot;0&quot;,&quot;credit&quot;:&quot;&quot;,&quot;camera&quot;:&quot;&quot;,&quot;caption&quot;:&quot;&quot;,&quot;created_timestamp&quot;:&quot;0&quot;,&quot;copyright&quot;:&quot;&quot;,&quot;focal_length&quot;:&quot;0&quot;,&quot;iso&quot;:&quot;0&quot;,&quot;shutter_speed&quot;:&quot;0&quot;,&quot;title&quot;:&quot;&quot;,&quot;orientation&quot;:&quot;0&quot;}\" data-image-title=\"kr9\" data-image-description=\"\" data-image-caption=\"\" data-medium-file=\"http:\/\/jaszai-iskola.net\/wp\/wp-content\/uploads\/2024\/11\/kr9-1-169x300.png\" data-large-file=\"http:\/\/jaszai-iskola.net\/wp\/wp-content\/uploads\/2024\/11\/kr9-1.png\" data-id=\"4479\" src=\"http:\/\/jaszai-iskola.net\/wp\/wp-content\/uploads\/2024\/11\/kr9-1.png\" alt=\"\" class=\"wp-image-4479\" srcset=\"http:\/\/jaszai-iskola.net\/wp\/wp-content\/uploads\/2024\/11\/kr9-1.png 299w, http:\/\/jaszai-iskola.net\/wp\/wp-content\/uploads\/2024\/11\/kr9-1-169x300.png 169w\" sizes=\"auto, (max-width: 299px) 100vw, 299px\" \/><\/figure>\n\n\n\n<figure class=\"wp-block-image size-large\"><img loading=\"lazy\" decoding=\"async\" width=\"422\" height=\"751\" data-attachment-id=\"4486\" data-permalink=\"http:\/\/jaszai-iskola.net\/wp\/2024\/11\/27\/krokusz-projekt-viraggal-az-eroszak-ellen\/kr6-2\/\" data-orig-file=\"http:\/\/jaszai-iskola.net\/wp\/wp-content\/uploads\/2024\/11\/kr6-1.png\" data-orig-size=\"422,751\" data-comments-opened=\"1\" data-image-meta=\"{&quot;aperture&quot;:&quot;0&quot;,&quot;credit&quot;:&quot;&quot;,&quot;camera&quot;:&quot;&quot;,&quot;caption&quot;:&quot;&quot;,&quot;created_timestamp&quot;:&quot;0&quot;,&quot;copyright&quot;:&quot;&quot;,&quot;focal_length&quot;:&quot;0&quot;,&quot;iso&quot;:&quot;0&quot;,&quot;shutter_speed&quot;:&quot;0&quot;,&quot;title&quot;:&quot;&quot;,&quot;orientation&quot;:&quot;0&quot;}\" data-image-title=\"kr6\" data-image-description=\"\" data-image-caption=\"\" data-medium-file=\"http:\/\/jaszai-iskola.net\/wp\/wp-content\/uploads\/2024\/11\/kr6-1-169x300.png\" data-large-file=\"http:\/\/jaszai-iskola.net\/wp\/wp-content\/uploads\/2024\/11\/kr6-1.png\" data-id=\"4486\" src=\"http:\/\/jaszai-iskola.net\/wp\/wp-content\/uploads\/2024\/11\/kr6-1.png\" alt=\"\" class=\"wp-image-4486\" srcset=\"http:\/\/jaszai-iskola.net\/wp\/wp-content\/uploads\/2024\/11\/kr6-1.png 422w, http:\/\/jaszai-iskola.net\/wp\/wp-content\/uploads\/2024\/11\/kr6-1-169x300.png 169w\" sizes=\"auto, (max-width: 422px) 100vw, 422px\" \/><\/figure>\n\n\n\n<figure class=\"wp-block-image size-large\"><img loading=\"lazy\" decoding=\"async\" width=\"400\" height=\"711\" data-attachment-id=\"4488\" data-permalink=\"http:\/\/jaszai-iskola.net\/wp\/2024\/11\/27\/krokusz-projekt-viraggal-az-eroszak-ellen\/kr3\/\" data-orig-file=\"http:\/\/jaszai-iskola.net\/wp\/wp-content\/uploads\/2024\/11\/kr3.png\" data-orig-size=\"400,711\" data-comments-opened=\"1\" data-image-meta=\"{&quot;aperture&quot;:&quot;0&quot;,&quot;credit&quot;:&quot;&quot;,&quot;camera&quot;:&quot;&quot;,&quot;caption&quot;:&quot;&quot;,&quot;created_timestamp&quot;:&quot;0&quot;,&quot;copyright&quot;:&quot;&quot;,&quot;focal_length&quot;:&quot;0&quot;,&quot;iso&quot;:&quot;0&quot;,&quot;shutter_speed&quot;:&quot;0&quot;,&quot;title&quot;:&quot;&quot;,&quot;orientation&quot;:&quot;0&quot;}\" data-image-title=\"kr3\" data-image-description=\"\" data-image-caption=\"\" data-medium-file=\"http:\/\/jaszai-iskola.net\/wp\/wp-content\/uploads\/2024\/11\/kr3-169x300.png\" data-large-file=\"http:\/\/jaszai-iskola.net\/wp\/wp-content\/uploads\/2024\/11\/kr3.png\" data-id=\"4488\" src=\"http:\/\/jaszai-iskola.net\/wp\/wp-content\/uploads\/2024\/11\/kr3.png\" alt=\"\" class=\"wp-image-4488\" srcset=\"http:\/\/jaszai-iskola.net\/wp\/wp-content\/uploads\/2024\/11\/kr3.png 400w, http:\/\/jaszai-iskola.net\/wp\/wp-content\/uploads\/2024\/11\/kr3-169x300.png 169w\" sizes=\"auto, (max-width: 400px) 100vw, 400px\" \/><\/figure>\n\n\n\n<figure class=\"wp-block-image size-large\"><img loading=\"lazy\" decoding=\"async\" width=\"287\" height=\"439\" data-attachment-id=\"4487\" data-permalink=\"http:\/\/jaszai-iskola.net\/wp\/2024\/11\/27\/krokusz-projekt-viraggal-az-eroszak-ellen\/kr5-2\/\" data-orig-file=\"http:\/\/jaszai-iskola.net\/wp\/wp-content\/uploads\/2024\/11\/kr5-1.png\" data-orig-size=\"287,439\" data-comments-opened=\"1\" data-image-meta=\"{&quot;aperture&quot;:&quot;0&quot;,&quot;credit&quot;:&quot;&quot;,&quot;camera&quot;:&quot;&quot;,&quot;caption&quot;:&quot;&quot;,&quot;created_timestamp&quot;:&quot;0&quot;,&quot;copyright&quot;:&quot;&quot;,&quot;focal_length&quot;:&quot;0&quot;,&quot;iso&quot;:&quot;0&quot;,&quot;shutter_speed&quot;:&quot;0&quot;,&quot;title&quot;:&quot;&quot;,&quot;orientation&quot;:&quot;0&quot;}\" data-image-title=\"kr5\" data-image-description=\"\" data-image-caption=\"\" data-medium-file=\"http:\/\/jaszai-iskola.net\/wp\/wp-content\/uploads\/2024\/11\/kr5-1-196x300.png\" data-large-file=\"http:\/\/jaszai-iskola.net\/wp\/wp-content\/uploads\/2024\/11\/kr5-1.png\" data-id=\"4487\" src=\"http:\/\/jaszai-iskola.net\/wp\/wp-content\/uploads\/2024\/11\/kr5-1.png\" alt=\"\" class=\"wp-image-4487\" srcset=\"http:\/\/jaszai-iskola.net\/wp\/wp-content\/uploads\/2024\/11\/kr5-1.png 287w, http:\/\/jaszai-iskola.net\/wp\/wp-content\/uploads\/2024\/11\/kr5-1-196x300.png 196w\" sizes=\"auto, (max-width: 287px) 100vw, 287px\" \/><\/figure>\n\n\n\n<figure class=\"wp-block-image size-large\"><img loading=\"lazy\" decoding=\"async\" width=\"877\" height=\"493\" data-attachment-id=\"4485\" data-permalink=\"http:\/\/jaszai-iskola.net\/wp\/2024\/11\/27\/krokusz-projekt-viraggal-az-eroszak-ellen\/kr7-2\/\" data-orig-file=\"http:\/\/jaszai-iskola.net\/wp\/wp-content\/uploads\/2024\/11\/kr7-1.png\" data-orig-size=\"877,493\" data-comments-opened=\"1\" data-image-meta=\"{&quot;aperture&quot;:&quot;0&quot;,&quot;credit&quot;:&quot;&quot;,&quot;camera&quot;:&quot;&quot;,&quot;caption&quot;:&quot;&quot;,&quot;created_timestamp&quot;:&quot;0&quot;,&quot;copyright&quot;:&quot;&quot;,&quot;focal_length&quot;:&quot;0&quot;,&quot;iso&quot;:&quot;0&quot;,&quot;shutter_speed&quot;:&quot;0&quot;,&quot;title&quot;:&quot;&quot;,&quot;orientation&quot;:&quot;0&quot;}\" data-image-title=\"kr7\" data-image-description=\"\" data-image-caption=\"\" data-medium-file=\"http:\/\/jaszai-iskola.net\/wp\/wp-content\/uploads\/2024\/11\/kr7-1-300x169.png\" data-large-file=\"http:\/\/jaszai-iskola.net\/wp\/wp-content\/uploads\/2024\/11\/kr7-1.png\" data-id=\"4485\" src=\"http:\/\/jaszai-iskola.net\/wp\/wp-content\/uploads\/2024\/11\/kr7-1.png\" alt=\"\" class=\"wp-image-4485\" srcset=\"http:\/\/jaszai-iskola.net\/wp\/wp-content\/uploads\/2024\/11\/kr7-1.png 877w, http:\/\/jaszai-iskola.net\/wp\/wp-content\/uploads\/2024\/11\/kr7-1-300x169.png 300w, http:\/\/jaszai-iskola.net\/wp\/wp-content\/uploads\/2024\/11\/kr7-1-768x432.png 768w\" sizes=\"auto, (max-width: 877px) 100vw, 877px\" \/><\/figure>\n<\/figure>\n","protected":false},"excerpt":{"rendered":"<p>Eur\u00f3pai oktat\u00e1si programhoz csatlakozott iskol\u00e1nk. A sikeresen m\u0171k\u00f6d\u0151, korszer\u0171 \u00e9s hat\u00e9kony t\u00f6rt\u00e9nelmi ismeret- \u00e9s szem\u00e9lyis\u00e9gfejleszt\u0151 programban 13 orsz\u00e1g t\u00f6bb sz\u00e1zezer fiatalja \u00e9s pedag\u00f3gusa vesz r\u00e9szt! Iskol\u00e1nk id\u00e9n els\u0151 alkalommal csatlakozott a Szemben\u00e9z\u00e9s Alap\u00edtv\u00e1ny \u201cKr\u00f3kusz Projekt \u2013 Vir\u00e1ggal az er\u0151szak ellen\u201d projektj\u00e9hez, ami a Holocaust Education Ireland \u00e9s a Szemben\u00e9z\u00e9s Alap\u00edtv\u00e1ny projektje, az ELTE PPK Nevel\u00e9studom\u00e1nyi [&hellip;]<\/p>\n","protected":false},"author":4,"featured_media":0,"comment_status":"open","ping_status":"open","sticky":false,"template":"","format":"standard","meta":{"ngg_post_thumbnail":0,"jetpack_post_was_ever_published":false,"_jetpack_newsletter_access":"","_jetpack_dont_email_post_to_subs":false,"_jetpack_newsletter_tier_id":0,"_jetpack_memberships_contains_paywalled_content":false,"_jetpack_memberships_contains_paid_content":false,"footnotes":"","jetpack_publicize_message":"","jetpack_publicize_feature_enabled":true,"jetpack_social_post_already_shared":true,"jetpack_social_options":{"image_generator_settings":{"template":"highway","default_image_id":0,"font":"","enabled":false},"version":2}},"categories":[13],"tags":[],"class_list":["post-4465","post","type-post","status-publish","format-standard","hentry","category-hirek"],"jetpack_publicize_connections":[],"jetpack_featured_media_url":"","jetpack_sharing_enabled":true,"jetpack_shortlink":"https:\/\/wp.me\/p7WZAv-1a1","jetpack-related-posts":[],"jetpack_likes_enabled":true,"_links":{"self":[{"href":"http:\/\/jaszai-iskola.net\/wp\/wp-json\/wp\/v2\/posts\/4465","targetHints":{"allow":["GET"]}}],"collection":[{"href":"http:\/\/jaszai-iskola.net\/wp\/wp-json\/wp\/v2\/posts"}],"about":[{"href":"http:\/\/jaszai-iskola.net\/wp\/wp-json\/wp\/v2\/types\/post"}],"author":[{"embeddable":true,"href":"http:\/\/jaszai-iskola.net\/wp\/wp-json\/wp\/v2\/users\/4"}],"replies":[{"embeddable":true,"href":"http:\/\/jaszai-iskola.net\/wp\/wp-json\/wp\/v2\/comments?post=4465"}],"version-history":[{"count":2,"href":"http:\/\/jaszai-iskola.net\/wp\/wp-json\/wp\/v2\/posts\/4465\/revisions"}],"predecessor-version":[{"id":4492,"href":"http:\/\/jaszai-iskola.net\/wp\/wp-json\/wp\/v2\/posts\/4465\/revisions\/4492"}],"wp:attachment":[{"href":"http:\/\/jaszai-iskola.net\/wp\/wp-json\/wp\/v2\/media?parent=4465"}],"wp:term":[{"taxonomy":"category","embeddable":true,"href":"http:\/\/jaszai-iskola.net\/wp\/wp-json\/wp\/v2\/categories?post=4465"},{"taxonomy":"post_tag","embeddable":true,"href":"http:\/\/jaszai-iskola.net\/wp\/wp-json\/wp\/v2\/tags?post=4465"}],"curies":[{"name":"wp","href":"https:\/\/api.w.org\/{rel}","templated":true}]}}