{"id":4438,"date":"2024-11-08T12:30:16","date_gmt":"2024-11-08T11:30:16","guid":{"rendered":"https:\/\/jaszai-iskola.net\/wp\/?p=4438"},"modified":"2024-11-13T12:37:04","modified_gmt":"2024-11-13T11:37:04","slug":"a-jovo-zold-generaciojaert-dij-2024","status":"publish","type":"post","link":"http:\/\/jaszai-iskola.net\/wp\/2024\/11\/08\/a-jovo-zold-generaciojaert-dij-2024\/","title":{"rendered":"A j\u00f6v\u0151 z\u00f6ld gener\u00e1ci\u00f3j\u00e1\u00e9rt d\u00edj 2024"},"content":{"rendered":"\n<p>Ny\u00e1r elej\u00e9n, a k\u00f6rnyezetv\u00e9delmi vil\u00e1gnap alkalm\u00e1b\u00f3l id\u00e9n is p\u00e1ly\u00e1zatot \u00edrt ki a pedag\u00f3gusok r\u00e9sz\u00e9re a Fiatal Csal\u00e1dosok Klubja a Z\u00f6ld K\u00f6vet Egyes\u00fclet.<\/p>\n\n\n\n<p>\u201eAzoknak a k\u00f6rnyezetv\u00e9delem ir\u00e1nt elk\u00f6telezett pedag\u00f3gusoknak szeretn\u00e9nek elismer\u00e9st ny\u00fajtani, akik k\u00fcl\u00f6n\u00f6sen akt\u00edvak a fenntarthat\u00f3 fejl\u0151d\u00e9st szolg\u00e1l\u00f3 nevel\u00e9s-oktat\u00e1s ter\u00fclet\u00e9n. Akik munk\u00e1jukkal, \u00e9letszeml\u00e9let\u00fckkel a di\u00e1kjaik sz\u00e1m\u00e1ra a t\u00e1rsadalmi, \u00f6kol\u00f3giai \u00e9s gazdas\u00e1gi fenntarthat\u00f3s\u00e1g fontoss\u00e1g\u00e1t k\u00f6zvet\u00edtik \u00e9s ez \u00e1ltal k\u00f6rnyezetv\u00e9delmi cselekv\u00e9sre inspir\u00e1lj\u00e1k a fiatalokat.\u201d<\/p>\n\n\n\n<p>Az id\u00e9n orsz\u00e1gosan 158 p\u00e1ly\u00e1zat \u00e9rkezett a szakmai zs\u0171rihez .<\/p>\n\n\n\n<p><strong><em>Szabados-Szegv\u00e1ri Szilvia a Monori J\u00e1szai Mari \u00c1ltal\u00e1nos Iskola pedag\u00f3gus\u00e1nak p\u00e1ly\u00e1zata orsz\u00e1gos 3. helyezett lett.<\/em><\/strong><\/p>\n\n\n\n<p><strong>A d\u00edj\u00e1tad\u00f3ra \u00fcnnep\u00e9lyes keretek k\u00f6z\u00f6tt ker\u00fclt sor<\/strong><strong><em> <\/em><\/strong>2024. november 08-\u00e1n, p\u00e9nteken a B\u00fasul\u00f3 Juh\u00e1sz \u00c9tterem panor\u00e1m\u00e1s k\u00fcl\u00f6nterm\u00e9ben. A d\u00edjat a Fiatal Csal\u00e1dosok Klubja \u00e9s a Z\u00f6ld K\u00f6vet Egyes\u00fclet szakmai vezet\u0151i \u00e9s a zs\u0171ritagok mellett Dr. Balatoni Katalin, a Bel\u00fcgyminiszt\u00e9rium k\u00f6znevel\u00e9si helyettes \u00e1llamtitk\u00e1ra&nbsp;adta \u00e1t.<\/p>\n\n\n\n<p>Szeretettel gratul\u00e1lunk Szabados-Szegv\u00e1ri Szilvia tan\u00e1rn\u0151nek, nagyon b\u00fcszk\u00e9k vagyunk r\u00e1!<\/p>\n\n\n\n<figure class=\"wp-block-gallery has-nested-images columns-default is-cropped wp-block-gallery-1 is-layout-flex wp-block-gallery-is-layout-flex\">\n<figure class=\"wp-block-image size-large\"><img loading=\"lazy\" decoding=\"async\" width=\"720\" height=\"561\" data-attachment-id=\"4440\" data-permalink=\"http:\/\/jaszai-iskola.net\/wp\/2024\/11\/08\/a-jovo-zold-generaciojaert-dij-2024\/19c89b84-e44f-4f9c-8cad-827b6c190866-1\/\" data-orig-file=\"http:\/\/jaszai-iskola.net\/wp\/wp-content\/uploads\/2024\/11\/19c89b84-e44f-4f9c-8cad-827b6c190866-1.jpg\" data-orig-size=\"720,561\" data-comments-opened=\"1\" data-image-meta=\"{&quot;aperture&quot;:&quot;0&quot;,&quot;credit&quot;:&quot;&quot;,&quot;camera&quot;:&quot;&quot;,&quot;caption&quot;:&quot;&quot;,&quot;created_timestamp&quot;:&quot;0&quot;,&quot;copyright&quot;:&quot;&quot;,&quot;focal_length&quot;:&quot;0&quot;,&quot;iso&quot;:&quot;0&quot;,&quot;shutter_speed&quot;:&quot;0&quot;,&quot;title&quot;:&quot;&quot;,&quot;orientation&quot;:&quot;0&quot;}\" data-image-title=\"19c89b84-e44f-4f9c-8cad-827b6c190866-1\" data-image-description=\"\" data-image-caption=\"\" data-medium-file=\"http:\/\/jaszai-iskola.net\/wp\/wp-content\/uploads\/2024\/11\/19c89b84-e44f-4f9c-8cad-827b6c190866-1-300x234.jpg\" data-large-file=\"http:\/\/jaszai-iskola.net\/wp\/wp-content\/uploads\/2024\/11\/19c89b84-e44f-4f9c-8cad-827b6c190866-1.jpg\" data-id=\"4440\" src=\"https:\/\/jaszai-iskola.net\/wp\/wp-content\/uploads\/2024\/11\/19c89b84-e44f-4f9c-8cad-827b6c190866-1.jpg\" alt=\"\" class=\"wp-image-4440\" srcset=\"http:\/\/jaszai-iskola.net\/wp\/wp-content\/uploads\/2024\/11\/19c89b84-e44f-4f9c-8cad-827b6c190866-1.jpg 720w, http:\/\/jaszai-iskola.net\/wp\/wp-content\/uploads\/2024\/11\/19c89b84-e44f-4f9c-8cad-827b6c190866-1-300x234.jpg 300w\" sizes=\"auto, (max-width: 720px) 100vw, 720px\" \/><\/figure>\n\n\n\n<figure class=\"wp-block-image size-large\"><img loading=\"lazy\" decoding=\"async\" width=\"720\" height=\"530\" data-attachment-id=\"4441\" data-permalink=\"http:\/\/jaszai-iskola.net\/wp\/2024\/11\/08\/a-jovo-zold-generaciojaert-dij-2024\/ef14d836-cf29-4f4b-ac9c-f3af82cf5b72\/\" data-orig-file=\"http:\/\/jaszai-iskola.net\/wp\/wp-content\/uploads\/2024\/11\/ef14d836-cf29-4f4b-ac9c-f3af82cf5b72.jpg\" data-orig-size=\"720,530\" data-comments-opened=\"1\" data-image-meta=\"{&quot;aperture&quot;:&quot;0&quot;,&quot;credit&quot;:&quot;&quot;,&quot;camera&quot;:&quot;&quot;,&quot;caption&quot;:&quot;&quot;,&quot;created_timestamp&quot;:&quot;0&quot;,&quot;copyright&quot;:&quot;&quot;,&quot;focal_length&quot;:&quot;0&quot;,&quot;iso&quot;:&quot;0&quot;,&quot;shutter_speed&quot;:&quot;0&quot;,&quot;title&quot;:&quot;&quot;,&quot;orientation&quot;:&quot;0&quot;}\" data-image-title=\"ef14d836-cf29-4f4b-ac9c-f3af82cf5b72\" data-image-description=\"\" data-image-caption=\"\" data-medium-file=\"http:\/\/jaszai-iskola.net\/wp\/wp-content\/uploads\/2024\/11\/ef14d836-cf29-4f4b-ac9c-f3af82cf5b72-300x221.jpg\" data-large-file=\"http:\/\/jaszai-iskola.net\/wp\/wp-content\/uploads\/2024\/11\/ef14d836-cf29-4f4b-ac9c-f3af82cf5b72.jpg\" data-id=\"4441\" src=\"https:\/\/jaszai-iskola.net\/wp\/wp-content\/uploads\/2024\/11\/ef14d836-cf29-4f4b-ac9c-f3af82cf5b72.jpg\" alt=\"\" class=\"wp-image-4441\" srcset=\"http:\/\/jaszai-iskola.net\/wp\/wp-content\/uploads\/2024\/11\/ef14d836-cf29-4f4b-ac9c-f3af82cf5b72.jpg 720w, http:\/\/jaszai-iskola.net\/wp\/wp-content\/uploads\/2024\/11\/ef14d836-cf29-4f4b-ac9c-f3af82cf5b72-300x221.jpg 300w\" sizes=\"auto, (max-width: 720px) 100vw, 720px\" \/><\/figure>\n\n\n\n<figure class=\"wp-block-image size-large\"><img loading=\"lazy\" decoding=\"async\" width=\"720\" height=\"667\" data-attachment-id=\"4442\" data-permalink=\"http:\/\/jaszai-iskola.net\/wp\/2024\/11\/08\/a-jovo-zold-generaciojaert-dij-2024\/e25f3279-b4ec-4236-a0f4-7b56b1f7f495-1\/\" data-orig-file=\"http:\/\/jaszai-iskola.net\/wp\/wp-content\/uploads\/2024\/11\/e25f3279-b4ec-4236-a0f4-7b56b1f7f495-1.jpg\" data-orig-size=\"720,667\" data-comments-opened=\"1\" data-image-meta=\"{&quot;aperture&quot;:&quot;0&quot;,&quot;credit&quot;:&quot;&quot;,&quot;camera&quot;:&quot;&quot;,&quot;caption&quot;:&quot;&quot;,&quot;created_timestamp&quot;:&quot;0&quot;,&quot;copyright&quot;:&quot;&quot;,&quot;focal_length&quot;:&quot;0&quot;,&quot;iso&quot;:&quot;0&quot;,&quot;shutter_speed&quot;:&quot;0&quot;,&quot;title&quot;:&quot;&quot;,&quot;orientation&quot;:&quot;0&quot;}\" data-image-title=\"e25f3279-b4ec-4236-a0f4-7b56b1f7f495-1\" data-image-description=\"\" data-image-caption=\"\" data-medium-file=\"http:\/\/jaszai-iskola.net\/wp\/wp-content\/uploads\/2024\/11\/e25f3279-b4ec-4236-a0f4-7b56b1f7f495-1-300x278.jpg\" data-large-file=\"http:\/\/jaszai-iskola.net\/wp\/wp-content\/uploads\/2024\/11\/e25f3279-b4ec-4236-a0f4-7b56b1f7f495-1.jpg\" data-id=\"4442\" src=\"https:\/\/jaszai-iskola.net\/wp\/wp-content\/uploads\/2024\/11\/e25f3279-b4ec-4236-a0f4-7b56b1f7f495-1.jpg\" alt=\"\" class=\"wp-image-4442\" srcset=\"http:\/\/jaszai-iskola.net\/wp\/wp-content\/uploads\/2024\/11\/e25f3279-b4ec-4236-a0f4-7b56b1f7f495-1.jpg 720w, http:\/\/jaszai-iskola.net\/wp\/wp-content\/uploads\/2024\/11\/e25f3279-b4ec-4236-a0f4-7b56b1f7f495-1-300x278.jpg 300w\" sizes=\"auto, (max-width: 720px) 100vw, 720px\" \/><\/figure>\n<\/figure>\n","protected":false},"excerpt":{"rendered":"<p>Ny\u00e1r elej\u00e9n, a k\u00f6rnyezetv\u00e9delmi vil\u00e1gnap alkalm\u00e1b\u00f3l id\u00e9n is p\u00e1ly\u00e1zatot \u00edrt ki a pedag\u00f3gusok r\u00e9sz\u00e9re a Fiatal Csal\u00e1dosok Klubja a Z\u00f6ld K\u00f6vet Egyes\u00fclet. \u201eAzoknak a k\u00f6rnyezetv\u00e9delem ir\u00e1nt elk\u00f6telezett pedag\u00f3gusoknak szeretn\u00e9nek elismer\u00e9st ny\u00fajtani, akik k\u00fcl\u00f6n\u00f6sen akt\u00edvak a fenntarthat\u00f3 fejl\u0151d\u00e9st szolg\u00e1l\u00f3 nevel\u00e9s-oktat\u00e1s ter\u00fclet\u00e9n. Akik munk\u00e1jukkal, \u00e9letszeml\u00e9let\u00fckkel a di\u00e1kjaik sz\u00e1m\u00e1ra a t\u00e1rsadalmi, \u00f6kol\u00f3giai \u00e9s gazdas\u00e1gi fenntarthat\u00f3s\u00e1g fontoss\u00e1g\u00e1t k\u00f6zvet\u00edtik \u00e9s [&hellip;]<\/p>\n","protected":false},"author":4,"featured_media":0,"comment_status":"open","ping_status":"open","sticky":false,"template":"","format":"standard","meta":{"ngg_post_thumbnail":0,"jetpack_post_was_ever_published":false,"_jetpack_newsletter_access":"","_jetpack_dont_email_post_to_subs":false,"_jetpack_newsletter_tier_id":0,"_jetpack_memberships_contains_paywalled_content":false,"_jetpack_memberships_contains_paid_content":false,"footnotes":"","jetpack_publicize_message":"","jetpack_publicize_feature_enabled":true,"jetpack_social_post_already_shared":true,"jetpack_social_options":{"image_generator_settings":{"template":"highway","default_image_id":0,"font":"","enabled":false},"version":2}},"categories":[13],"tags":[],"class_list":["post-4438","post","type-post","status-publish","format-standard","hentry","category-hirek"],"jetpack_publicize_connections":[],"jetpack_featured_media_url":"","jetpack_sharing_enabled":true,"jetpack_shortlink":"https:\/\/wp.me\/p7WZAv-19A","jetpack-related-posts":[],"jetpack_likes_enabled":true,"_links":{"self":[{"href":"http:\/\/jaszai-iskola.net\/wp\/wp-json\/wp\/v2\/posts\/4438","targetHints":{"allow":["GET"]}}],"collection":[{"href":"http:\/\/jaszai-iskola.net\/wp\/wp-json\/wp\/v2\/posts"}],"about":[{"href":"http:\/\/jaszai-iskola.net\/wp\/wp-json\/wp\/v2\/types\/post"}],"author":[{"embeddable":true,"href":"http:\/\/jaszai-iskola.net\/wp\/wp-json\/wp\/v2\/users\/4"}],"replies":[{"embeddable":true,"href":"http:\/\/jaszai-iskola.net\/wp\/wp-json\/wp\/v2\/comments?post=4438"}],"version-history":[{"count":1,"href":"http:\/\/jaszai-iskola.net\/wp\/wp-json\/wp\/v2\/posts\/4438\/revisions"}],"predecessor-version":[{"id":4443,"href":"http:\/\/jaszai-iskola.net\/wp\/wp-json\/wp\/v2\/posts\/4438\/revisions\/4443"}],"wp:attachment":[{"href":"http:\/\/jaszai-iskola.net\/wp\/wp-json\/wp\/v2\/media?parent=4438"}],"wp:term":[{"taxonomy":"category","embeddable":true,"href":"http:\/\/jaszai-iskola.net\/wp\/wp-json\/wp\/v2\/categories?post=4438"},{"taxonomy":"post_tag","embeddable":true,"href":"http:\/\/jaszai-iskola.net\/wp\/wp-json\/wp\/v2\/tags?post=4438"}],"curies":[{"name":"wp","href":"https:\/\/api.w.org\/{rel}","templated":true}]}}