{"id":4304,"date":"2024-10-06T12:14:23","date_gmt":"2024-10-06T11:14:23","guid":{"rendered":"http:\/\/jaszai-iskola.net\/wp\/?p=4304"},"modified":"2024-10-15T12:15:29","modified_gmt":"2024-10-15T11:15:29","slug":"aradi-vertanukra-emlekeztunk-3","status":"publish","type":"post","link":"http:\/\/jaszai-iskola.net\/wp\/2024\/10\/06\/aradi-vertanukra-emlekeztunk-3\/","title":{"rendered":"Aradi v\u00e9rtan\u00fakra eml\u00e9kezt\u00fcnk"},"content":{"rendered":"\n<p>Nemzeti gy\u00e1sznap okt\u00f3ber 6-a, amikor az 1848\u201349-es forradalom \u00e9s szabads\u00e1gharc lever\u00e9se ut\u00e1n Aradon kiv\u00e9gezt\u00e9k a 13 h\u0151s v\u00e9rtan\u00fat, illetve ugyanekkor Pesten gr\u00f3f Batthy\u00e1ny Lajost, Magyarorsz\u00e1g els\u0151 f\u00fcggetlen, felel\u0151s korm\u00e1ny\u00e1nak vezet\u0151j\u00e9t is meg\u00f6lt\u00e9k.<\/p>\n\n\n\n<p>Az aradi v\u00e9rtan\u00fak nev\u00fcket \u00e9s \u00e9let\u00fcket a szabads\u00e1g eszm\u00e9j\u00e9vel egy\u00fctt \u00f6r\u00f6kre bele\u00edrt\u00e1k a magyars\u00e1g t\u00f6rt\u00e9net\u00e9be. Hab\u00e1r a szabads\u00e1gharc elbukott, h\u0151seink \u00e1ldozata m\u00e9gsem volt hi\u00e1baval\u00f3. M\u00e1rt\u00edrhal\u00e1luk az\u00f3ta jelk\u00e9pp\u00e9 v\u00e1lt. Annak a k\u00fczdelemnek \u00e9s \u00e1ldozatv\u00e1llal\u00e1snak a szimb\u00f3lum\u00e1v\u00e1 v\u00e1ltak \u0151k, amelyet a magyar n\u00e9p \u00e9vsz\u00e1zadokon \u00e1t folytatott nemzeti f\u00fcggetlens\u00e9ge megteremt\u00e9s\u00e9\u00e9rt, t\u00e1rsadalmi halad\u00e1s\u00e1\u00e9rt.<\/p>\n\n\n\n<p>Az idei tan\u00e9vben is megeml\u00e9kezt\u00fcnk az aradi v\u00e9rtan\u00fakr\u00f3l iskol\u00e1nk k\u00f6z\u00f6ss\u00e9g\u00e9vel egy\u00fctt. Az aul\u00e1ban elhelyezett eml\u00e9kt\u00e1bl\u00e1n\u00e1l ler\u00f3hatt\u00e1k tisztelet\u00fcket a di\u00e1kok.<\/p>\n\n\n\n<figure class=\"wp-block-image size-large\"><img loading=\"lazy\" decoding=\"async\" width=\"1024\" height=\"878\" data-attachment-id=\"4305\" data-permalink=\"http:\/\/jaszai-iskola.net\/wp\/2024\/10\/06\/aradi-vertanukra-emlekeztunk-3\/aradi\/\" data-orig-file=\"http:\/\/jaszai-iskola.net\/wp\/wp-content\/uploads\/2024\/10\/aradi.jpg\" data-orig-size=\"1168,1001\" data-comments-opened=\"1\" data-image-meta=\"{&quot;aperture&quot;:&quot;0&quot;,&quot;credit&quot;:&quot;&quot;,&quot;camera&quot;:&quot;&quot;,&quot;caption&quot;:&quot;&quot;,&quot;created_timestamp&quot;:&quot;0&quot;,&quot;copyright&quot;:&quot;&quot;,&quot;focal_length&quot;:&quot;0&quot;,&quot;iso&quot;:&quot;0&quot;,&quot;shutter_speed&quot;:&quot;0&quot;,&quot;title&quot;:&quot;&quot;,&quot;orientation&quot;:&quot;0&quot;}\" data-image-title=\"aradi\" data-image-description=\"\" data-image-caption=\"\" data-medium-file=\"http:\/\/jaszai-iskola.net\/wp\/wp-content\/uploads\/2024\/10\/aradi-300x257.jpg\" data-large-file=\"http:\/\/jaszai-iskola.net\/wp\/wp-content\/uploads\/2024\/10\/aradi-1024x878.jpg\" src=\"http:\/\/jaszai-iskola.net\/wp\/wp-content\/uploads\/2024\/10\/aradi-1024x878.jpg\" alt=\"\" class=\"wp-image-4305\" srcset=\"http:\/\/jaszai-iskola.net\/wp\/wp-content\/uploads\/2024\/10\/aradi-1024x878.jpg 1024w, http:\/\/jaszai-iskola.net\/wp\/wp-content\/uploads\/2024\/10\/aradi-300x257.jpg 300w, http:\/\/jaszai-iskola.net\/wp\/wp-content\/uploads\/2024\/10\/aradi-768x658.jpg 768w, http:\/\/jaszai-iskola.net\/wp\/wp-content\/uploads\/2024\/10\/aradi.jpg 1168w\" sizes=\"auto, (max-width: 1024px) 100vw, 1024px\" \/><\/figure>\n","protected":false},"excerpt":{"rendered":"<p>Nemzeti gy\u00e1sznap okt\u00f3ber 6-a, amikor az 1848\u201349-es forradalom \u00e9s szabads\u00e1gharc lever\u00e9se ut\u00e1n Aradon kiv\u00e9gezt\u00e9k a 13 h\u0151s v\u00e9rtan\u00fat, illetve ugyanekkor Pesten gr\u00f3f Batthy\u00e1ny Lajost, Magyarorsz\u00e1g els\u0151 f\u00fcggetlen, felel\u0151s korm\u00e1ny\u00e1nak vezet\u0151j\u00e9t is meg\u00f6lt\u00e9k. Az aradi v\u00e9rtan\u00fak nev\u00fcket \u00e9s \u00e9let\u00fcket a szabads\u00e1g eszm\u00e9j\u00e9vel egy\u00fctt \u00f6r\u00f6kre bele\u00edrt\u00e1k a magyars\u00e1g t\u00f6rt\u00e9net\u00e9be. Hab\u00e1r a szabads\u00e1gharc elbukott, h\u0151seink \u00e1ldozata m\u00e9gsem volt [&hellip;]<\/p>\n","protected":false},"author":4,"featured_media":0,"comment_status":"open","ping_status":"open","sticky":false,"template":"","format":"standard","meta":{"ngg_post_thumbnail":0,"jetpack_post_was_ever_published":false,"_jetpack_newsletter_access":"","_jetpack_dont_email_post_to_subs":false,"_jetpack_newsletter_tier_id":0,"_jetpack_memberships_contains_paywalled_content":false,"_jetpack_memberships_contains_paid_content":false,"footnotes":"","jetpack_publicize_message":"","jetpack_publicize_feature_enabled":true,"jetpack_social_post_already_shared":true,"jetpack_social_options":{"image_generator_settings":{"template":"highway","default_image_id":0,"font":"","enabled":false},"version":2}},"categories":[13],"tags":[],"class_list":["post-4304","post","type-post","status-publish","format-standard","hentry","category-hirek"],"jetpack_publicize_connections":[],"jetpack_featured_media_url":"","jetpack_sharing_enabled":true,"jetpack_shortlink":"https:\/\/wp.me\/p7WZAv-17q","jetpack-related-posts":[],"jetpack_likes_enabled":true,"_links":{"self":[{"href":"http:\/\/jaszai-iskola.net\/wp\/wp-json\/wp\/v2\/posts\/4304","targetHints":{"allow":["GET"]}}],"collection":[{"href":"http:\/\/jaszai-iskola.net\/wp\/wp-json\/wp\/v2\/posts"}],"about":[{"href":"http:\/\/jaszai-iskola.net\/wp\/wp-json\/wp\/v2\/types\/post"}],"author":[{"embeddable":true,"href":"http:\/\/jaszai-iskola.net\/wp\/wp-json\/wp\/v2\/users\/4"}],"replies":[{"embeddable":true,"href":"http:\/\/jaszai-iskola.net\/wp\/wp-json\/wp\/v2\/comments?post=4304"}],"version-history":[{"count":1,"href":"http:\/\/jaszai-iskola.net\/wp\/wp-json\/wp\/v2\/posts\/4304\/revisions"}],"predecessor-version":[{"id":4306,"href":"http:\/\/jaszai-iskola.net\/wp\/wp-json\/wp\/v2\/posts\/4304\/revisions\/4306"}],"wp:attachment":[{"href":"http:\/\/jaszai-iskola.net\/wp\/wp-json\/wp\/v2\/media?parent=4304"}],"wp:term":[{"taxonomy":"category","embeddable":true,"href":"http:\/\/jaszai-iskola.net\/wp\/wp-json\/wp\/v2\/categories?post=4304"},{"taxonomy":"post_tag","embeddable":true,"href":"http:\/\/jaszai-iskola.net\/wp\/wp-json\/wp\/v2\/tags?post=4304"}],"curies":[{"name":"wp","href":"https:\/\/api.w.org\/{rel}","templated":true}]}}