{"id":4081,"date":"2024-04-10T12:10:00","date_gmt":"2024-04-10T11:10:00","guid":{"rendered":"https:\/\/jaszai-iskola.net\/wp\/?p=4081"},"modified":"2024-05-09T12:25:48","modified_gmt":"2024-05-09T11:25:48","slug":"aprilis-a-kolteszet-honapja","status":"publish","type":"post","link":"http:\/\/jaszai-iskola.net\/wp\/2024\/04\/10\/aprilis-a-kolteszet-honapja\/","title":{"rendered":"\u00c1prilis \u2013 a k\u00f6lt\u00e9szet h\u00f3napja"},"content":{"rendered":"\n<div class=\"wp-block-media-text is-stacked-on-mobile\" style=\"grid-template-columns:48% auto\"><figure class=\"wp-block-media-text__media\"><img loading=\"lazy\" decoding=\"async\" width=\"767\" height=\"1024\" data-attachment-id=\"4083\" data-permalink=\"http:\/\/jaszai-iskola.net\/wp\/2024\/04\/10\/aprilis-a-kolteszet-honapja\/434809768_878363380760424_7790008203700278550_n-1\/\" data-orig-file=\"http:\/\/jaszai-iskola.net\/wp\/wp-content\/uploads\/2024\/05\/434809768_878363380760424_7790008203700278550_n-1.jpg\" data-orig-size=\"1504,2008\" data-comments-opened=\"1\" data-image-meta=\"{&quot;aperture&quot;:&quot;0&quot;,&quot;credit&quot;:&quot;&quot;,&quot;camera&quot;:&quot;&quot;,&quot;caption&quot;:&quot;&quot;,&quot;created_timestamp&quot;:&quot;0&quot;,&quot;copyright&quot;:&quot;&quot;,&quot;focal_length&quot;:&quot;0&quot;,&quot;iso&quot;:&quot;0&quot;,&quot;shutter_speed&quot;:&quot;0&quot;,&quot;title&quot;:&quot;&quot;,&quot;orientation&quot;:&quot;0&quot;}\" data-image-title=\"434809768_878363380760424_7790008203700278550_n-1\" data-image-description=\"\" data-image-caption=\"\" data-medium-file=\"http:\/\/jaszai-iskola.net\/wp\/wp-content\/uploads\/2024\/05\/434809768_878363380760424_7790008203700278550_n-1-225x300.jpg\" data-large-file=\"http:\/\/jaszai-iskola.net\/wp\/wp-content\/uploads\/2024\/05\/434809768_878363380760424_7790008203700278550_n-1-767x1024.jpg\" src=\"https:\/\/jaszai-iskola.net\/wp\/wp-content\/uploads\/2024\/05\/434809768_878363380760424_7790008203700278550_n-1-767x1024.jpg\" alt=\"\" class=\"wp-image-4083 size-full\" srcset=\"http:\/\/jaszai-iskola.net\/wp\/wp-content\/uploads\/2024\/05\/434809768_878363380760424_7790008203700278550_n-1-767x1024.jpg 767w, http:\/\/jaszai-iskola.net\/wp\/wp-content\/uploads\/2024\/05\/434809768_878363380760424_7790008203700278550_n-1-225x300.jpg 225w, http:\/\/jaszai-iskola.net\/wp\/wp-content\/uploads\/2024\/05\/434809768_878363380760424_7790008203700278550_n-1-768x1025.jpg 768w, http:\/\/jaszai-iskola.net\/wp\/wp-content\/uploads\/2024\/05\/434809768_878363380760424_7790008203700278550_n-1-1150x1536.jpg 1150w, http:\/\/jaszai-iskola.net\/wp\/wp-content\/uploads\/2024\/05\/434809768_878363380760424_7790008203700278550_n-1.jpg 1504w\" sizes=\"auto, (max-width: 767px) 100vw, 767px\" \/><\/figure><div class=\"wp-block-media-text__content\">\n<p>Ebben az \u00e9vben \u00fagy esett, hogy a k\u00f6lt\u00e9szetet, a versek szeretet\u00e9t, a versmond\u00e1s \u00f6r\u00f6m\u00e9t nem csup\u00e1n \u00e1prilis 11-\u00e9n \u00fcnnepelhett\u00fck iskol\u00e1nkban, hanem k\u00fcl\u00f6nb\u00f6z\u0151 versenyeken eg\u00e9sz h\u00f3napban. 2024. \u00e1prilis 10-\u00e9n egy lelkes kis csapattal Vasadon j\u00e1rtunk, a Monor K\u00f6rzeti Vers- \u00e9s Pr\u00f3zamond\u00f3 versenyen. Az als\u00f3 tagozatot B\u00e1lint Benedek (1.a), B\u00e1n Emma (1.b), Szauer Csenge (3.a) \u00e9s Dar\u00f3 Botond \u00d6rs (4.a) k\u00e9pviselte, a f\u00f6ls\u0151 tagozatot Nemes Izabel (5.b), Szab\u00f3 L\u00e1szl\u00f3 (5.b) \u00e9s Balogh Rita (8.b). J\u00f3 hangulat\u00fa, izgalmas d\u00e9lut\u00e1nt t\u00f6lt\u00f6tt\u00fcnk el a Vasadi \u00c1ltal\u00e1nos Iskol\u00e1ban, ahol a k\u00f6zel 60 r\u00e9sztvev\u0151 k\u00f6z\u00f6tt di\u00e1kjaink sz\u00e9pen szerepeltek. <\/p>\n<\/div><\/div>\n\n\n\n<p>&nbsp;H\u00e1rman helyez\u00e9st is \u00e9rtek el:<\/p>\n\n\n\n<p>A 3-4. oszt\u00e1lyos korcsoportban Szauer Csenge 3. lett. (Felk\u00e9sz\u00edt\u0151 tan\u00edt\u00f3ja Bir\u00f3n\u00e9 Kliment Eleon\u00f3ra)<\/p>\n\n\n\n<p>Az 5-6. oszt\u00e1lyosok k\u00f6z\u00f6tt Szab\u00f3 L\u00e1szl\u00f3 3. helyez\u00e9st \u00e9rt el. (Felk\u00e9sz\u00edt\u0151 tan\u00e1ra Boldog L\u00e1szl\u00f3n\u00e9)<\/p>\n\n\n\n<p>A 7-8. oszt\u00e1lyos korcsoportban Balogh Rita 3. helyez\u00e9st \u00e9rt el. (Felk\u00e9sz\u00edt\u0151 tan\u00e1ra Balogh Anik\u00f3)<\/p>\n\n\n\n<div class=\"wp-block-media-text has-media-on-the-right is-stacked-on-mobile\" style=\"grid-template-columns:auto 51%\"><div class=\"wp-block-media-text__content\">\n<p>A pilisi Baranyi Ferenc Szaval\u00f3versenyt m\u00e1rciusban izgatott k\u00e9sz\u00fcl\u0151d\u00e9s el\u0151zte meg: a jelentkez\u0151knek az el\u0151v\u00e1logat\u00f3ra vide\u00f3felv\u00e9telt kellett k\u00fcldeni a szavalatukr\u00f3l. A tavaszi sz\u00fcnet el\u0151tt kaptuk a h\u00edrt: iskol\u00e1nkb\u00f3l h\u00e9t tanul\u00f3t is bev\u00e1logattak az \u00e1prilis 11-i d\u00f6nt\u0151be: Kov\u00e1cs L\u00e9n\u00e1t (1.a), Dolm\u00e1ny Benc\u00e9t (3.b), Papp Imre Tam\u00e1st (5.b), Somodi Dominikot (5.b), Kuk\u00e1r Anna Cseng\u00e9t (6.b), P\u00e1ncz\u00e9l S\u00e1r\u00e1t (6.b) \u00e9s Trencs\u00e9nyi Bercelt (7.b).<\/p>\n\n\n\n<p>Innen sem t\u00e9rt\u00fcnk haza \u00fcres k\u00e9zzel!<\/p>\n<\/div><figure class=\"wp-block-media-text__media\"><img loading=\"lazy\" decoding=\"async\" width=\"768\" height=\"1024\" data-attachment-id=\"4084\" data-permalink=\"http:\/\/jaszai-iskola.net\/wp\/2024\/04\/10\/aprilis-a-kolteszet-honapja\/433259637_1828667797607291_8513171058412539761_n\/\" data-orig-file=\"http:\/\/jaszai-iskola.net\/wp\/wp-content\/uploads\/2024\/05\/433259637_1828667797607291_8513171058412539761_n.jpg\" data-orig-size=\"1536,2048\" data-comments-opened=\"1\" data-image-meta=\"{&quot;aperture&quot;:&quot;0&quot;,&quot;credit&quot;:&quot;&quot;,&quot;camera&quot;:&quot;&quot;,&quot;caption&quot;:&quot;&quot;,&quot;created_timestamp&quot;:&quot;0&quot;,&quot;copyright&quot;:&quot;&quot;,&quot;focal_length&quot;:&quot;0&quot;,&quot;iso&quot;:&quot;0&quot;,&quot;shutter_speed&quot;:&quot;0&quot;,&quot;title&quot;:&quot;&quot;,&quot;orientation&quot;:&quot;0&quot;}\" data-image-title=\"433259637_1828667797607291_8513171058412539761_n\" data-image-description=\"\" data-image-caption=\"\" data-medium-file=\"http:\/\/jaszai-iskola.net\/wp\/wp-content\/uploads\/2024\/05\/433259637_1828667797607291_8513171058412539761_n-225x300.jpg\" data-large-file=\"http:\/\/jaszai-iskola.net\/wp\/wp-content\/uploads\/2024\/05\/433259637_1828667797607291_8513171058412539761_n-768x1024.jpg\" src=\"https:\/\/jaszai-iskola.net\/wp\/wp-content\/uploads\/2024\/05\/433259637_1828667797607291_8513171058412539761_n-768x1024.jpg\" alt=\"\" class=\"wp-image-4084 size-full\" srcset=\"http:\/\/jaszai-iskola.net\/wp\/wp-content\/uploads\/2024\/05\/433259637_1828667797607291_8513171058412539761_n-768x1024.jpg 768w, http:\/\/jaszai-iskola.net\/wp\/wp-content\/uploads\/2024\/05\/433259637_1828667797607291_8513171058412539761_n-225x300.jpg 225w, http:\/\/jaszai-iskola.net\/wp\/wp-content\/uploads\/2024\/05\/433259637_1828667797607291_8513171058412539761_n-1152x1536.jpg 1152w, http:\/\/jaszai-iskola.net\/wp\/wp-content\/uploads\/2024\/05\/433259637_1828667797607291_8513171058412539761_n.jpg 1536w\" sizes=\"auto, (max-width: 768px) 100vw, 768px\" \/><\/figure><\/div>\n\n\n\n<p>Az 1-2. oszt\u00e1lyos korcsoportban Kov\u00e1cs L\u00e9na 1. helyez\u00e9st \u00e9rt el. (Felk\u00e9sz\u00edt\u0151 tan\u00edt\u00f3ja Durucz Anna)<\/p>\n\n\n\n<p>A 3-4. oszt\u00e1lyos korcsoportban Dolm\u00e1ny Bence elnyerte a 2. helyet. (Felk\u00e9sz\u00edt\u0151 tan\u00edt\u00f3ja T\u00f3thn\u00e9 bodn\u00e1r Zs\u00f3ka)<\/p>\n\n\n\n<p>Az 5-6. oszt\u00e1lyos korcsoportban Somodi Dominik 3. helyez\u00e9st \u00e9rt el. (Felk\u00e9sz\u00edt\u0151 tan\u00e1ra Boldog L\u00e1szl\u00f3n\u00e9)<\/p>\n\n\n\n<p>A megm\u00e9rettet\u00e9sek sora a Monor V\u00e1rosi Vers- \u00e9s Pr\u00f3zamond\u00f3 versennyel z\u00e1rult 2024. \u00e1prilis 17-\u00e9n. Iskol\u00e1nkat hat tanul\u00f3 k\u00e9pviselte: Kov\u00e1cs L\u00e9na (1.a), Miholka Zohara (1.b), Andr\u00e1si Gy\u0151z\u0151 (4.a), Gazda Leila (4.a), Bord\u00e1s R\u00e9ka Mira (5.a) \u00e9s Jagasits-Juh\u00e1sz Abig\u00e9l (8.a). Valamennyien nagyon sz\u00e9pen szerepeltek. A zs\u0171ri d\u00f6nt\u00e9se alapj\u00e1n k\u00e9t tanul\u00f3nk \u00e9rt el helyez\u00e9st:<\/p>\n\n\n\n<p>Az 1-2. oszt\u00e1lyosok k\u00f6z\u00f6tt Miholka Zohara 3. lett (\u0151t az \u00e9desanyja k\u00e9sz\u00edtette fel a versenyre)<\/p>\n\n\n\n<p>A 3-4. oszt\u00e1lyosok korcsoportj\u00e1ban Andr\u00e1si Gy\u0151z\u0151 2. helyez\u00e9st \u00e9rt el. (Felk\u00e9sz\u00edt\u0151 tan\u00edt\u00f3ja Benk\u0151 Zolt\u00e1nn\u00e9)<\/p>\n\n\n\n<p>\u201eH\u00e1t nem \u00e9rdekes?\u201d \u2013 Krecsm\u00e1ry L\u00e1szl\u00f3 vers\u00e9t Kov\u00e1cs L\u00e9na adta el\u0151 b\u00e1josan, csillog\u00f3 szemekkel. Elvar\u00e1zsolta a k\u00f6z\u00f6ns\u00e9get olyannyira, hogy a szavazatok alapj\u00e1n az idei \u00e9v k\u00f6z\u00f6ns\u00e9gd\u00edj\u00e1t \u0151 nyerte el.<\/p>\n\n\n\n<p>Valamennyi versmond\u00f3nknak \u2013 kicsiknek \u00e9s kamaszoknak, b\u00e1traknak \u00e9s b\u00e1tortalanoknak, \u00fcgyeseknek \u00e9s m\u00e9g \u00fcgyesebbeknek k\u00f6sz\u00f6nj\u00fck, hogy nek\u00fcnk: sz\u00fcleiknek, tan\u00edt\u00f3iknak, k\u00f6z\u00f6ns\u00e9g\u00fcknek \u00f6r\u00f6met, gy\u00f6ny\u00f6r\u0171s\u00e9get szereztek. Mindannyiukra b\u00fcszk\u00e9k vagyunk. Tov\u00e1bb\u00e1 k\u00f6sz\u00f6netet mondunk a felk\u00e9sz\u00edt\u0151 pedag\u00f3gusoknak, akik j\u00f3 verseket adnak a gyerekek kez\u00e9be, \u00e9s seg\u00edtik \u0151ket az \u00faton, m\u00edg a megtanult verssorokb\u00f3l kibomlik az \u00e9rtelem.<\/p>\n\n\n\n<p>&nbsp;&nbsp;&nbsp;&nbsp;&nbsp;&nbsp;&nbsp;&nbsp;&nbsp;&nbsp;&nbsp;&nbsp;&nbsp;&nbsp;&nbsp;&nbsp;&nbsp;&nbsp;&nbsp;&nbsp;&nbsp;&nbsp;&nbsp;&nbsp;&nbsp;&nbsp;&nbsp;&nbsp;&nbsp;&nbsp;&nbsp;&nbsp;&nbsp;&nbsp;&nbsp;&nbsp;&nbsp;&nbsp;&nbsp;&nbsp;&nbsp;&nbsp;&nbsp;&nbsp;&nbsp;&nbsp;&nbsp;&nbsp;&nbsp;&nbsp;&nbsp;&nbsp;&nbsp;&nbsp;&nbsp;&nbsp;&nbsp;&nbsp;&nbsp;&nbsp;&nbsp;&nbsp;&nbsp;&nbsp;&nbsp;&nbsp;&nbsp;&nbsp;&nbsp;&nbsp;&nbsp;&nbsp;&nbsp;&nbsp;&nbsp;&nbsp;&nbsp;&nbsp;&nbsp;&nbsp;&nbsp;&nbsp;&nbsp;&nbsp;&nbsp;&nbsp;&nbsp;&nbsp;&nbsp;&nbsp;&nbsp;&nbsp;&nbsp;&nbsp;&nbsp;&nbsp;&nbsp;&nbsp;&nbsp;&nbsp;&nbsp;&nbsp;&nbsp;&nbsp;&nbsp;&nbsp;&nbsp;&nbsp;&nbsp;&nbsp;&nbsp;&nbsp;&nbsp;&nbsp;&nbsp;&nbsp;&nbsp; Balogh Anik\u00f3<\/p>\n","protected":false},"excerpt":{"rendered":"<p>Ebben az \u00e9vben \u00fagy esett, hogy a k\u00f6lt\u00e9szetet, a versek szeretet\u00e9t, a versmond\u00e1s \u00f6r\u00f6m\u00e9t nem csup\u00e1n \u00e1prilis 11-\u00e9n \u00fcnnepelhett\u00fck iskol\u00e1nkban, hanem k\u00fcl\u00f6nb\u00f6z\u0151 versenyeken eg\u00e9sz h\u00f3napban. 2024. \u00e1prilis 10-\u00e9n egy lelkes kis csapattal Vasadon j\u00e1rtunk, a Monor K\u00f6rzeti Vers- \u00e9s Pr\u00f3zamond\u00f3 versenyen. Az als\u00f3 tagozatot B\u00e1lint Benedek (1.a), B\u00e1n Emma (1.b), Szauer Csenge (3.a) \u00e9s Dar\u00f3 [&hellip;]<\/p>\n","protected":false},"author":4,"featured_media":0,"comment_status":"open","ping_status":"open","sticky":false,"template":"","format":"standard","meta":{"ngg_post_thumbnail":0,"jetpack_post_was_ever_published":false,"_jetpack_newsletter_access":"","_jetpack_dont_email_post_to_subs":false,"_jetpack_newsletter_tier_id":0,"_jetpack_memberships_contains_paywalled_content":false,"_jetpack_memberships_contains_paid_content":false,"footnotes":"","jetpack_publicize_message":"","jetpack_publicize_feature_enabled":true,"jetpack_social_post_already_shared":true,"jetpack_social_options":{"image_generator_settings":{"template":"highway","default_image_id":0,"font":"","enabled":false},"version":2}},"categories":[13],"tags":[],"class_list":["post-4081","post","type-post","status-publish","format-standard","hentry","category-hirek"],"jetpack_publicize_connections":[],"jetpack_featured_media_url":"","jetpack_sharing_enabled":true,"jetpack_shortlink":"https:\/\/wp.me\/p7WZAv-13P","jetpack-related-posts":[],"jetpack_likes_enabled":true,"_links":{"self":[{"href":"http:\/\/jaszai-iskola.net\/wp\/wp-json\/wp\/v2\/posts\/4081","targetHints":{"allow":["GET"]}}],"collection":[{"href":"http:\/\/jaszai-iskola.net\/wp\/wp-json\/wp\/v2\/posts"}],"about":[{"href":"http:\/\/jaszai-iskola.net\/wp\/wp-json\/wp\/v2\/types\/post"}],"author":[{"embeddable":true,"href":"http:\/\/jaszai-iskola.net\/wp\/wp-json\/wp\/v2\/users\/4"}],"replies":[{"embeddable":true,"href":"http:\/\/jaszai-iskola.net\/wp\/wp-json\/wp\/v2\/comments?post=4081"}],"version-history":[{"count":1,"href":"http:\/\/jaszai-iskola.net\/wp\/wp-json\/wp\/v2\/posts\/4081\/revisions"}],"predecessor-version":[{"id":4085,"href":"http:\/\/jaszai-iskola.net\/wp\/wp-json\/wp\/v2\/posts\/4081\/revisions\/4085"}],"wp:attachment":[{"href":"http:\/\/jaszai-iskola.net\/wp\/wp-json\/wp\/v2\/media?parent=4081"}],"wp:term":[{"taxonomy":"category","embeddable":true,"href":"http:\/\/jaszai-iskola.net\/wp\/wp-json\/wp\/v2\/categories?post=4081"},{"taxonomy":"post_tag","embeddable":true,"href":"http:\/\/jaszai-iskola.net\/wp\/wp-json\/wp\/v2\/tags?post=4081"}],"curies":[{"name":"wp","href":"https:\/\/api.w.org\/{rel}","templated":true}]}}