{"id":3806,"date":"2024-01-22T14:00:00","date_gmt":"2024-01-22T13:00:00","guid":{"rendered":"https:\/\/jaszai-iskola.net\/wp\/?p=3806"},"modified":"2024-02-13T08:32:09","modified_gmt":"2024-02-13T07:32:09","slug":"magyar-kultura-napja-3","status":"publish","type":"post","link":"http:\/\/jaszai-iskola.net\/wp\/2024\/01\/22\/magyar-kultura-napja-3\/","title":{"rendered":"Magyar kult\u00fara napja"},"content":{"rendered":"\n<p>1989 \u00f3ta minden \u00e9v elej\u00e9n megeml\u00e9kez\u00fcnk a magyar kult\u00fara nap\u00e1r\u00f3l azon a napon, amelyen K\u00f6lcsey Ferenc 1823-ban befejezte gy\u00f6ny\u00f6r\u0171 nemzeti im\u00e1nkat.<\/p>\n\n\n\n<p>Ebben a tan\u00e9vben egy kis ki\u00e1ll\u00edt\u00e1st tekinthettek meg di\u00e1kjaink, melyben bet\u0171rendbe szedve l\u00e1thattuk kult\u00far\u00e1nk \u00e9rt\u00e9keit Arany J\u00e1nos k\u00f6lt\u00e9szet\u00e9t\u0151l a P\u00e9cs v\u00e1ros\u00e1hoz k\u00f6thet\u0151 Zsolnay porcel\u00e1nig. A nap a Himnusz k\u00f6z\u00f6s \u00e9nekl\u00e9s\u00e9vel kezd\u0151d\u00f6tt.<\/p>\n\n\n\n<p>Az als\u00f3 tagozatosok a magyar diafilmgy\u00e1rt\u00e1s 70. \u00e9vfordul\u00f3ja kapcs\u00e1n diafilmeket n\u00e9ztek igazi retro diavet\u00edt\u0151k\u00f6n, majd a ki\u00e1ll\u00edt\u00e1s alapj\u00e1n rajzokat k\u00e9sz\u00edtettek a magyar kult\u00far\u00e1val kapcsolatosan.<\/p>\n\n\n\n<p>A fels\u0151 tagozatosok tankock\u00e1kat oldottak meg, els\u0151sorban a Himnusszal \u00f6sszef\u00fcgg\u00e9sben. A j\u00e1t\u00e9kos feladatok megold\u00e1sa k\u00f6zben haszn\u00e1lniuk kellett a kreativit\u00e1sukat, sz\u00e1mol\u00e1si \u00e9s tervez\u00e9si k\u00e9pess\u00e9g\u00fcket, t\u00e9rl\u00e1t\u00e1sukat, s\u0151t zenei k\u00e9pess\u00e9geiket is!<\/p>\n\n\n\n<p>A fels\u0151s koroszt\u00e1lyhoz k\u00f6zel\u00e1ll\u00f3 feladatok mindenkit megmozgattak, a megold\u00e1shoz tov\u00e1bbi IKT kompetenci\u00e1ikat is haszn\u00e1lhatt\u00e1k. V\u00e9gs\u0151 l\u00e9p\u00e9sk\u00e9nt a r\u00e9szfeladatok megold\u00e1sainak \u00f6sszegy\u0171jt\u00e9se ut\u00e1n mindenki gratul\u00e1l\u00f3 oklevelet kapott.<\/p>\n\n\n\n<p>Az aul\u00e1ban ki\u00e1ll\u00edt\u00e1st rendezt\u00fcnk az als\u00f3sok rajzaib\u00f3l \u00e9s a fels\u0151s\u00f6k magyar kult\u00far\u00e1r\u00f3l k\u00e9sz\u00edtett gondolatt\u00e9rk\u00e9peib\u0151l.<\/p>\n\n\n\n<p>A magyar kult\u00fara \u00e1b\u00e9c\u00e9j\u00e9\u00e9rt \u00e9s a feladatsor rendelkez\u00e9s\u00fcnkre bocs\u00e1t\u00e1s\u00e1\u00e9rt hatalmas k\u00f6sz\u00f6net Boldog L\u00e1szl\u00f3n\u00e9 Ang\u00e9la n\u00e9ninek! K\u00f6sz\u00f6n\u00f6m minden als\u00f3s \u00e9s fels\u0151s koll\u00e9ga egy\u00fcttm\u0171k\u00f6d\u00e9s\u00e9t!<\/p>\n\n\n\n<figure class=\"wp-block-image size-full\"><img loading=\"lazy\" decoding=\"async\" width=\"1013\" height=\"697\" data-attachment-id=\"3807\" data-permalink=\"http:\/\/jaszai-iskola.net\/wp\/2024\/01\/22\/magyar-kultura-napja-3\/kult\/\" data-orig-file=\"http:\/\/jaszai-iskola.net\/wp\/wp-content\/uploads\/2024\/02\/kult.jpg\" data-orig-size=\"1013,697\" data-comments-opened=\"1\" data-image-meta=\"{&quot;aperture&quot;:&quot;0&quot;,&quot;credit&quot;:&quot;&quot;,&quot;camera&quot;:&quot;&quot;,&quot;caption&quot;:&quot;&quot;,&quot;created_timestamp&quot;:&quot;0&quot;,&quot;copyright&quot;:&quot;&quot;,&quot;focal_length&quot;:&quot;0&quot;,&quot;iso&quot;:&quot;0&quot;,&quot;shutter_speed&quot;:&quot;0&quot;,&quot;title&quot;:&quot;&quot;,&quot;orientation&quot;:&quot;0&quot;}\" data-image-title=\"kult\" data-image-description=\"\" data-image-caption=\"\" data-medium-file=\"http:\/\/jaszai-iskola.net\/wp\/wp-content\/uploads\/2024\/02\/kult-300x206.jpg\" data-large-file=\"http:\/\/jaszai-iskola.net\/wp\/wp-content\/uploads\/2024\/02\/kult.jpg\" src=\"https:\/\/jaszai-iskola.net\/wp\/wp-content\/uploads\/2024\/02\/kult.jpg\" alt=\"\" class=\"wp-image-3807\" srcset=\"http:\/\/jaszai-iskola.net\/wp\/wp-content\/uploads\/2024\/02\/kult.jpg 1013w, http:\/\/jaszai-iskola.net\/wp\/wp-content\/uploads\/2024\/02\/kult-300x206.jpg 300w, http:\/\/jaszai-iskola.net\/wp\/wp-content\/uploads\/2024\/02\/kult-768x528.jpg 768w\" sizes=\"auto, (max-width: 1013px) 100vw, 1013px\" \/><\/figure>\n\n\n\n<p class=\"has-text-align-right\">T\u00f3th Csilla<\/p>\n","protected":false},"excerpt":{"rendered":"<p>1989 \u00f3ta minden \u00e9v elej\u00e9n megeml\u00e9kez\u00fcnk a magyar kult\u00fara nap\u00e1r\u00f3l azon a napon, amelyen K\u00f6lcsey Ferenc 1823-ban befejezte gy\u00f6ny\u00f6r\u0171 nemzeti im\u00e1nkat. Ebben a tan\u00e9vben egy kis ki\u00e1ll\u00edt\u00e1st tekinthettek meg di\u00e1kjaink, melyben bet\u0171rendbe szedve l\u00e1thattuk kult\u00far\u00e1nk \u00e9rt\u00e9keit Arany J\u00e1nos k\u00f6lt\u00e9szet\u00e9t\u0151l a P\u00e9cs v\u00e1ros\u00e1hoz k\u00f6thet\u0151 Zsolnay porcel\u00e1nig. A nap a Himnusz k\u00f6z\u00f6s \u00e9nekl\u00e9s\u00e9vel kezd\u0151d\u00f6tt. Az als\u00f3 tagozatosok [&hellip;]<\/p>\n","protected":false},"author":4,"featured_media":0,"comment_status":"open","ping_status":"open","sticky":false,"template":"","format":"standard","meta":{"ngg_post_thumbnail":0,"jetpack_post_was_ever_published":false,"_jetpack_newsletter_access":"","_jetpack_dont_email_post_to_subs":false,"_jetpack_newsletter_tier_id":0,"_jetpack_memberships_contains_paywalled_content":false,"_jetpack_memberships_contains_paid_content":false,"footnotes":"","jetpack_publicize_message":"","jetpack_publicize_feature_enabled":true,"jetpack_social_post_already_shared":true,"jetpack_social_options":{"image_generator_settings":{"template":"highway","default_image_id":0,"font":"","enabled":false},"version":2}},"categories":[13],"tags":[],"class_list":["post-3806","post","type-post","status-publish","format-standard","hentry","category-hirek"],"jetpack_publicize_connections":[],"jetpack_featured_media_url":"","jetpack_sharing_enabled":true,"jetpack_shortlink":"https:\/\/wp.me\/p7WZAv-Zo","jetpack-related-posts":[],"jetpack_likes_enabled":true,"_links":{"self":[{"href":"http:\/\/jaszai-iskola.net\/wp\/wp-json\/wp\/v2\/posts\/3806","targetHints":{"allow":["GET"]}}],"collection":[{"href":"http:\/\/jaszai-iskola.net\/wp\/wp-json\/wp\/v2\/posts"}],"about":[{"href":"http:\/\/jaszai-iskola.net\/wp\/wp-json\/wp\/v2\/types\/post"}],"author":[{"embeddable":true,"href":"http:\/\/jaszai-iskola.net\/wp\/wp-json\/wp\/v2\/users\/4"}],"replies":[{"embeddable":true,"href":"http:\/\/jaszai-iskola.net\/wp\/wp-json\/wp\/v2\/comments?post=3806"}],"version-history":[{"count":1,"href":"http:\/\/jaszai-iskola.net\/wp\/wp-json\/wp\/v2\/posts\/3806\/revisions"}],"predecessor-version":[{"id":3808,"href":"http:\/\/jaszai-iskola.net\/wp\/wp-json\/wp\/v2\/posts\/3806\/revisions\/3808"}],"wp:attachment":[{"href":"http:\/\/jaszai-iskola.net\/wp\/wp-json\/wp\/v2\/media?parent=3806"}],"wp:term":[{"taxonomy":"category","embeddable":true,"href":"http:\/\/jaszai-iskola.net\/wp\/wp-json\/wp\/v2\/categories?post=3806"},{"taxonomy":"post_tag","embeddable":true,"href":"http:\/\/jaszai-iskola.net\/wp\/wp-json\/wp\/v2\/tags?post=3806"}],"curies":[{"name":"wp","href":"https:\/\/api.w.org\/{rel}","templated":true}]}}