{"id":3596,"date":"2023-10-06T10:07:00","date_gmt":"2023-10-06T09:07:00","guid":{"rendered":"https:\/\/jaszai-iskola.net\/wp\/?p=3596"},"modified":"2023-10-13T10:08:54","modified_gmt":"2023-10-13T09:08:54","slug":"oktober-6-az-aradi-vertanuk-emleknapja","status":"publish","type":"post","link":"http:\/\/jaszai-iskola.net\/wp\/2023\/10\/06\/oktober-6-az-aradi-vertanuk-emleknapja\/","title":{"rendered":"Okt\u00f3ber 6.\u00a0 Az aradi v\u00e9rtan\u00fak eml\u00e9knapja"},"content":{"rendered":"\n<p>Az idei tan\u00e9vben is megeml\u00e9kezt\u00fcnk az aradi v\u00e9rtan\u00fakr\u00f3l iskol\u00e1nk k\u00f6z\u00f6ss\u00e9g\u00e9vel egy\u00fctt.<\/p>\n\n\n\n<p>Okt\u00f3ber 6-a nemzeti gy\u00e1sznap. Az 1848\u201349-es forradalom \u00e9s szabads\u00e1gharc lever\u00e9se ut\u00e1n Aradon kiv\u00e9gzett 13 h\u0151s v\u00e9rtan\u00fara, illetve ugyanekkor Pesten kiv\u00e9gzett gr\u00f3f Batthy\u00e1ny Lajosra eml\u00e9kez\u00fcnk ezen a napon.<\/p>\n\n\n\n<div class=\"wp-block-jetpack-tiled-gallery is-style-rectangular\"><div class=\"tiled-gallery__gallery\"><div class=\"tiled-gallery__row\"><div class=\"tiled-gallery__col\" style=\"flex-basis:51.01611%\"><figure class=\"tiled-gallery__item\"><img decoding=\"async\" data-attachment-id=\"3599\" data-permalink=\"http:\/\/jaszai-iskola.net\/wp\/2023\/10\/06\/oktober-6-az-aradi-vertanuk-emleknapja\/unnamed-1\/\" data-orig-file=\"http:\/\/jaszai-iskola.net\/wp\/wp-content\/uploads\/2023\/10\/unnamed-1.png\" data-orig-size=\"512,288\" data-comments-opened=\"1\" data-image-meta=\"{&quot;aperture&quot;:&quot;0&quot;,&quot;credit&quot;:&quot;&quot;,&quot;camera&quot;:&quot;&quot;,&quot;caption&quot;:&quot;&quot;,&quot;created_timestamp&quot;:&quot;0&quot;,&quot;copyright&quot;:&quot;&quot;,&quot;focal_length&quot;:&quot;0&quot;,&quot;iso&quot;:&quot;0&quot;,&quot;shutter_speed&quot;:&quot;0&quot;,&quot;title&quot;:&quot;&quot;,&quot;orientation&quot;:&quot;0&quot;}\" data-image-title=\"unnamed-1\" data-image-description=\"\" data-image-caption=\"\" data-medium-file=\"http:\/\/jaszai-iskola.net\/wp\/wp-content\/uploads\/2023\/10\/unnamed-1-300x169.png\" data-large-file=\"http:\/\/jaszai-iskola.net\/wp\/wp-content\/uploads\/2023\/10\/unnamed-1.png\" data-attachment-id=\"3599\" data-permalink=\"http:\/\/jaszai-iskola.net\/wp\/2023\/10\/06\/oktober-6-az-aradi-vertanuk-emleknapja\/unnamed-1\/\" data-orig-file=\"http:\/\/jaszai-iskola.net\/wp\/wp-content\/uploads\/2023\/10\/unnamed-1.png\" data-orig-size=\"512,288\" data-comments-opened=\"1\" data-image-meta=\"{&quot;aperture&quot;:&quot;0&quot;,&quot;credit&quot;:&quot;&quot;,&quot;camera&quot;:&quot;&quot;,&quot;caption&quot;:&quot;&quot;,&quot;created_timestamp&quot;:&quot;0&quot;,&quot;copyright&quot;:&quot;&quot;,&quot;focal_length&quot;:&quot;0&quot;,&quot;iso&quot;:&quot;0&quot;,&quot;shutter_speed&quot;:&quot;0&quot;,&quot;title&quot;:&quot;&quot;,&quot;orientation&quot;:&quot;0&quot;}\" data-image-title=\"unnamed-1\" data-image-description=\"\" data-image-caption=\"\" data-medium-file=\"http:\/\/jaszai-iskola.net\/wp\/wp-content\/uploads\/2023\/10\/unnamed-1-300x169.png\" data-large-file=\"http:\/\/jaszai-iskola.net\/wp\/wp-content\/uploads\/2023\/10\/unnamed-1.png\" role=\"button\" tabindex=\"0\" aria-label=\"Open image 1 of 2 in full-screen\"srcset=\"https:\/\/i0.wp.com\/jaszai-iskola.net\/wp\/wp-content\/uploads\/2023\/10\/unnamed-1.png?strip=info&#038;w=512&#038;ssl=1 512w\" alt=\"\" data-height=\"288\" data-id=\"3599\" data-link=\"https:\/\/jaszai-iskola.net\/wp\/?attachment_id=3599\" data-url=\"https:\/\/jaszai-iskola.net\/wp\/wp-content\/uploads\/2023\/10\/unnamed-1.png\" data-width=\"512\" src=\"https:\/\/i0.wp.com\/jaszai-iskola.net\/wp\/wp-content\/uploads\/2023\/10\/unnamed-1.png?ssl=1\" data-amp-layout=\"responsive\"\/><\/figure><\/div><div class=\"tiled-gallery__col\" style=\"flex-basis:48.98389%\"><figure class=\"tiled-gallery__item\"><img decoding=\"async\" data-attachment-id=\"3598\" data-permalink=\"http:\/\/jaszai-iskola.net\/wp\/2023\/10\/06\/oktober-6-az-aradi-vertanuk-emleknapja\/unnamed-2\/\" data-orig-file=\"http:\/\/jaszai-iskola.net\/wp\/wp-content\/uploads\/2023\/10\/unnamed.jpg\" data-orig-size=\"512,300\" data-comments-opened=\"1\" data-image-meta=\"{&quot;aperture&quot;:&quot;0&quot;,&quot;credit&quot;:&quot;&quot;,&quot;camera&quot;:&quot;&quot;,&quot;caption&quot;:&quot;&quot;,&quot;created_timestamp&quot;:&quot;0&quot;,&quot;copyright&quot;:&quot;&quot;,&quot;focal_length&quot;:&quot;0&quot;,&quot;iso&quot;:&quot;0&quot;,&quot;shutter_speed&quot;:&quot;0&quot;,&quot;title&quot;:&quot;&quot;,&quot;orientation&quot;:&quot;0&quot;}\" data-image-title=\"unnamed\" data-image-description=\"\" data-image-caption=\"\" data-medium-file=\"http:\/\/jaszai-iskola.net\/wp\/wp-content\/uploads\/2023\/10\/unnamed-300x176.jpg\" data-large-file=\"http:\/\/jaszai-iskola.net\/wp\/wp-content\/uploads\/2023\/10\/unnamed.jpg\" data-attachment-id=\"3598\" data-permalink=\"http:\/\/jaszai-iskola.net\/wp\/2023\/10\/06\/oktober-6-az-aradi-vertanuk-emleknapja\/unnamed-2\/\" data-orig-file=\"http:\/\/jaszai-iskola.net\/wp\/wp-content\/uploads\/2023\/10\/unnamed.jpg\" data-orig-size=\"512,300\" data-comments-opened=\"1\" data-image-meta=\"{&quot;aperture&quot;:&quot;0&quot;,&quot;credit&quot;:&quot;&quot;,&quot;camera&quot;:&quot;&quot;,&quot;caption&quot;:&quot;&quot;,&quot;created_timestamp&quot;:&quot;0&quot;,&quot;copyright&quot;:&quot;&quot;,&quot;focal_length&quot;:&quot;0&quot;,&quot;iso&quot;:&quot;0&quot;,&quot;shutter_speed&quot;:&quot;0&quot;,&quot;title&quot;:&quot;&quot;,&quot;orientation&quot;:&quot;0&quot;}\" data-image-title=\"unnamed\" data-image-description=\"\" data-image-caption=\"\" data-medium-file=\"http:\/\/jaszai-iskola.net\/wp\/wp-content\/uploads\/2023\/10\/unnamed-300x176.jpg\" data-large-file=\"http:\/\/jaszai-iskola.net\/wp\/wp-content\/uploads\/2023\/10\/unnamed.jpg\" role=\"button\" tabindex=\"0\" aria-label=\"Open image 2 of 2 in full-screen\"srcset=\"https:\/\/i0.wp.com\/jaszai-iskola.net\/wp\/wp-content\/uploads\/2023\/10\/unnamed.jpg?strip=info&#038;w=512&#038;ssl=1 512w\" alt=\"\" data-height=\"300\" data-id=\"3598\" data-link=\"https:\/\/jaszai-iskola.net\/wp\/?attachment_id=3598\" data-url=\"https:\/\/jaszai-iskola.net\/wp\/wp-content\/uploads\/2023\/10\/unnamed.jpg\" data-width=\"512\" src=\"https:\/\/i0.wp.com\/jaszai-iskola.net\/wp\/wp-content\/uploads\/2023\/10\/unnamed.jpg?ssl=1\" data-amp-layout=\"responsive\"\/><\/figure><\/div><\/div><\/div><\/div>\n\n\n\n<p>Az aradi v\u00e9rtan\u00fak nev\u00fcket \u00e9s \u00e9let\u00fcket a szabads\u00e1g eszm\u00e9j\u00e9vel egy\u00fctt \u00f6r\u00f6kre bele\u00edrt\u00e1k a magyars\u00e1g t\u00f6rt\u00e9net\u00e9be. Hab\u00e1r a szabads\u00e1gharc elbukott, h\u0151seink \u00e1ldozata m\u00e9gsem volt hi\u00e1baval\u00f3. M\u00e1rt\u00edrhal\u00e1luk az\u00f3ta jelk\u00e9pp\u00e9 v\u00e1lt. Annak a k\u00fczdelemnek \u00e9s \u00e1ldozatv\u00e1llal\u00e1snak a szimb\u00f3lum\u00e1v\u00e1 v\u00e1ltak \u0151k, amelyet a magyar n\u00e9p \u00e9vsz\u00e1zadokon \u00e1t folytatott nemzeti f\u00fcggetlens\u00e9ge megteremt\u00e9s\u00e9\u00e9rt, t\u00e1rsadalmi halad\u00e1s\u00e1\u00e9rt.<\/p>\n\n\n\n<p>Ezen a napon Cseh Tam\u00e1s \u00e9s P\u00e9terdi P\u00e9ter dala, a Jaj, de b\u00fasan s\u00fct az \u0151szi nap sug\u00e1ra, -v\u00e1rta az iskol\u00e1ba \u00e9rkez\u0151 gyerekeket, mely hangos\u00edt\u00f3n sz\u00f3lt a gy\u00fclekez\u0151ig.<br>Tan\u00edt\u00e1s el\u0151tt, az iskola udvar\u00e1n \u00fcnnepl\u0151ben \u00f6sszegy\u0171lt\u00fcnk, int\u00e9zm\u00e9nyvezet\u0151 asszony elmondta megeml\u00e9kez\u0151 besz\u00e9d\u00e9t \u00e9s hagyom\u00e1nyainkhoz h\u00edven k\u00f6z\u00f6sen elszavaltuk a 13 aradi v\u00e9rtan\u00fa nev\u00e9t. Iskol\u00e1nk 7.b oszt\u00e1lyos tanul\u00f3ja, Szab\u00f3 Gergely elszavalta Juh\u00e1sz Gyula: V\u00e9rtan\u00faink c\u00edm\u0171 k\u00f6ltem\u00e9ny\u00e9t az iskola k\u00f6z\u00f6ss\u00e9gnek. A meghat\u00f3 \u00e9s hat\u00e1sos szavalat ut\u00e1n a Sz\u00f3zatot \u00e9nekelt\u00fck el k\u00f6z\u00f6sen. A nap folyam\u00e1n a kopjaf\u00e1t is megkoszor\u00faztuk.<\/p>\n\n\n\n<p>Iskol\u00e1nk tanul\u00f3i az aul\u00e1ban elhelyezett eml\u00e9kt\u00e1bl\u00e1n\u00e1l ler\u00f3hatt\u00e1k tisztelet\u00fcket az aradi v\u00e9rtan\u00faknak \u00e1ll\u00edtott eml\u00e9kfal el\u0151tt, melyhez m\u00e9cseseket \u00e9s vir\u00e1got is hoztak a gyerekek.<\/p>\n\n\n\n<p>A megeml\u00e9kez\u00e9s az iskol\u00e1nk hagyom\u00e1nyainak megfelel\u0151en zajlott, a di\u00e1kok nyitottan, \u00e9rdekl\u0151dve \u00e9s m\u00e9lt\u00f3 m\u00f3don r\u00f3tt\u00e1k le tisztelet\u00fcket e napon.<\/p>\n\n\n\n<h2 class=\"wp-block-heading has-text-align-center\">Rendhagy\u00f3 t\u00f6rt\u00e9nelem \u00f3ra a nemzeti gy\u00e1sznap alkalm\u00e1b\u00f3l<\/h2>\n\n\n\n<p>Id\u00e9n egy rendhagy\u00f3 t\u00f6rt\u00e9nelem \u00f3r\u00e1n is volt m\u00f3dunk r\u00e9szt venni, ahova a v\u00e1ros minden iskol\u00e1j\u00e1b\u00f3l csapatok szervez\u0151dtek, erre a c\u00e9lra. A rendezv\u00e9ny Sz\u0151nyi Attila szervez\u00e9s\u00e9ben zajlott, helysz\u00edne: Monor, Str\u00e1zsahegy, Tarb\u00e1ly pince volt. R\u00e9sztvev\u0151ink: 6. b oszt\u00e1lyos t\u00f6rt\u00e9nelem szakk\u00f6r\u00f6s di\u00e1kok. (2 csapat)<\/p>\n\n\n\n<ol class=\"wp-block-list\">\n<li>T\u00f6rtet\u0151k csapata: Gyergy\u00f3 Zselyke, Par\u00e1k Zs\u00f3fia, Vid\u00e1m Katica, \u00d3csai \u00c1d\u00e1m<\/li>\n\n\n\n<li>Anonymus csapat: Kuk\u00e1r Anna Csenge, Silaghi R\u00e9ka, Szak\u00e1cs Zo\u00e9, T\u00f3th Fanni<\/li>\n<\/ol>\n\n\n\n<div class=\"wp-block-jetpack-tiled-gallery aligncenter is-style-rectangular\"><div class=\"tiled-gallery__gallery\"><div class=\"tiled-gallery__row\"><div class=\"tiled-gallery__col\" style=\"flex-basis:50.00000%\"><figure class=\"tiled-gallery__item\"><img decoding=\"async\" data-attachment-id=\"3600\" data-permalink=\"http:\/\/jaszai-iskola.net\/wp\/2023\/10\/06\/oktober-6-az-aradi-vertanuk-emleknapja\/unnamed-2-2\/\" data-orig-file=\"http:\/\/jaszai-iskola.net\/wp\/wp-content\/uploads\/2023\/10\/unnamed-2.png\" data-orig-size=\"512,288\" data-comments-opened=\"1\" data-image-meta=\"{&quot;aperture&quot;:&quot;0&quot;,&quot;credit&quot;:&quot;&quot;,&quot;camera&quot;:&quot;&quot;,&quot;caption&quot;:&quot;&quot;,&quot;created_timestamp&quot;:&quot;0&quot;,&quot;copyright&quot;:&quot;&quot;,&quot;focal_length&quot;:&quot;0&quot;,&quot;iso&quot;:&quot;0&quot;,&quot;shutter_speed&quot;:&quot;0&quot;,&quot;title&quot;:&quot;&quot;,&quot;orientation&quot;:&quot;0&quot;}\" data-image-title=\"unnamed-2\" data-image-description=\"\" data-image-caption=\"\" data-medium-file=\"http:\/\/jaszai-iskola.net\/wp\/wp-content\/uploads\/2023\/10\/unnamed-2-300x169.png\" data-large-file=\"http:\/\/jaszai-iskola.net\/wp\/wp-content\/uploads\/2023\/10\/unnamed-2.png\" data-attachment-id=\"3600\" data-permalink=\"http:\/\/jaszai-iskola.net\/wp\/2023\/10\/06\/oktober-6-az-aradi-vertanuk-emleknapja\/unnamed-2-2\/\" data-orig-file=\"http:\/\/jaszai-iskola.net\/wp\/wp-content\/uploads\/2023\/10\/unnamed-2.png\" data-orig-size=\"512,288\" data-comments-opened=\"1\" data-image-meta=\"{&quot;aperture&quot;:&quot;0&quot;,&quot;credit&quot;:&quot;&quot;,&quot;camera&quot;:&quot;&quot;,&quot;caption&quot;:&quot;&quot;,&quot;created_timestamp&quot;:&quot;0&quot;,&quot;copyright&quot;:&quot;&quot;,&quot;focal_length&quot;:&quot;0&quot;,&quot;iso&quot;:&quot;0&quot;,&quot;shutter_speed&quot;:&quot;0&quot;,&quot;title&quot;:&quot;&quot;,&quot;orientation&quot;:&quot;0&quot;}\" data-image-title=\"unnamed-2\" data-image-description=\"\" data-image-caption=\"\" data-medium-file=\"http:\/\/jaszai-iskola.net\/wp\/wp-content\/uploads\/2023\/10\/unnamed-2-300x169.png\" data-large-file=\"http:\/\/jaszai-iskola.net\/wp\/wp-content\/uploads\/2023\/10\/unnamed-2.png\" role=\"button\" tabindex=\"0\" aria-label=\"Open image 1 of 2 in full-screen\"srcset=\"https:\/\/i0.wp.com\/jaszai-iskola.net\/wp\/wp-content\/uploads\/2023\/10\/unnamed-2.png?strip=info&#038;w=512&#038;ssl=1 512w\" alt=\"\" data-height=\"288\" data-id=\"3600\" data-link=\"https:\/\/jaszai-iskola.net\/wp\/?attachment_id=3600\" data-url=\"https:\/\/jaszai-iskola.net\/wp\/wp-content\/uploads\/2023\/10\/unnamed-2.png\" data-width=\"512\" src=\"https:\/\/i0.wp.com\/jaszai-iskola.net\/wp\/wp-content\/uploads\/2023\/10\/unnamed-2.png?ssl=1\" data-amp-layout=\"responsive\"\/><\/figure><\/div><div class=\"tiled-gallery__col\" style=\"flex-basis:50.00000%\"><figure class=\"tiled-gallery__item\"><img decoding=\"async\" data-attachment-id=\"3601\" data-permalink=\"http:\/\/jaszai-iskola.net\/wp\/2023\/10\/06\/oktober-6-az-aradi-vertanuk-emleknapja\/unnamed-1-1\/\" data-orig-file=\"http:\/\/jaszai-iskola.net\/wp\/wp-content\/uploads\/2023\/10\/unnamed-1-1.png\" data-orig-size=\"512,288\" data-comments-opened=\"1\" data-image-meta=\"{&quot;aperture&quot;:&quot;0&quot;,&quot;credit&quot;:&quot;&quot;,&quot;camera&quot;:&quot;&quot;,&quot;caption&quot;:&quot;&quot;,&quot;created_timestamp&quot;:&quot;0&quot;,&quot;copyright&quot;:&quot;&quot;,&quot;focal_length&quot;:&quot;0&quot;,&quot;iso&quot;:&quot;0&quot;,&quot;shutter_speed&quot;:&quot;0&quot;,&quot;title&quot;:&quot;&quot;,&quot;orientation&quot;:&quot;0&quot;}\" data-image-title=\"unnamed-1-1\" data-image-description=\"\" data-image-caption=\"\" data-medium-file=\"http:\/\/jaszai-iskola.net\/wp\/wp-content\/uploads\/2023\/10\/unnamed-1-1-300x169.png\" data-large-file=\"http:\/\/jaszai-iskola.net\/wp\/wp-content\/uploads\/2023\/10\/unnamed-1-1.png\" data-attachment-id=\"3601\" data-permalink=\"http:\/\/jaszai-iskola.net\/wp\/2023\/10\/06\/oktober-6-az-aradi-vertanuk-emleknapja\/unnamed-1-1\/\" data-orig-file=\"http:\/\/jaszai-iskola.net\/wp\/wp-content\/uploads\/2023\/10\/unnamed-1-1.png\" data-orig-size=\"512,288\" data-comments-opened=\"1\" data-image-meta=\"{&quot;aperture&quot;:&quot;0&quot;,&quot;credit&quot;:&quot;&quot;,&quot;camera&quot;:&quot;&quot;,&quot;caption&quot;:&quot;&quot;,&quot;created_timestamp&quot;:&quot;0&quot;,&quot;copyright&quot;:&quot;&quot;,&quot;focal_length&quot;:&quot;0&quot;,&quot;iso&quot;:&quot;0&quot;,&quot;shutter_speed&quot;:&quot;0&quot;,&quot;title&quot;:&quot;&quot;,&quot;orientation&quot;:&quot;0&quot;}\" data-image-title=\"unnamed-1-1\" data-image-description=\"\" data-image-caption=\"\" data-medium-file=\"http:\/\/jaszai-iskola.net\/wp\/wp-content\/uploads\/2023\/10\/unnamed-1-1-300x169.png\" data-large-file=\"http:\/\/jaszai-iskola.net\/wp\/wp-content\/uploads\/2023\/10\/unnamed-1-1.png\" role=\"button\" tabindex=\"0\" aria-label=\"Open image 2 of 2 in full-screen\"srcset=\"https:\/\/i2.wp.com\/jaszai-iskola.net\/wp\/wp-content\/uploads\/2023\/10\/unnamed-1-1.png?strip=info&#038;w=512&#038;ssl=1 512w\" alt=\"\" data-height=\"288\" data-id=\"3601\" data-link=\"https:\/\/jaszai-iskola.net\/wp\/?attachment_id=3601\" data-url=\"https:\/\/jaszai-iskola.net\/wp\/wp-content\/uploads\/2023\/10\/unnamed-1-1.png\" data-width=\"512\" src=\"https:\/\/i2.wp.com\/jaszai-iskola.net\/wp\/wp-content\/uploads\/2023\/10\/unnamed-1-1.png?ssl=1\" data-amp-layout=\"responsive\"\/><\/figure><\/div><\/div><\/div><\/div>\n\n\n\n<p>Iskol\u00e1nk n\u00e9pt\u00e1nc csoportj\u00e1hoz megtisztel\u0151 felk\u00e9r\u00e9s \u00e9rkezett, hogy r\u00f6vid m\u0171sorral sz\u00ednes\u00edts\u00e9k a megeml\u00e9kez\u00e9st. Csoportunk csaknem k\u00e9t tucat t\u00e1ncosa m\u00e9lt\u00f3 m\u00f3don, meghat\u00f3 m\u0171sorral tett eleget a megkeres\u00e9snek. Csod\u00e1latos felk\u00e9sz\u00fcl\u00e9s\u00fck gy\u00fcm\u00f6lcse a r\u00e9sztvev\u0151k pozit\u00edv visszajelz\u00e9se, k\u00f6sz\u00f6net nyilv\u00e1n\u00edt\u00e1sa, amely hatalmas \u00f6r\u00f6mmel t\u00f6lt\u00f6tte el kis csapatunk minden tagj\u00e1t. Felk\u00e9sz\u00edt\u0151 pedag\u00f3gusok: Bukai Tiborn\u00e9, Papp Anna, T\u00f3th Zsolt<\/p>\n\n\n\n<div class=\"wp-block-jetpack-tiled-gallery aligncenter is-style-rectangular\"><div class=\"tiled-gallery__gallery\"><div class=\"tiled-gallery__row\"><div class=\"tiled-gallery__col\" style=\"flex-basis:29.71688%\"><figure class=\"tiled-gallery__item\"><img decoding=\"async\" data-attachment-id=\"3609\" data-permalink=\"http:\/\/jaszai-iskola.net\/wp\/2023\/10\/06\/oktober-6-az-aradi-vertanuk-emleknapja\/unnamed-10\/\" data-orig-file=\"http:\/\/jaszai-iskola.net\/wp\/wp-content\/uploads\/2023\/10\/unnamed-10.png\" data-orig-size=\"288,512\" data-comments-opened=\"1\" data-image-meta=\"{&quot;aperture&quot;:&quot;0&quot;,&quot;credit&quot;:&quot;&quot;,&quot;camera&quot;:&quot;&quot;,&quot;caption&quot;:&quot;&quot;,&quot;created_timestamp&quot;:&quot;0&quot;,&quot;copyright&quot;:&quot;&quot;,&quot;focal_length&quot;:&quot;0&quot;,&quot;iso&quot;:&quot;0&quot;,&quot;shutter_speed&quot;:&quot;0&quot;,&quot;title&quot;:&quot;&quot;,&quot;orientation&quot;:&quot;0&quot;}\" data-image-title=\"unnamed-10\" data-image-description=\"\" data-image-caption=\"\" data-medium-file=\"http:\/\/jaszai-iskola.net\/wp\/wp-content\/uploads\/2023\/10\/unnamed-10-169x300.png\" data-large-file=\"http:\/\/jaszai-iskola.net\/wp\/wp-content\/uploads\/2023\/10\/unnamed-10.png\" data-attachment-id=\"3609\" data-permalink=\"http:\/\/jaszai-iskola.net\/wp\/2023\/10\/06\/oktober-6-az-aradi-vertanuk-emleknapja\/unnamed-10\/\" data-orig-file=\"http:\/\/jaszai-iskola.net\/wp\/wp-content\/uploads\/2023\/10\/unnamed-10.png\" data-orig-size=\"288,512\" data-comments-opened=\"1\" data-image-meta=\"{&quot;aperture&quot;:&quot;0&quot;,&quot;credit&quot;:&quot;&quot;,&quot;camera&quot;:&quot;&quot;,&quot;caption&quot;:&quot;&quot;,&quot;created_timestamp&quot;:&quot;0&quot;,&quot;copyright&quot;:&quot;&quot;,&quot;focal_length&quot;:&quot;0&quot;,&quot;iso&quot;:&quot;0&quot;,&quot;shutter_speed&quot;:&quot;0&quot;,&quot;title&quot;:&quot;&quot;,&quot;orientation&quot;:&quot;0&quot;}\" data-image-title=\"unnamed-10\" data-image-description=\"\" data-image-caption=\"\" data-medium-file=\"http:\/\/jaszai-iskola.net\/wp\/wp-content\/uploads\/2023\/10\/unnamed-10-169x300.png\" data-large-file=\"http:\/\/jaszai-iskola.net\/wp\/wp-content\/uploads\/2023\/10\/unnamed-10.png\" role=\"button\" tabindex=\"0\" aria-label=\"Open image 1 of 2 in full-screen\"srcset=\"https:\/\/i1.wp.com\/jaszai-iskola.net\/wp\/wp-content\/uploads\/2023\/10\/unnamed-10.png?strip=info&#038;w=288&#038;ssl=1 288w\" alt=\"\" data-height=\"512\" data-id=\"3609\" data-link=\"https:\/\/jaszai-iskola.net\/wp\/?attachment_id=3609\" data-url=\"https:\/\/jaszai-iskola.net\/wp\/wp-content\/uploads\/2023\/10\/unnamed-10.png\" data-width=\"288\" src=\"https:\/\/i1.wp.com\/jaszai-iskola.net\/wp\/wp-content\/uploads\/2023\/10\/unnamed-10.png?ssl=1\" data-amp-layout=\"responsive\"\/><\/figure><\/div><div class=\"tiled-gallery__col\" style=\"flex-basis:70.28312%\"><figure class=\"tiled-gallery__item\"><img decoding=\"async\" data-attachment-id=\"3610\" data-permalink=\"http:\/\/jaszai-iskola.net\/wp\/2023\/10\/06\/oktober-6-az-aradi-vertanuk-emleknapja\/unnamed-3-1\/\" data-orig-file=\"http:\/\/jaszai-iskola.net\/wp\/wp-content\/uploads\/2023\/10\/unnamed-3-1.png\" data-orig-size=\"512,384\" data-comments-opened=\"1\" data-image-meta=\"{&quot;aperture&quot;:&quot;0&quot;,&quot;credit&quot;:&quot;&quot;,&quot;camera&quot;:&quot;&quot;,&quot;caption&quot;:&quot;&quot;,&quot;created_timestamp&quot;:&quot;0&quot;,&quot;copyright&quot;:&quot;&quot;,&quot;focal_length&quot;:&quot;0&quot;,&quot;iso&quot;:&quot;0&quot;,&quot;shutter_speed&quot;:&quot;0&quot;,&quot;title&quot;:&quot;&quot;,&quot;orientation&quot;:&quot;0&quot;}\" data-image-title=\"unnamed-3-1\" data-image-description=\"\" data-image-caption=\"\" data-medium-file=\"http:\/\/jaszai-iskola.net\/wp\/wp-content\/uploads\/2023\/10\/unnamed-3-1-300x225.png\" data-large-file=\"http:\/\/jaszai-iskola.net\/wp\/wp-content\/uploads\/2023\/10\/unnamed-3-1.png\" data-attachment-id=\"3610\" data-permalink=\"http:\/\/jaszai-iskola.net\/wp\/2023\/10\/06\/oktober-6-az-aradi-vertanuk-emleknapja\/unnamed-3-1\/\" data-orig-file=\"http:\/\/jaszai-iskola.net\/wp\/wp-content\/uploads\/2023\/10\/unnamed-3-1.png\" data-orig-size=\"512,384\" data-comments-opened=\"1\" data-image-meta=\"{&quot;aperture&quot;:&quot;0&quot;,&quot;credit&quot;:&quot;&quot;,&quot;camera&quot;:&quot;&quot;,&quot;caption&quot;:&quot;&quot;,&quot;created_timestamp&quot;:&quot;0&quot;,&quot;copyright&quot;:&quot;&quot;,&quot;focal_length&quot;:&quot;0&quot;,&quot;iso&quot;:&quot;0&quot;,&quot;shutter_speed&quot;:&quot;0&quot;,&quot;title&quot;:&quot;&quot;,&quot;orientation&quot;:&quot;0&quot;}\" data-image-title=\"unnamed-3-1\" data-image-description=\"\" data-image-caption=\"\" data-medium-file=\"http:\/\/jaszai-iskola.net\/wp\/wp-content\/uploads\/2023\/10\/unnamed-3-1-300x225.png\" data-large-file=\"http:\/\/jaszai-iskola.net\/wp\/wp-content\/uploads\/2023\/10\/unnamed-3-1.png\" role=\"button\" tabindex=\"0\" aria-label=\"Open image 2 of 2 in full-screen\"srcset=\"https:\/\/i2.wp.com\/jaszai-iskola.net\/wp\/wp-content\/uploads\/2023\/10\/unnamed-3-1.png?strip=info&#038;w=512&#038;ssl=1 512w\" alt=\"\" data-height=\"384\" data-id=\"3610\" data-link=\"https:\/\/jaszai-iskola.net\/wp\/?attachment_id=3610\" data-url=\"https:\/\/jaszai-iskola.net\/wp\/wp-content\/uploads\/2023\/10\/unnamed-3-1.png\" data-width=\"512\" src=\"https:\/\/i2.wp.com\/jaszai-iskola.net\/wp\/wp-content\/uploads\/2023\/10\/unnamed-3-1.png?ssl=1\" data-amp-layout=\"responsive\"\/><\/figure><\/div><\/div><\/div><\/div>\n\n\n\n<p>&nbsp;\u201e<em>1848-49-es szabads\u00e1gharcot csak k\u00e9t nagyhatalom egyes\u00fclt hadereje tudta leverni. Az akkori magyar katonai \u00e9s politikai vezet\u00e9s kiemelked\u0151 tagjait kiv\u00e9gezt\u00e9k, vagy hossz\u00fa id\u0151re b\u00f6rt\u00f6nbe z\u00e1rt\u00e1k. Az orsz\u00e1got idegen hadsereg sz\u00e1llta meg, s mindent megtettek, hogy az orsz\u00e1got megfossz\u00e1k szabads\u00e1gv\u00e1gy\u00e1t\u00f3l, s az azt kiv\u00edvni, ill. meg\u0151rizni k\u00e9sz fegyveres er\u0151t\u0151l. De t\u00e9vedtek.<\/em><\/p>\n\n\n\n<p><strong><em>Minden f\u00e1jdalmas vesztes\u00e9g ellen\u00e9re \u00e9l e f\u00f6ld\u00f6n a husz\u00e1rvirtus, mindig vannak v\u00e9d\u0151i a Honnak, s mindig lesznek, kik ezt t\u00e1mogatni k\u00e9szek.<\/em><\/strong><\/p>\n\n\n\n<p><em>1848\/1849 \u00f6r\u00f6k\u00f6sei r\u00f6vid bemutat\u00f3kon villantj\u00e1k fel szabads\u00e1gharcunk f\u00e9nyes pillanatait, s k\u00f6z\u00f6sen tiszteleghet\u00fcnk egykori h\u0151seink eml\u00e9ke el\u0151tt.\u201d<\/em>&nbsp; Sz\u0151nyi Attila<\/p>\n\n\n\n<div class=\"wp-block-group is-vertical is-layout-flex wp-container-core-group-is-layout-8cf370e7 wp-block-group-is-layout-flex\">\n<p>K\u00f6zrem\u0171k\u00f6dtek:<\/p>\n\n\n\n<div class=\"wp-block-group is-vertical is-layout-flex wp-container-core-group-is-layout-8cf370e7 wp-block-group-is-layout-flex\">\n<p>\u00dcll\u0151i Vit\u00e9z \u00e9s Lovas Hagyom\u00e1ny\u0151rz\u0151 Egyes\u00fclet<\/p>\n\n\n\n<p>Kiskun Husz\u00e1r \u00e9s Honv\u00e9d Hagyom\u00e1ny\u0151r Egyes\u00fclet<\/p>\n\n\n\n<p>Wysocki L\u00e9gi\u00f3 Lengyel Hagyom\u00e1ny\u0151rz\u0151 Egyes\u00fclet<\/p>\n\n\n\n<p>P\u00e1ndi Honv\u00e9dt\u00fcz\u00e9rek<\/p>\n\n\n\n<p>Cegl\u00e9di Hagyom\u00e1ny\u00e9ltet\u0151 Bar\u00e1ti K\u00f6r&nbsp;<\/p>\n\n\n\n<p><\/p>\n\n\n\n<p>A husz\u00e1rok, gyalogs\u00e1g, t\u00fcz\u00e9rs\u00e9g, n\u00e9pfelkel\u0151k bemutat\u00f3it forg\u00f3sz\u00ednpad szer\u0171en n\u00e9zhett\u00e9k meg a versenyz\u0151k.\u00a0\u00a0<\/p>\n<\/div>\n<\/div>\n\n\n\n<p>A forg\u00f3sz\u00ednpadon v\u00e9gighaladva, az utols\u00f3 bemutat\u00f3t is megtekintve, a di\u00e1kok megkapt\u00e1k a kit\u00f6ltend\u0151 tot\u00f3t, mellyel \u00f6sszem\u00e9rhett\u00e9k tud\u00e1sukat.<\/p>\n\n\n\n<p>A tot\u00f3 k\u00e9rd\u00e9ssor\u00e1nak d\u00f6nt\u0151 r\u00e9sze a bemutat\u00f3kon elhangzottakra \u00e9p\u00fclt fel, de p\u00e1r k\u00e9rd\u00e9sre a v\u00e1laszok a monori helyt\u00f6rt\u00e9neti kiadv\u00e1nyokban rejt\u0151ztek.<\/p>\n\n\n\n<p>A vet\u00e9lked\u0151n r\u00e9szt vev\u0151 di\u00e1kok sz\u00e1m\u00e1ra a pontoz\u00e1s ideje alatt, illetve az eredm\u00e9nyhirdet\u00e9st k\u00f6vet\u0151en lehet\u0151s\u00e9g volt k\u00f6zelebbr\u0151l is megismerkedni a hagyom\u00e1ny\u0151rz\u0151kkel \u00e9s elfogyaszthatt\u00e1k a szervez\u0151k \u00e1ltal felaj\u00e1nlott \u00e9s elk\u00e9sz\u00edtett uzsonn\u00e1t, melyet a gyerekek nagy \u00f6r\u00f6mmel fogadtak.<\/p>\n\n\n\n<p>Ez \u00faton is k\u00f6sz\u00f6nj\u00fck a sz\u00ednvonalas bemutat\u00f3kat \u00e9s rendhagy\u00f3 t\u00f6rt\u00e9nelem\u00f3ra megszervez\u00e9s\u00e9t!<\/p>\n\n\n\n<p class=\"has-text-align-right\">Szabados- Szegv\u00e1ri Szilvia<\/p>\n\n\n\n<p class=\"has-text-align-right\">Kalteneckern\u00e9 Kupecz Orsolya<\/p>\n\n\n\n<div class=\"wp-block-jetpack-tiled-gallery aligncenter is-style-rectangular\"><div class=\"tiled-gallery__gallery\"><div class=\"tiled-gallery__row\"><div class=\"tiled-gallery__col\" style=\"flex-basis:50.00000%\"><figure class=\"tiled-gallery__item\"><img decoding=\"async\" data-attachment-id=\"3603\" data-permalink=\"http:\/\/jaszai-iskola.net\/wp\/2023\/10\/06\/oktober-6-az-aradi-vertanuk-emleknapja\/unnamed-9\/\" data-orig-file=\"http:\/\/jaszai-iskola.net\/wp\/wp-content\/uploads\/2023\/10\/unnamed-9.png\" data-orig-size=\"288,512\" data-comments-opened=\"1\" data-image-meta=\"{&quot;aperture&quot;:&quot;0&quot;,&quot;credit&quot;:&quot;&quot;,&quot;camera&quot;:&quot;&quot;,&quot;caption&quot;:&quot;&quot;,&quot;created_timestamp&quot;:&quot;0&quot;,&quot;copyright&quot;:&quot;&quot;,&quot;focal_length&quot;:&quot;0&quot;,&quot;iso&quot;:&quot;0&quot;,&quot;shutter_speed&quot;:&quot;0&quot;,&quot;title&quot;:&quot;&quot;,&quot;orientation&quot;:&quot;0&quot;}\" data-image-title=\"unnamed-9\" data-image-description=\"\" data-image-caption=\"\" data-medium-file=\"http:\/\/jaszai-iskola.net\/wp\/wp-content\/uploads\/2023\/10\/unnamed-9-169x300.png\" data-large-file=\"http:\/\/jaszai-iskola.net\/wp\/wp-content\/uploads\/2023\/10\/unnamed-9.png\" data-attachment-id=\"3603\" data-permalink=\"http:\/\/jaszai-iskola.net\/wp\/2023\/10\/06\/oktober-6-az-aradi-vertanuk-emleknapja\/unnamed-9\/\" data-orig-file=\"http:\/\/jaszai-iskola.net\/wp\/wp-content\/uploads\/2023\/10\/unnamed-9.png\" data-orig-size=\"288,512\" data-comments-opened=\"1\" data-image-meta=\"{&quot;aperture&quot;:&quot;0&quot;,&quot;credit&quot;:&quot;&quot;,&quot;camera&quot;:&quot;&quot;,&quot;caption&quot;:&quot;&quot;,&quot;created_timestamp&quot;:&quot;0&quot;,&quot;copyright&quot;:&quot;&quot;,&quot;focal_length&quot;:&quot;0&quot;,&quot;iso&quot;:&quot;0&quot;,&quot;shutter_speed&quot;:&quot;0&quot;,&quot;title&quot;:&quot;&quot;,&quot;orientation&quot;:&quot;0&quot;}\" data-image-title=\"unnamed-9\" data-image-description=\"\" data-image-caption=\"\" data-medium-file=\"http:\/\/jaszai-iskola.net\/wp\/wp-content\/uploads\/2023\/10\/unnamed-9-169x300.png\" data-large-file=\"http:\/\/jaszai-iskola.net\/wp\/wp-content\/uploads\/2023\/10\/unnamed-9.png\" role=\"button\" tabindex=\"0\" aria-label=\"Open image 1 of 6 in full-screen\"srcset=\"https:\/\/i1.wp.com\/jaszai-iskola.net\/wp\/wp-content\/uploads\/2023\/10\/unnamed-9.png?strip=info&#038;w=288&#038;ssl=1 288w\" alt=\"\" data-height=\"512\" data-id=\"3603\" data-link=\"https:\/\/jaszai-iskola.net\/wp\/?attachment_id=3603\" data-url=\"https:\/\/jaszai-iskola.net\/wp\/wp-content\/uploads\/2023\/10\/unnamed-9.png\" data-width=\"288\" src=\"https:\/\/i1.wp.com\/jaszai-iskola.net\/wp\/wp-content\/uploads\/2023\/10\/unnamed-9.png?ssl=1\" data-amp-layout=\"responsive\"\/><\/figure><\/div><div class=\"tiled-gallery__col\" style=\"flex-basis:50.00000%\"><figure class=\"tiled-gallery__item\"><img decoding=\"async\" data-attachment-id=\"3604\" data-permalink=\"http:\/\/jaszai-iskola.net\/wp\/2023\/10\/06\/oktober-6-az-aradi-vertanuk-emleknapja\/unnamed-8\/\" data-orig-file=\"http:\/\/jaszai-iskola.net\/wp\/wp-content\/uploads\/2023\/10\/unnamed-8.png\" data-orig-size=\"288,512\" data-comments-opened=\"1\" data-image-meta=\"{&quot;aperture&quot;:&quot;0&quot;,&quot;credit&quot;:&quot;&quot;,&quot;camera&quot;:&quot;&quot;,&quot;caption&quot;:&quot;&quot;,&quot;created_timestamp&quot;:&quot;0&quot;,&quot;copyright&quot;:&quot;&quot;,&quot;focal_length&quot;:&quot;0&quot;,&quot;iso&quot;:&quot;0&quot;,&quot;shutter_speed&quot;:&quot;0&quot;,&quot;title&quot;:&quot;&quot;,&quot;orientation&quot;:&quot;0&quot;}\" data-image-title=\"unnamed-8\" data-image-description=\"\" data-image-caption=\"\" data-medium-file=\"http:\/\/jaszai-iskola.net\/wp\/wp-content\/uploads\/2023\/10\/unnamed-8-169x300.png\" data-large-file=\"http:\/\/jaszai-iskola.net\/wp\/wp-content\/uploads\/2023\/10\/unnamed-8.png\" data-attachment-id=\"3604\" data-permalink=\"http:\/\/jaszai-iskola.net\/wp\/2023\/10\/06\/oktober-6-az-aradi-vertanuk-emleknapja\/unnamed-8\/\" data-orig-file=\"http:\/\/jaszai-iskola.net\/wp\/wp-content\/uploads\/2023\/10\/unnamed-8.png\" data-orig-size=\"288,512\" data-comments-opened=\"1\" data-image-meta=\"{&quot;aperture&quot;:&quot;0&quot;,&quot;credit&quot;:&quot;&quot;,&quot;camera&quot;:&quot;&quot;,&quot;caption&quot;:&quot;&quot;,&quot;created_timestamp&quot;:&quot;0&quot;,&quot;copyright&quot;:&quot;&quot;,&quot;focal_length&quot;:&quot;0&quot;,&quot;iso&quot;:&quot;0&quot;,&quot;shutter_speed&quot;:&quot;0&quot;,&quot;title&quot;:&quot;&quot;,&quot;orientation&quot;:&quot;0&quot;}\" data-image-title=\"unnamed-8\" data-image-description=\"\" data-image-caption=\"\" data-medium-file=\"http:\/\/jaszai-iskola.net\/wp\/wp-content\/uploads\/2023\/10\/unnamed-8-169x300.png\" data-large-file=\"http:\/\/jaszai-iskola.net\/wp\/wp-content\/uploads\/2023\/10\/unnamed-8.png\" role=\"button\" tabindex=\"0\" aria-label=\"Open image 2 of 6 in full-screen\"srcset=\"https:\/\/i1.wp.com\/jaszai-iskola.net\/wp\/wp-content\/uploads\/2023\/10\/unnamed-8.png?strip=info&#038;w=288&#038;ssl=1 288w\" alt=\"\" data-height=\"512\" data-id=\"3604\" data-link=\"https:\/\/jaszai-iskola.net\/wp\/?attachment_id=3604\" data-url=\"https:\/\/jaszai-iskola.net\/wp\/wp-content\/uploads\/2023\/10\/unnamed-8.png\" data-width=\"288\" src=\"https:\/\/i1.wp.com\/jaszai-iskola.net\/wp\/wp-content\/uploads\/2023\/10\/unnamed-8.png?ssl=1\" data-amp-layout=\"responsive\"\/><\/figure><\/div><\/div><div class=\"tiled-gallery__row\"><div class=\"tiled-gallery__col\" style=\"flex-basis:50.00000%\"><figure class=\"tiled-gallery__item\"><img decoding=\"async\" data-attachment-id=\"3605\" data-permalink=\"http:\/\/jaszai-iskola.net\/wp\/2023\/10\/06\/oktober-6-az-aradi-vertanuk-emleknapja\/unnamed-7\/\" data-orig-file=\"http:\/\/jaszai-iskola.net\/wp\/wp-content\/uploads\/2023\/10\/unnamed-7.png\" data-orig-size=\"512,288\" data-comments-opened=\"1\" data-image-meta=\"{&quot;aperture&quot;:&quot;0&quot;,&quot;credit&quot;:&quot;&quot;,&quot;camera&quot;:&quot;&quot;,&quot;caption&quot;:&quot;&quot;,&quot;created_timestamp&quot;:&quot;0&quot;,&quot;copyright&quot;:&quot;&quot;,&quot;focal_length&quot;:&quot;0&quot;,&quot;iso&quot;:&quot;0&quot;,&quot;shutter_speed&quot;:&quot;0&quot;,&quot;title&quot;:&quot;&quot;,&quot;orientation&quot;:&quot;0&quot;}\" data-image-title=\"unnamed-7\" data-image-description=\"\" data-image-caption=\"\" data-medium-file=\"http:\/\/jaszai-iskola.net\/wp\/wp-content\/uploads\/2023\/10\/unnamed-7-300x169.png\" data-large-file=\"http:\/\/jaszai-iskola.net\/wp\/wp-content\/uploads\/2023\/10\/unnamed-7.png\" data-attachment-id=\"3605\" data-permalink=\"http:\/\/jaszai-iskola.net\/wp\/2023\/10\/06\/oktober-6-az-aradi-vertanuk-emleknapja\/unnamed-7\/\" data-orig-file=\"http:\/\/jaszai-iskola.net\/wp\/wp-content\/uploads\/2023\/10\/unnamed-7.png\" data-orig-size=\"512,288\" data-comments-opened=\"1\" data-image-meta=\"{&quot;aperture&quot;:&quot;0&quot;,&quot;credit&quot;:&quot;&quot;,&quot;camera&quot;:&quot;&quot;,&quot;caption&quot;:&quot;&quot;,&quot;created_timestamp&quot;:&quot;0&quot;,&quot;copyright&quot;:&quot;&quot;,&quot;focal_length&quot;:&quot;0&quot;,&quot;iso&quot;:&quot;0&quot;,&quot;shutter_speed&quot;:&quot;0&quot;,&quot;title&quot;:&quot;&quot;,&quot;orientation&quot;:&quot;0&quot;}\" data-image-title=\"unnamed-7\" data-image-description=\"\" data-image-caption=\"\" data-medium-file=\"http:\/\/jaszai-iskola.net\/wp\/wp-content\/uploads\/2023\/10\/unnamed-7-300x169.png\" data-large-file=\"http:\/\/jaszai-iskola.net\/wp\/wp-content\/uploads\/2023\/10\/unnamed-7.png\" role=\"button\" tabindex=\"0\" aria-label=\"Open image 3 of 6 in full-screen\"srcset=\"https:\/\/i0.wp.com\/jaszai-iskola.net\/wp\/wp-content\/uploads\/2023\/10\/unnamed-7.png?strip=info&#038;w=512&#038;ssl=1 512w\" alt=\"\" data-height=\"288\" data-id=\"3605\" data-link=\"https:\/\/jaszai-iskola.net\/wp\/?attachment_id=3605\" data-url=\"https:\/\/jaszai-iskola.net\/wp\/wp-content\/uploads\/2023\/10\/unnamed-7.png\" data-width=\"512\" src=\"https:\/\/i0.wp.com\/jaszai-iskola.net\/wp\/wp-content\/uploads\/2023\/10\/unnamed-7.png?ssl=1\" data-amp-layout=\"responsive\"\/><\/figure><\/div><div class=\"tiled-gallery__col\" style=\"flex-basis:50.00000%\"><figure class=\"tiled-gallery__item\"><img decoding=\"async\" data-attachment-id=\"3606\" data-permalink=\"http:\/\/jaszai-iskola.net\/wp\/2023\/10\/06\/oktober-6-az-aradi-vertanuk-emleknapja\/unnamed-6\/\" data-orig-file=\"http:\/\/jaszai-iskola.net\/wp\/wp-content\/uploads\/2023\/10\/unnamed-6.png\" data-orig-size=\"512,288\" data-comments-opened=\"1\" data-image-meta=\"{&quot;aperture&quot;:&quot;0&quot;,&quot;credit&quot;:&quot;&quot;,&quot;camera&quot;:&quot;&quot;,&quot;caption&quot;:&quot;&quot;,&quot;created_timestamp&quot;:&quot;0&quot;,&quot;copyright&quot;:&quot;&quot;,&quot;focal_length&quot;:&quot;0&quot;,&quot;iso&quot;:&quot;0&quot;,&quot;shutter_speed&quot;:&quot;0&quot;,&quot;title&quot;:&quot;&quot;,&quot;orientation&quot;:&quot;0&quot;}\" data-image-title=\"unnamed-6\" data-image-description=\"\" data-image-caption=\"\" data-medium-file=\"http:\/\/jaszai-iskola.net\/wp\/wp-content\/uploads\/2023\/10\/unnamed-6-300x169.png\" data-large-file=\"http:\/\/jaszai-iskola.net\/wp\/wp-content\/uploads\/2023\/10\/unnamed-6.png\" data-attachment-id=\"3606\" data-permalink=\"http:\/\/jaszai-iskola.net\/wp\/2023\/10\/06\/oktober-6-az-aradi-vertanuk-emleknapja\/unnamed-6\/\" data-orig-file=\"http:\/\/jaszai-iskola.net\/wp\/wp-content\/uploads\/2023\/10\/unnamed-6.png\" data-orig-size=\"512,288\" data-comments-opened=\"1\" data-image-meta=\"{&quot;aperture&quot;:&quot;0&quot;,&quot;credit&quot;:&quot;&quot;,&quot;camera&quot;:&quot;&quot;,&quot;caption&quot;:&quot;&quot;,&quot;created_timestamp&quot;:&quot;0&quot;,&quot;copyright&quot;:&quot;&quot;,&quot;focal_length&quot;:&quot;0&quot;,&quot;iso&quot;:&quot;0&quot;,&quot;shutter_speed&quot;:&quot;0&quot;,&quot;title&quot;:&quot;&quot;,&quot;orientation&quot;:&quot;0&quot;}\" data-image-title=\"unnamed-6\" data-image-description=\"\" data-image-caption=\"\" data-medium-file=\"http:\/\/jaszai-iskola.net\/wp\/wp-content\/uploads\/2023\/10\/unnamed-6-300x169.png\" data-large-file=\"http:\/\/jaszai-iskola.net\/wp\/wp-content\/uploads\/2023\/10\/unnamed-6.png\" role=\"button\" tabindex=\"0\" aria-label=\"Open image 4 of 6 in full-screen\"srcset=\"https:\/\/i0.wp.com\/jaszai-iskola.net\/wp\/wp-content\/uploads\/2023\/10\/unnamed-6.png?strip=info&#038;w=512&#038;ssl=1 512w\" alt=\"\" data-height=\"288\" data-id=\"3606\" data-link=\"https:\/\/jaszai-iskola.net\/wp\/?attachment_id=3606\" data-url=\"https:\/\/jaszai-iskola.net\/wp\/wp-content\/uploads\/2023\/10\/unnamed-6.png\" data-width=\"512\" src=\"https:\/\/i0.wp.com\/jaszai-iskola.net\/wp\/wp-content\/uploads\/2023\/10\/unnamed-6.png?ssl=1\" data-amp-layout=\"responsive\"\/><\/figure><\/div><\/div><div class=\"tiled-gallery__row\"><div class=\"tiled-gallery__col\" style=\"flex-basis:50.00000%\"><figure class=\"tiled-gallery__item\"><img decoding=\"async\" data-attachment-id=\"3607\" data-permalink=\"http:\/\/jaszai-iskola.net\/wp\/2023\/10\/06\/oktober-6-az-aradi-vertanuk-emleknapja\/unnamed-5\/\" data-orig-file=\"http:\/\/jaszai-iskola.net\/wp\/wp-content\/uploads\/2023\/10\/unnamed-5.png\" data-orig-size=\"512,288\" data-comments-opened=\"1\" data-image-meta=\"{&quot;aperture&quot;:&quot;0&quot;,&quot;credit&quot;:&quot;&quot;,&quot;camera&quot;:&quot;&quot;,&quot;caption&quot;:&quot;&quot;,&quot;created_timestamp&quot;:&quot;0&quot;,&quot;copyright&quot;:&quot;&quot;,&quot;focal_length&quot;:&quot;0&quot;,&quot;iso&quot;:&quot;0&quot;,&quot;shutter_speed&quot;:&quot;0&quot;,&quot;title&quot;:&quot;&quot;,&quot;orientation&quot;:&quot;0&quot;}\" data-image-title=\"unnamed-5\" data-image-description=\"\" data-image-caption=\"\" data-medium-file=\"http:\/\/jaszai-iskola.net\/wp\/wp-content\/uploads\/2023\/10\/unnamed-5-300x169.png\" data-large-file=\"http:\/\/jaszai-iskola.net\/wp\/wp-content\/uploads\/2023\/10\/unnamed-5.png\" data-attachment-id=\"3607\" data-permalink=\"http:\/\/jaszai-iskola.net\/wp\/2023\/10\/06\/oktober-6-az-aradi-vertanuk-emleknapja\/unnamed-5\/\" data-orig-file=\"http:\/\/jaszai-iskola.net\/wp\/wp-content\/uploads\/2023\/10\/unnamed-5.png\" data-orig-size=\"512,288\" data-comments-opened=\"1\" data-image-meta=\"{&quot;aperture&quot;:&quot;0&quot;,&quot;credit&quot;:&quot;&quot;,&quot;camera&quot;:&quot;&quot;,&quot;caption&quot;:&quot;&quot;,&quot;created_timestamp&quot;:&quot;0&quot;,&quot;copyright&quot;:&quot;&quot;,&quot;focal_length&quot;:&quot;0&quot;,&quot;iso&quot;:&quot;0&quot;,&quot;shutter_speed&quot;:&quot;0&quot;,&quot;title&quot;:&quot;&quot;,&quot;orientation&quot;:&quot;0&quot;}\" data-image-title=\"unnamed-5\" data-image-description=\"\" data-image-caption=\"\" data-medium-file=\"http:\/\/jaszai-iskola.net\/wp\/wp-content\/uploads\/2023\/10\/unnamed-5-300x169.png\" data-large-file=\"http:\/\/jaszai-iskola.net\/wp\/wp-content\/uploads\/2023\/10\/unnamed-5.png\" role=\"button\" tabindex=\"0\" aria-label=\"Open image 5 of 6 in full-screen\"srcset=\"https:\/\/i0.wp.com\/jaszai-iskola.net\/wp\/wp-content\/uploads\/2023\/10\/unnamed-5.png?strip=info&#038;w=512&#038;ssl=1 512w\" alt=\"\" data-height=\"288\" data-id=\"3607\" data-link=\"https:\/\/jaszai-iskola.net\/wp\/?attachment_id=3607\" data-url=\"https:\/\/jaszai-iskola.net\/wp\/wp-content\/uploads\/2023\/10\/unnamed-5.png\" data-width=\"512\" src=\"https:\/\/i0.wp.com\/jaszai-iskola.net\/wp\/wp-content\/uploads\/2023\/10\/unnamed-5.png?ssl=1\" data-amp-layout=\"responsive\"\/><\/figure><\/div><div class=\"tiled-gallery__col\" style=\"flex-basis:50.00000%\"><figure class=\"tiled-gallery__item\"><img decoding=\"async\" data-attachment-id=\"3608\" data-permalink=\"http:\/\/jaszai-iskola.net\/wp\/2023\/10\/06\/oktober-6-az-aradi-vertanuk-emleknapja\/unnamed-4\/\" data-orig-file=\"http:\/\/jaszai-iskola.net\/wp\/wp-content\/uploads\/2023\/10\/unnamed-4.png\" data-orig-size=\"512,288\" data-comments-opened=\"1\" data-image-meta=\"{&quot;aperture&quot;:&quot;0&quot;,&quot;credit&quot;:&quot;&quot;,&quot;camera&quot;:&quot;&quot;,&quot;caption&quot;:&quot;&quot;,&quot;created_timestamp&quot;:&quot;0&quot;,&quot;copyright&quot;:&quot;&quot;,&quot;focal_length&quot;:&quot;0&quot;,&quot;iso&quot;:&quot;0&quot;,&quot;shutter_speed&quot;:&quot;0&quot;,&quot;title&quot;:&quot;&quot;,&quot;orientation&quot;:&quot;0&quot;}\" data-image-title=\"unnamed-4\" data-image-description=\"\" data-image-caption=\"\" data-medium-file=\"http:\/\/jaszai-iskola.net\/wp\/wp-content\/uploads\/2023\/10\/unnamed-4-300x169.png\" data-large-file=\"http:\/\/jaszai-iskola.net\/wp\/wp-content\/uploads\/2023\/10\/unnamed-4.png\" data-attachment-id=\"3608\" data-permalink=\"http:\/\/jaszai-iskola.net\/wp\/2023\/10\/06\/oktober-6-az-aradi-vertanuk-emleknapja\/unnamed-4\/\" data-orig-file=\"http:\/\/jaszai-iskola.net\/wp\/wp-content\/uploads\/2023\/10\/unnamed-4.png\" data-orig-size=\"512,288\" data-comments-opened=\"1\" data-image-meta=\"{&quot;aperture&quot;:&quot;0&quot;,&quot;credit&quot;:&quot;&quot;,&quot;camera&quot;:&quot;&quot;,&quot;caption&quot;:&quot;&quot;,&quot;created_timestamp&quot;:&quot;0&quot;,&quot;copyright&quot;:&quot;&quot;,&quot;focal_length&quot;:&quot;0&quot;,&quot;iso&quot;:&quot;0&quot;,&quot;shutter_speed&quot;:&quot;0&quot;,&quot;title&quot;:&quot;&quot;,&quot;orientation&quot;:&quot;0&quot;}\" data-image-title=\"unnamed-4\" data-image-description=\"\" data-image-caption=\"\" data-medium-file=\"http:\/\/jaszai-iskola.net\/wp\/wp-content\/uploads\/2023\/10\/unnamed-4-300x169.png\" data-large-file=\"http:\/\/jaszai-iskola.net\/wp\/wp-content\/uploads\/2023\/10\/unnamed-4.png\" role=\"button\" tabindex=\"0\" aria-label=\"Open image 6 of 6 in full-screen\"srcset=\"https:\/\/i0.wp.com\/jaszai-iskola.net\/wp\/wp-content\/uploads\/2023\/10\/unnamed-4.png?strip=info&#038;w=512&#038;ssl=1 512w\" alt=\"\" data-height=\"288\" data-id=\"3608\" data-link=\"https:\/\/jaszai-iskola.net\/wp\/?attachment_id=3608\" data-url=\"https:\/\/jaszai-iskola.net\/wp\/wp-content\/uploads\/2023\/10\/unnamed-4.png\" data-width=\"512\" src=\"https:\/\/i0.wp.com\/jaszai-iskola.net\/wp\/wp-content\/uploads\/2023\/10\/unnamed-4.png?ssl=1\" data-amp-layout=\"responsive\"\/><\/figure><\/div><\/div><\/div><\/div>\n","protected":false},"excerpt":{"rendered":"<p>Az idei tan\u00e9vben is megeml\u00e9kezt\u00fcnk az aradi v\u00e9rtan\u00fakr\u00f3l iskol\u00e1nk k\u00f6z\u00f6ss\u00e9g\u00e9vel egy\u00fctt. Okt\u00f3ber 6-a nemzeti gy\u00e1sznap. Az 1848\u201349-es forradalom \u00e9s szabads\u00e1gharc lever\u00e9se ut\u00e1n Aradon kiv\u00e9gzett 13 h\u0151s v\u00e9rtan\u00fara, illetve ugyanekkor Pesten kiv\u00e9gzett gr\u00f3f Batthy\u00e1ny Lajosra eml\u00e9kez\u00fcnk ezen a napon. Az aradi v\u00e9rtan\u00fak nev\u00fcket \u00e9s \u00e9let\u00fcket a szabads\u00e1g eszm\u00e9j\u00e9vel egy\u00fctt \u00f6r\u00f6kre bele\u00edrt\u00e1k a magyars\u00e1g t\u00f6rt\u00e9net\u00e9be. Hab\u00e1r a [&hellip;]<\/p>\n","protected":false},"author":4,"featured_media":0,"comment_status":"open","ping_status":"open","sticky":false,"template":"","format":"standard","meta":{"ngg_post_thumbnail":0,"jetpack_post_was_ever_published":false,"_jetpack_newsletter_access":"","_jetpack_dont_email_post_to_subs":false,"_jetpack_newsletter_tier_id":0,"_jetpack_memberships_contains_paywalled_content":false,"_jetpack_memberships_contains_paid_content":false,"footnotes":"","jetpack_publicize_message":"","jetpack_publicize_feature_enabled":true,"jetpack_social_post_already_shared":true,"jetpack_social_options":{"image_generator_settings":{"template":"highway","default_image_id":0,"font":"","enabled":false},"version":2}},"categories":[13],"tags":[329],"class_list":["post-3596","post","type-post","status-publish","format-standard","hentry","category-hirek","tag-megemlekezes-2"],"jetpack_publicize_connections":[],"jetpack_featured_media_url":"","jetpack_sharing_enabled":true,"jetpack_shortlink":"https:\/\/wp.me\/p7WZAv-W0","jetpack-related-posts":[],"jetpack_likes_enabled":true,"_links":{"self":[{"href":"http:\/\/jaszai-iskola.net\/wp\/wp-json\/wp\/v2\/posts\/3596","targetHints":{"allow":["GET"]}}],"collection":[{"href":"http:\/\/jaszai-iskola.net\/wp\/wp-json\/wp\/v2\/posts"}],"about":[{"href":"http:\/\/jaszai-iskola.net\/wp\/wp-json\/wp\/v2\/types\/post"}],"author":[{"embeddable":true,"href":"http:\/\/jaszai-iskola.net\/wp\/wp-json\/wp\/v2\/users\/4"}],"replies":[{"embeddable":true,"href":"http:\/\/jaszai-iskola.net\/wp\/wp-json\/wp\/v2\/comments?post=3596"}],"version-history":[{"count":4,"href":"http:\/\/jaszai-iskola.net\/wp\/wp-json\/wp\/v2\/posts\/3596\/revisions"}],"predecessor-version":[{"id":3614,"href":"http:\/\/jaszai-iskola.net\/wp\/wp-json\/wp\/v2\/posts\/3596\/revisions\/3614"}],"wp:attachment":[{"href":"http:\/\/jaszai-iskola.net\/wp\/wp-json\/wp\/v2\/media?parent=3596"}],"wp:term":[{"taxonomy":"category","embeddable":true,"href":"http:\/\/jaszai-iskola.net\/wp\/wp-json\/wp\/v2\/categories?post=3596"},{"taxonomy":"post_tag","embeddable":true,"href":"http:\/\/jaszai-iskola.net\/wp\/wp-json\/wp\/v2\/tags?post=3596"}],"curies":[{"name":"wp","href":"https:\/\/api.w.org\/{rel}","templated":true}]}}