{"id":3088,"date":"2023-02-28T12:20:14","date_gmt":"2023-02-28T11:20:14","guid":{"rendered":"http:\/\/jaszai-iskola.net\/wp\/?p=3088"},"modified":"2023-02-28T13:44:49","modified_gmt":"2023-02-28T12:44:49","slug":"magyar-kultura-napja-2","status":"publish","type":"post","link":"http:\/\/jaszai-iskola.net\/wp\/2023\/02\/28\/magyar-kultura-napja-2\/","title":{"rendered":"Magyar kult\u00fara napja"},"content":{"rendered":"\n<p><\/p>\n\n\n\n<div class=\"wp-block-media-text alignwide has-media-on-the-right is-stacked-on-mobile\" style=\"grid-template-columns:auto 36%\"><div class=\"wp-block-media-text__content\">\n<p>200 \u00e9vvel ezel\u0151tt, 1823. janu\u00e1r 22-\u00e9n fagyos id\u0151 volt Szatm\u00e1rcsek\u00e9n, tal\u00e1n \u00e9ppen olyan, mint most n\u00e1lunk. K\u00f6lcsey Ferenc az asztal\u00e1n\u00e1l \u00fclt, dolgozott. \u00d6ssze\u00e1ll\u00edtott egy k\u00e9ziratcsomagot, letiszt\u00e1zott m\u00e9g n\u00e9h\u00e1ny verset, k\u00f6zt\u00fck egy k\u00f6ltem\u00e9nyt, melyet m\u00e1r r\u00e9g\u00f3ta jav\u00edtgatott, \u00e9s amelynek v\u00e9g\u00fcl azt a c\u00edmet adta: Himnusz a magyar n\u00e9p zivataros sz\u00e1zadaib\u00f3l. M\u00e9g egyszer \u00e1tolvasta az \u00edr\u00e1st, \u00edzlelgette a sorokat, s b\u00e1r szigor\u00fa ember volt \u00e9s \u00f6nmag\u00e1val sosem el\u00e9gedett, most m\u00e9gis j\u00f3les\u0151 \u00e9rz\u00e9s j\u00e1rta \u00e1t. \u00cdgy j\u00f3 lesz, ez a vers \u00e9l, s biztos volt benne: hatni fog!<\/p>\n<\/div><figure class=\"wp-block-media-text__media\"><img loading=\"lazy\" decoding=\"async\" width=\"591\" height=\"445\" data-attachment-id=\"3113\" data-permalink=\"http:\/\/jaszai-iskola.net\/wp\/2023\/02\/28\/magyar-kultura-napja-2\/image001-5-3\/\" data-orig-file=\"http:\/\/jaszai-iskola.net\/wp\/wp-content\/uploads\/2023\/02\/image001-5.jpg\" data-orig-size=\"591,445\" data-comments-opened=\"1\" data-image-meta=\"{&quot;aperture&quot;:&quot;0&quot;,&quot;credit&quot;:&quot;&quot;,&quot;camera&quot;:&quot;&quot;,&quot;caption&quot;:&quot;&quot;,&quot;created_timestamp&quot;:&quot;0&quot;,&quot;copyright&quot;:&quot;&quot;,&quot;focal_length&quot;:&quot;0&quot;,&quot;iso&quot;:&quot;0&quot;,&quot;shutter_speed&quot;:&quot;0&quot;,&quot;title&quot;:&quot;&quot;,&quot;orientation&quot;:&quot;0&quot;}\" data-image-title=\"image001-5\" data-image-description=\"\" data-image-caption=\"\" data-medium-file=\"http:\/\/jaszai-iskola.net\/wp\/wp-content\/uploads\/2023\/02\/image001-5-300x226.jpg\" data-large-file=\"http:\/\/jaszai-iskola.net\/wp\/wp-content\/uploads\/2023\/02\/image001-5.jpg\" src=\"http:\/\/jaszai-iskola.net\/wp\/wp-content\/uploads\/2023\/02\/image001-5.jpg\" alt=\"\" class=\"wp-image-3113 size-full\" srcset=\"http:\/\/jaszai-iskola.net\/wp\/wp-content\/uploads\/2023\/02\/image001-5.jpg 591w, http:\/\/jaszai-iskola.net\/wp\/wp-content\/uploads\/2023\/02\/image001-5-300x226.jpg 300w\" sizes=\"auto, (max-width: 591px) 100vw, 591px\" \/><\/figure><\/div>\n\n\n\n<p>Odakanyar\u00edtotta a d\u00e1tumot, azut\u00e1n a messzi j\u00f6vend\u0151n merengve kib\u00e1mult az ablakon.<br>A Himnusz pedig val\u00f3ban \u00e9letre kelt. Megjelent nyomtat\u00e1sban, azut\u00e1n Erkel Ferenc megzen\u00e9s\u00edtette, \u00e9s csakhamar nemzeti himnuszunk lett, amelynek b\u00fasan magasztos dallam\u00e1t kisgyermekkorunk \u00f3ta ismerj\u00fck mindannyian.<br>1989 \u00f3ta a Himnusz sz\u00fclet\u00e9snapja, janu\u00e1r 22-e \u00fcnnep: a magyar kult\u00fara napja. Ilyenkor megeml\u00e9kez\u00fcnk mindarr\u00f3l, ami \u00f6sszek\u00f6t benn\u00fcnket: nyelv\u00fcnkr\u0151l, m\u0171v\u00e9szet\u00fcnkr\u0151l, hit\u00fcnkr\u0151l, l\u00e9t\u00fcnkr\u0151l itt K\u00f6z\u00e9p-Eur\u00f3p\u00e1ban.<br>Iskol\u00e1nkban ezt a jeles napot \u00fcnnepi m\u0171sorral k\u00f6sz\u00f6nt\u00f6tt\u00fck \u2013 versekkel, dalokkal. Az \u00f3rak\u00f6zi sz\u00fcnetekben az iskolar\u00e1di\u00f3b\u00f3l megzen\u00e9s\u00edtett verseket hallgattunk.<br>Az aul\u00e1ban egy tabl\u00f3val tisztelegt\u00fcnk a 200 \u00e9ves Himnusz, s szerz\u0151je, K\u00f6lcsey Ferenc el\u0151tt. <\/p>\n\n\n\n<div class=\"wp-block-media-text alignwide has-media-on-the-right is-stacked-on-mobile\"><div class=\"wp-block-media-text__content\">\n<p>Mellette a 20. sz\u00e1zadi magyar fest\u0151k t\u00e1jk\u00e9peib\u0151l \u00f6ssze\u00e1ll\u00edtott \u201eMagyar t\u00e1j magyar ecsettel\u201d c\u00edm\u0171 minigal\u00e9ri\u00e1t szeml\u00e9lhett\u00e9k meg az \u00e9rdekl\u0151d\u0151k.<br>Az als\u00f3 tagozatos oszt\u00e1lyok a m\u0171sor ut\u00e1n magyar mot\u00edvumos sz\u00ednez\u0151kkel b\u00edbel\u0151dhettek, \u00e9s magyar n\u00e9pmes\u00e9ket n\u00e9ztek.<\/p>\n<\/div><figure class=\"wp-block-media-text__media\"><img loading=\"lazy\" decoding=\"async\" width=\"874\" height=\"360\" data-attachment-id=\"3114\" data-permalink=\"http:\/\/jaszai-iskola.net\/wp\/2023\/02\/28\/magyar-kultura-napja-2\/image003-2-5\/\" data-orig-file=\"http:\/\/jaszai-iskola.net\/wp\/wp-content\/uploads\/2023\/02\/image003-2.jpg\" data-orig-size=\"874,360\" data-comments-opened=\"1\" data-image-meta=\"{&quot;aperture&quot;:&quot;0&quot;,&quot;credit&quot;:&quot;&quot;,&quot;camera&quot;:&quot;&quot;,&quot;caption&quot;:&quot;&quot;,&quot;created_timestamp&quot;:&quot;0&quot;,&quot;copyright&quot;:&quot;&quot;,&quot;focal_length&quot;:&quot;0&quot;,&quot;iso&quot;:&quot;0&quot;,&quot;shutter_speed&quot;:&quot;0&quot;,&quot;title&quot;:&quot;&quot;,&quot;orientation&quot;:&quot;0&quot;}\" data-image-title=\"image003-2\" data-image-description=\"\" data-image-caption=\"\" data-medium-file=\"http:\/\/jaszai-iskola.net\/wp\/wp-content\/uploads\/2023\/02\/image003-2-300x124.jpg\" data-large-file=\"http:\/\/jaszai-iskola.net\/wp\/wp-content\/uploads\/2023\/02\/image003-2.jpg\" src=\"http:\/\/jaszai-iskola.net\/wp\/wp-content\/uploads\/2023\/02\/image003-2.jpg\" alt=\"\" class=\"wp-image-3114 size-full\" srcset=\"http:\/\/jaszai-iskola.net\/wp\/wp-content\/uploads\/2023\/02\/image003-2.jpg 874w, http:\/\/jaszai-iskola.net\/wp\/wp-content\/uploads\/2023\/02\/image003-2-300x124.jpg 300w, http:\/\/jaszai-iskola.net\/wp\/wp-content\/uploads\/2023\/02\/image003-2-768x316.jpg 768w\" sizes=\"auto, (max-width: 874px) 100vw, 874px\" \/><\/figure><\/div>\n\n\n\n<p><br>A fels\u0151bb oszt\u00e1lyok tanul\u00f3i De\u00e1k Krist\u00f3f Mindenki c\u00edm\u0171 filmj\u00e9t n\u00e9zt\u00e9k meg \u2013 ez volt az els\u0151 magyar film, amely 2017-ben elnyerte az \u00e9l\u0151szerepl\u0151s r\u00f6vidfilmes Oscar-d\u00edjat.<br>Zene \u00e9s filmm\u0171v\u00e9szet, versek \u00e9s k\u00e9pek, \u00e9vsz\u00e1zados hagyom\u00e1ny \u00e9s kort\u00e1rs kult\u00fara \u2013 mer\u00edt\u00e9s volt ez kincseinkb\u0151l, k\u00f6z\u00f6s \u00f6r\u00f6ks\u00e9g\u00fcnkb\u0151l a magyar kult\u00fara napj\u00e1n.<\/p>\n\n\n\n<p class=\"has-text-align-right\"><br><em>Balogh Anik\u00f3<\/em><\/p>\n","protected":false},"excerpt":{"rendered":"<p>200 \u00e9vvel ezel\u0151tt, 1823. janu\u00e1r 22-\u00e9n fagyos id\u0151 volt Szatm\u00e1rcsek\u00e9n, tal\u00e1n \u00e9ppen olyan, mint most n\u00e1lunk. K\u00f6lcsey Ferenc az asztal\u00e1n\u00e1l \u00fclt, dolgozott. \u00d6ssze\u00e1ll\u00edtott egy k\u00e9ziratcsomagot, letiszt\u00e1zott m\u00e9g n\u00e9h\u00e1ny verset, k\u00f6zt\u00fck egy k\u00f6ltem\u00e9nyt, melyet m\u00e1r r\u00e9g\u00f3ta jav\u00edtgatott, \u00e9s amelynek v\u00e9g\u00fcl azt a c\u00edmet adta: Himnusz a magyar n\u00e9p zivataros sz\u00e1zadaib\u00f3l. M\u00e9g egyszer \u00e1tolvasta az \u00edr\u00e1st, \u00edzlelgette [&hellip;]<\/p>\n","protected":false},"author":5,"featured_media":0,"comment_status":"open","ping_status":"open","sticky":false,"template":"","format":"standard","meta":{"ngg_post_thumbnail":0,"jetpack_post_was_ever_published":false,"_jetpack_newsletter_access":"","_jetpack_dont_email_post_to_subs":false,"_jetpack_newsletter_tier_id":0,"_jetpack_memberships_contains_paywalled_content":false,"_jetpack_memberships_contains_paid_content":false,"footnotes":"","jetpack_publicize_message":"","jetpack_publicize_feature_enabled":true,"jetpack_social_post_already_shared":true,"jetpack_social_options":{"image_generator_settings":{"template":"highway","default_image_id":0,"font":"","enabled":false},"version":2}},"categories":[43],"tags":[130,280,282,286],"class_list":["post-3088","post","type-post","status-publish","format-standard","hentry","category-programok","tag-himnusz","tag-kolcsey","tag-kultura-2","tag-magyar-kultura-napja-2"],"jetpack_publicize_connections":[],"jetpack_featured_media_url":"","jetpack_sharing_enabled":true,"jetpack_shortlink":"https:\/\/wp.me\/p7WZAv-NO","jetpack-related-posts":[],"jetpack_likes_enabled":true,"_links":{"self":[{"href":"http:\/\/jaszai-iskola.net\/wp\/wp-json\/wp\/v2\/posts\/3088","targetHints":{"allow":["GET"]}}],"collection":[{"href":"http:\/\/jaszai-iskola.net\/wp\/wp-json\/wp\/v2\/posts"}],"about":[{"href":"http:\/\/jaszai-iskola.net\/wp\/wp-json\/wp\/v2\/types\/post"}],"author":[{"embeddable":true,"href":"http:\/\/jaszai-iskola.net\/wp\/wp-json\/wp\/v2\/users\/5"}],"replies":[{"embeddable":true,"href":"http:\/\/jaszai-iskola.net\/wp\/wp-json\/wp\/v2\/comments?post=3088"}],"version-history":[{"count":7,"href":"http:\/\/jaszai-iskola.net\/wp\/wp-json\/wp\/v2\/posts\/3088\/revisions"}],"predecessor-version":[{"id":3115,"href":"http:\/\/jaszai-iskola.net\/wp\/wp-json\/wp\/v2\/posts\/3088\/revisions\/3115"}],"wp:attachment":[{"href":"http:\/\/jaszai-iskola.net\/wp\/wp-json\/wp\/v2\/media?parent=3088"}],"wp:term":[{"taxonomy":"category","embeddable":true,"href":"http:\/\/jaszai-iskola.net\/wp\/wp-json\/wp\/v2\/categories?post=3088"},{"taxonomy":"post_tag","embeddable":true,"href":"http:\/\/jaszai-iskola.net\/wp\/wp-json\/wp\/v2\/tags?post=3088"}],"curies":[{"name":"wp","href":"https:\/\/api.w.org\/{rel}","templated":true}]}}