{"id":2989,"date":"2022-11-06T20:53:00","date_gmt":"2022-11-06T19:53:00","guid":{"rendered":"http:\/\/jaszai-iskola.net\/wp\/?p=2989"},"modified":"2022-11-06T21:05:39","modified_gmt":"2022-11-06T20:05:39","slug":"aradi-vertanukra-emlekeztunk-2","status":"publish","type":"post","link":"http:\/\/jaszai-iskola.net\/wp\/2022\/11\/06\/aradi-vertanukra-emlekeztunk-2\/","title":{"rendered":"Aradi v\u00e9rtan\u00fakra eml\u00e9kezt\u00fcnk"},"content":{"rendered":"\n<p>Nemzeti gy\u00e1sznap okt\u00f3ber 6-a, amikor az 1848\u201349-es forradalom \u00e9s szabads\u00e1gharc lever\u00e9se ut\u00e1n Aradon kiv\u00e9gezt\u00e9k a 13 h\u0151s v\u00e9rtan\u00fat, illetve ugyanekkor Pesten gr\u00f3f Batthy\u00e1ny Lajost, Magyarorsz\u00e1g els\u0151 f\u00fcggetlen, felel\u0151s korm\u00e1ny\u00e1nak vezet\u0151j\u00e9t is meg\u00f6lt\u00e9k.<\/p>\n\n\n\n<p>Az aradi v\u00e9rtan\u00fak nev\u00fcket \u00e9s \u00e9let\u00fcket a szabads\u00e1g eszm\u00e9j\u00e9vel egy\u00fctt \u00f6r\u00f6kre bele\u00edrt\u00e1k a magyars\u00e1g t\u00f6rt\u00e9net\u00e9be. Hab\u00e1r a szabads\u00e1gharc elbukott, h\u0151seink \u00e1ldozata m\u00e9gsem volt hi\u00e1baval\u00f3. M\u00e1rt\u00edrhal\u00e1luk az\u00f3ta jelk\u00e9pp\u00e9 v\u00e1lt. Annak a k\u00fczdelemnek \u00e9s \u00e1ldozatv\u00e1llal\u00e1snak a szimb\u00f3lum\u00e1v\u00e1 v\u00e1ltak \u0151k, amelyet a magyar n\u00e9p \u00e9vsz\u00e1zadokon \u00e1t folytatott nemzeti f\u00fcggetlens\u00e9ge megteremt\u00e9s\u00e9\u00e9rt, t\u00e1rsadalmi halad\u00e1s\u00e1\u00e9rt.<\/p>\n\n\n\n<p>Az aradi v\u00e9rtan\u00fakra val\u00f3 eml\u00e9kez\u00e9s 1867-ig csak titokban t\u00f6rt\u00e9nhetett, a kiegyez\u00e9s ut\u00e1n azonban okt\u00f3ber 6-a orsz\u00e1gos gy\u00e1sznapp\u00e1 lett.<\/p>\n\n\n\n<p>Az idei tan\u00e9vben is megeml\u00e9kezt\u00fcnk az aradi v\u00e9rtan\u00fakr\u00f3l iskol\u00e1nk k\u00f6z\u00f6ss\u00e9g\u00e9vel egy\u00fctt. Az iskola udvar\u00e1n kora reggel, a kopjafa megkoszor\u00faz\u00e1sa, int\u00e9zm\u00e9nyvezet\u0151nk besz\u00e9de \u00e9s a sz\u00f3zat k\u00f6z\u00f6s el\u00e9nekl\u00e9se ut\u00e1n meghallattuk Ady Endre: Okt\u00f3ber 6 c\u00edm\u0171 vers\u00e9t Tank\u00f3 Anett nyolcadikos di\u00e1kunk el\u0151ad\u00e1s\u00e1ban. A tov\u00e1bbiakban az oszt\u00e1lyok k\u00fcl\u00f6n el\u0151re meghat\u00e1rozott id\u0151pontokban tett\u00e9k tisztelet\u00fcket az aul\u00e1ban kialak\u00edtott eml\u00e9kt\u00e1bl\u00e1n\u00e1l. Vir\u00e1g, m\u00e9cses gy\u00fajt\u00e1s, fejhajt\u00e1s a h\u0151s\u00f6k el\u00f6tt \u00e9s a t\u00e1bl\u00e1n\u00e1l elhelyezett id\u00e9zetek elolvas\u00e1sa keret\u00e9ben.<\/p>\n\n\n\n<p>Az aul\u00e1ban elhelyezett eml\u00e9kt\u00e1bl\u00e1n\u00e1l olvashat\u00f3ak voltak t\u00f6bbek k\u00f6z\u00f6tt a v\u00e9rtan\u00fak utols\u00f3 gondolatai. Hal\u00e1luk el\u0151tt n\u00e9h\u00e1nyan k\u00f6nyvekb\u0151l mer\u00edtettek m\u00e9g er\u0151t a r\u00e1juk v\u00e1r\u00f3 legutols\u00f3 neh\u00e9z pillanatra, n\u00e9h\u00e1nyan pedig feles\u00e9geiknek \u00e9s gyermekeiknek fogalmazt\u00e1k meg b\u00facs\u00fa gondolataikat. Ezekkel a f\u00e1jdalmasan sz\u00e9p gondolatokkal eml\u00e9kezt\u00fcnk az aradi v\u00e9rtan\u00fakra, a 1848-49. \u00e9vi szabads\u00e1gharc h\u0151seire.<\/p>\n\n\n\n<p>&#8222;Szolg\u00e1ltam, szolg\u00e1ltam, mindig csak szolg\u00e1ltam. \u00c9s hal\u00e1lommal is szolg\u00e1lni fogok. Forr\u00f3n szeretett magyar n\u00e9pem \u00e9s haz\u00e1m, tudom, meg\u00e9rtik ezt a szolg\u00e1latot.&#8221; Aulich Lajos<\/p>\n\n\n\n<p>&#8222;Legy\u0151zt\u00fck a hal\u00e1lt, mert b\u00e1rmikor k\u00e9szek voltunk elviselni azt.&#8221; Damjanich J\u00e1nos<\/p>\n\n\n\n<p>&#8222;Tegnap h\u0151s\u00f6k kellettek, ma m\u00e1rt\u00edrok\u2026 \u00cdgy parancsolja ezt haz\u00e1m szolg\u00e1lata.&#8221; Dessewffy Arisztid<\/p>\n\n\n\n<p>&#8222;Istenem, az \u00fajkor ifj\u00fas\u00e1ga eg\u00e9sz ember lesz-e? \u00c1rp\u00e1dok dics\u0151 szentjei, virrasszatok a magyar ifj\u00fas\u00e1g felett, hogy Krisztus\u00e9 legyen a sz\u00edv\u00fck \u00e9s a haz\u00e1\u00e9 az \u00e9let\u00fck.&#8221; Kiss Ern\u0151<\/p>\n\n\n\n<p>&#8222;Milyen k\u00fcl\u00f6n\u00f6s, hogy Haynau b\u00edr\u00f3 is kereszt\u00e9ny \u00e9s \u00e9n is az vagyok. Csak az \u00f6rd\u00f6g keverhette \u00edgy \u00f6ssze a k\u00e1rty\u00e1kat.&#8221; Kn\u00e9zich K\u00e1roly<\/p>\n\n\n\n<p>&#8222;Krisztus keresztje \u00e9s a bit\u00f3fa oly rokon! \u00c9s az isteni \u00e1ldozat mellett oly t\u00f6rpe az \u00e9n \u00e1ldozatom!&#8221; L\u00e1hner Gy\u00f6rgy<\/p>\n\n\n\n<p>&#8222;Ki tehet arr\u00f3l, hogy ilyen a magyar sorsa? Krisztus keresztje t\u00f6v\u00e9ben \u00e9rett apostoll\u00e1 az apostolok lelke, \u00e9s bit\u00f3f\u00e1k t\u00f6v\u00e9ben kell forradalm\u00e1rr\u00e1 \u00e9rni a magyar lelkeknek.&#8221; L\u00e1z\u00e1r Vilmos<\/p>\n\n\n\n<p>&#8222;A vil\u00e1g feleszm\u00e9l majd, ha l\u00e1tja a h\u00f3h\u00e9rok munk\u00e1j\u00e1t.&#8221; Leiningen-Westerburg K\u00e1roly<\/p>\n\n\n\n<p>&#8222;De rettenetes volna most az elm\u00fal\u00e1sra gondolni, ha semmit sem tettem volna az \u00e9letemben! Al\u00e1zatosan borulok Istenem el\u00e9, hogy h\u0151ss\u00e9, igaz emberr\u00e9, j\u00f3 katon\u00e1v\u00e1 tett.&#8221; Nagy-S\u00e1ndor J\u00f3zsef<\/p>\n\n\n\n<p>&#8222;Minket az ellens\u00e9g d\u00fch\u00f6s bossz\u00faja juttatott ide.&#8221; Poeltenberg Ern\u0151<\/p>\n\n\n\n<p>&#8222;A mai vil\u00e1g a s\u00e1t\u00e1n vil\u00e1ga, ahol a becs\u00fclet\u00e9rt bit\u00f3, az \u00e1rul\u00e1s\u00e9rt hatalom j\u00e1r. Csak egy igazi forradalom, a vil\u00e1g \u00faj forradalmi embers\u00e9ge s\u00f6p\u00f6rheti el ezt az \u00e1tkozott, meghasonlott vil\u00e1got.&#8221; Schweidel J\u00f3zsef<\/p>\n\n\n\n<p>&#8222;Nemsok\u00e1ra Isten legmagasabb \u00edt\u00e9l\u0151sz\u00e9ke el\u00e9 \u00e1llok. \u00c9letem par\u00e1nyi s\u00faly csup\u00e1n, de tudom, hogy mindig csak \u0150t szolg\u00e1ltam.&#8221; T\u00f6r\u00f6k Ign\u00e1c<\/p>\n\n\n\n<p>&#8222;Isten adta a sz\u00edvet, lelket nekem, amely n\u00e9pem \u00e9s haz\u00e1m szolg\u00e1lat\u00e1\u00e9rt l\u00e1ngolt.&#8221; V\u00e9csey K\u00e1roly<\/p>\n\n\n\n<p>Az eml\u00e9kt\u00e1bl\u00e1n\u00e1l olvashat\u00f3 volt Kossuth Lajos megeml\u00e9kez\u0151 sz\u00f3noklata is:<\/p>\n\n\n\n<ol class=\"wp-block-list\" start=\"1890\"><li>OKT\u00d3BER 6-T\u00d3L A PESTI K\u00d6Z\u00d6NS\u00c9G A VIGAD\u00d3 ELS\u0150 EMELETI TERM\u00c9BEN FEL\u00c1LL\u00cdTOTT EDISON F\u00c9LE FONOGR\u00c1F HENGERR\u0150L HALLHATTA KOSSUTH LAJOS MEGEML\u00c9KEZ\u0150 SZ\u00d3NOKLAT\u00c1T AZ ARADI H\u0150S\u00d6KR\u0150L:<\/li><\/ol>\n\n\n\n<p>\u201eA vil\u00e1g bir\u00e1ja, a t\u00f6rt\u00e9nelem fog e k\u00e9rd\u00e9sre felelni. Legyenek a szenteml\u00e9k\u0171 v\u00e9rtan\u00fak meg\u00e1ldottak poraikban, szellemeikben a hon szabads\u00e1g Isten\u00e9nek legjobb \u00e1ld\u00e1saival az \u00f6r\u00f6kk\u00e9 val\u00f3s\u00e1gon kereszt\u00fcl; engem, ki nem borulhatok le a magyar Golgota por\u00e1ba, engem October 6ka t\u00e9rdeimre borulva fog hontalans\u00e1gom remete lak\u00e1ban l\u00e1tni amint az engem kitagadott Haza fel\u00e9 ny\u00fajtva agg karjaimat a h\u00e1la h\u0151 \u00e9rzelm\u00e9vel \u00e1ldom a v\u00e9rtan\u00fak szent eml\u00e9k\u00e9t h\u0171s\u00e9g\u00fck\u00e9rt a Haza ir\u00e1nt, &#8216;s a magasztos p\u00e9ld\u00e1\u00e9rt, melyet az ut\u00f3d\u00f3knak adtanak; &#8216;s buzg\u00f3 im\u00e1val k\u00e9rem a magyarok Isten\u00e9t hogy tegye diadalmass\u00e1 a vel\u0151kig hat\u00f3 sz\u00f3zatot, mely Hung\u00e1ria ajkair\u00f3l a magyar nemzethez zeng. \u00dagy legyen. \u00c1men!\u201d Kossuth Lajos, Torino, 1890. szeptember 20.<\/p>\n\n\n\n<p>A szabads\u00e1gharc azonban nem volt hi\u00e1baval\u00f3 k\u00fczdelem: a forradalom el\u0151tti \u00e1llapotokat t\u00f6bb\u00e9 m\u00e1r nem lehetett vissza\u00e1ll\u00edtani \u00e9s a buk\u00e1s ellen\u00e9re a nemzetben nemcsak tov\u00e1bb \u00e9lt, de tov\u00e1bb is er\u0151s\u00f6d\u00f6tt a szabads\u00e1g \u00e9s a f\u00fcggetlens\u00e9g eszm\u00e9je. Az orsz\u00e1g pedig, b\u00e1r hatalmas v\u00e9r\u00e1ldozatok \u00e1r\u00e1n \u00e9s a nemzeti \u00f6nrendelkez\u00e9st\u0151l megfosztva, de elindult a polg\u00e1ri fejl\u0151d\u00e9s \u00fatj\u00e1n.<\/p>\n\n\n\n<p class=\"has-text-align-center\">Ady Endre: Okt\u00f3ber 6.<\/p>\n\n\n\n<p class=\"has-text-align-center\">\u0150szi napnak mosolyg\u00e1sa,<\/p>\n\n\n\n<p class=\"has-text-align-center\">\u0150szi r\u00f3zsa hervad\u00e1sa,<\/p>\n\n\n\n<p class=\"has-text-align-center\">\u0150szi sz\u00e9lnek b\u00fas keserve<\/p>\n\n\n\n<p class=\"has-text-align-center\">Egy-egy k\u00f6nny a szentelt helyre,<\/p>\n\n\n\n<p class=\"has-text-align-center\">Hol megv\u00e1ltott &#8211; h\u0151si \u00e1ron &#8211;<\/p>\n\n\n\n<p class=\"has-text-align-center\">Becs\u00fcletet, dics\u0151s\u00e9get<\/p>\n\n\n\n<p class=\"has-text-align-center\">Az aradi tizenh\u00e1rom.<\/p>\n\n\n\n<p class=\"has-text-align-center\">Az aradi Golgot\u00e1ra<\/p>\n\n\n\n<p class=\"has-text-align-center\">R\u00e1ragyog a nap sug\u00e1ra,<\/p>\n\n\n\n<p class=\"has-text-align-center\">Oda hull az \u0150szi r\u00f3zsa,<\/p>\n\n\n\n<p class=\"has-text-align-center\">Hull\u00f3 lev\u00e9l b\u00facsucs\u00f3kja;<\/p>\n\n\n\n<p class=\"has-text-align-center\">B\u00e1nat s\u00edr a sz\u00e1raz \u00e1gon,<\/p>\n\n\n\n<p class=\"has-text-align-center\">Ott alussza csendes \u00e1lm\u00e1t<\/p>\n\n\n\n<p class=\"has-text-align-center\">Az aradi tizenh\u00e1rom.<\/p>\n\n\n\n<p class=\"has-text-align-center\">\u0150szi napnak csendes f\u00e9nye,<\/p>\n\n\n\n<p class=\"has-text-align-center\">T\u0171zz re\u00e1 a f\u00e9nyes \u00e9gre,<\/p>\n\n\n\n<p class=\"has-text-align-center\">B\u00fas sziv\u00fcnknek enyhe f\u00e9nyed<\/p>\n\n\n\n<p class=\"has-text-align-center\">Adjon nyugv\u00e1st, b\u00e9kess\u00e9get;<\/p>\n\n\n\n<p class=\"has-text-align-center\">Sug\u00e1ridon szellem j\u00e1rjon<\/p>\n\n\n\n<p class=\"has-text-align-center\">S keressen fel k\u00fczdelminkben<\/p>\n\n\n\n<p class=\"has-text-align-center\">Az aradi tizenh\u00e1rom.<\/p>\n\n\n\n<p>Szabados- Szegv\u00e1ri Szilvia, Kalteneckern\u00e9 Kupecz Orsolya<\/p>\n\n\n\n<ol class=\"wp-block-list\" start=\"2022\"><li>okt\u00f3ber<\/li><\/ol>\n\n\n\n<div class=\"wp-block-jetpack-slideshow aligncenter\" data-autoplay=\"true\" data-delay=\"3\" data-effect=\"slide\"><div class=\"wp-block-jetpack-slideshow_container swiper-container\"><ul class=\"wp-block-jetpack-slideshow_swiper-wrapper swiper-wrapper\"><li class=\"wp-block-jetpack-slideshow_slide swiper-slide\"><figure><img loading=\"lazy\" decoding=\"async\" width=\"560\" height=\"370\" alt=\"\" class=\"wp-block-jetpack-slideshow_image wp-image-2990\" data-id=\"2990\" src=\"http:\/\/jaszai-iskola.net\/wp\/wp-content\/uploads\/2022\/11\/image001-3.jpg\" srcset=\"http:\/\/jaszai-iskola.net\/wp\/wp-content\/uploads\/2022\/11\/image001-3.jpg 560w, http:\/\/jaszai-iskola.net\/wp\/wp-content\/uploads\/2022\/11\/image001-3-300x198.jpg 300w\" sizes=\"(max-width: 560px) 100vw, 560px\" \/><\/figure><\/li><li class=\"wp-block-jetpack-slideshow_slide swiper-slide\"><figure><img loading=\"lazy\" decoding=\"async\" width=\"730\" height=\"549\" alt=\"\" class=\"wp-block-jetpack-slideshow_image wp-image-2991\" data-id=\"2991\" src=\"http:\/\/jaszai-iskola.net\/wp\/wp-content\/uploads\/2022\/11\/image003-1.png\" srcset=\"http:\/\/jaszai-iskola.net\/wp\/wp-content\/uploads\/2022\/11\/image003-1.png 730w, http:\/\/jaszai-iskola.net\/wp\/wp-content\/uploads\/2022\/11\/image003-1-300x226.png 300w\" sizes=\"(max-width: 730px) 100vw, 730px\" \/><\/figure><\/li><li class=\"wp-block-jetpack-slideshow_slide swiper-slide\"><figure><img loading=\"lazy\" decoding=\"async\" width=\"897\" height=\"673\" alt=\"\" class=\"wp-block-jetpack-slideshow_image wp-image-2993\" data-id=\"2993\" src=\"http:\/\/jaszai-iskola.net\/wp\/wp-content\/uploads\/2022\/11\/image005-1.png\" srcset=\"http:\/\/jaszai-iskola.net\/wp\/wp-content\/uploads\/2022\/11\/image005-1.png 897w, http:\/\/jaszai-iskola.net\/wp\/wp-content\/uploads\/2022\/11\/image005-1-300x225.png 300w, http:\/\/jaszai-iskola.net\/wp\/wp-content\/uploads\/2022\/11\/image005-1-768x576.png 768w\" sizes=\"(max-width: 897px) 100vw, 897px\" \/><\/figure><\/li><li class=\"wp-block-jetpack-slideshow_slide swiper-slide\"><figure><img loading=\"lazy\" decoding=\"async\" width=\"1024\" height=\"768\" alt=\"\" class=\"wp-block-jetpack-slideshow_image wp-image-2992\" data-id=\"2992\" src=\"http:\/\/jaszai-iskola.net\/wp\/wp-content\/uploads\/2022\/11\/image007-1-1024x768.jpg\" srcset=\"http:\/\/jaszai-iskola.net\/wp\/wp-content\/uploads\/2022\/11\/image007-1-1024x768.jpg 1024w, http:\/\/jaszai-iskola.net\/wp\/wp-content\/uploads\/2022\/11\/image007-1-300x225.jpg 300w, http:\/\/jaszai-iskola.net\/wp\/wp-content\/uploads\/2022\/11\/image007-1-768x576.jpg 768w, http:\/\/jaszai-iskola.net\/wp\/wp-content\/uploads\/2022\/11\/image007-1.jpg 1297w\" sizes=\"(max-width: 1024px) 100vw, 1024px\" \/><\/figure><\/li><\/ul><a class=\"wp-block-jetpack-slideshow_button-prev swiper-button-prev swiper-button-white\" role=\"button\"><\/a><a class=\"wp-block-jetpack-slideshow_button-next swiper-button-next swiper-button-white\" role=\"button\"><\/a><a aria-label=\"Pause Slideshow\" class=\"wp-block-jetpack-slideshow_button-pause\" role=\"button\"><\/a><div class=\"wp-block-jetpack-slideshow_pagination swiper-pagination swiper-pagination-white\"><\/div><\/div><\/div>\n","protected":false},"excerpt":{"rendered":"<p>Nemzeti gy\u00e1sznap okt\u00f3ber 6-a, amikor az 1848\u201349-es forradalom \u00e9s szabads\u00e1gharc lever\u00e9se ut\u00e1n Aradon kiv\u00e9gezt\u00e9k a 13 h\u0151s v\u00e9rtan\u00fat, illetve ugyanekkor Pesten gr\u00f3f Batthy\u00e1ny Lajost, Magyarorsz\u00e1g els\u0151 f\u00fcggetlen, felel\u0151s korm\u00e1ny\u00e1nak vezet\u0151j\u00e9t is meg\u00f6lt\u00e9k. Az aradi v\u00e9rtan\u00fak nev\u00fcket \u00e9s \u00e9let\u00fcket a szabads\u00e1g eszm\u00e9j\u00e9vel egy\u00fctt \u00f6r\u00f6kre bele\u00edrt\u00e1k a magyars\u00e1g t\u00f6rt\u00e9net\u00e9be. Hab\u00e1r a szabads\u00e1gharc elbukott, h\u0151seink \u00e1ldozata m\u00e9gsem volt [&hellip;]<\/p>\n","protected":false},"author":1,"featured_media":0,"comment_status":"open","ping_status":"open","sticky":false,"template":"","format":"standard","meta":{"ngg_post_thumbnail":0,"jetpack_post_was_ever_published":false,"_jetpack_newsletter_access":"","_jetpack_dont_email_post_to_subs":false,"_jetpack_newsletter_tier_id":0,"_jetpack_memberships_contains_paywalled_content":false,"_jetpack_memberships_contains_paid_content":false,"footnotes":"","jetpack_publicize_message":"","jetpack_publicize_feature_enabled":true,"jetpack_social_post_already_shared":true,"jetpack_social_options":{"image_generator_settings":{"template":"highway","default_image_id":0,"font":"","enabled":false},"version":2}},"categories":[13],"tags":[166,70],"class_list":["post-2989","post","type-post","status-publish","format-standard","hentry","category-hirek","tag-megemlekezes","tag-unnep"],"jetpack_publicize_connections":[],"jetpack_featured_media_url":"","jetpack_sharing_enabled":true,"jetpack_shortlink":"https:\/\/wp.me\/p7WZAv-Md","jetpack-related-posts":[],"jetpack_likes_enabled":true,"_links":{"self":[{"href":"http:\/\/jaszai-iskola.net\/wp\/wp-json\/wp\/v2\/posts\/2989","targetHints":{"allow":["GET"]}}],"collection":[{"href":"http:\/\/jaszai-iskola.net\/wp\/wp-json\/wp\/v2\/posts"}],"about":[{"href":"http:\/\/jaszai-iskola.net\/wp\/wp-json\/wp\/v2\/types\/post"}],"author":[{"embeddable":true,"href":"http:\/\/jaszai-iskola.net\/wp\/wp-json\/wp\/v2\/users\/1"}],"replies":[{"embeddable":true,"href":"http:\/\/jaszai-iskola.net\/wp\/wp-json\/wp\/v2\/comments?post=2989"}],"version-history":[{"count":2,"href":"http:\/\/jaszai-iskola.net\/wp\/wp-json\/wp\/v2\/posts\/2989\/revisions"}],"predecessor-version":[{"id":3002,"href":"http:\/\/jaszai-iskola.net\/wp\/wp-json\/wp\/v2\/posts\/2989\/revisions\/3002"}],"wp:attachment":[{"href":"http:\/\/jaszai-iskola.net\/wp\/wp-json\/wp\/v2\/media?parent=2989"}],"wp:term":[{"taxonomy":"category","embeddable":true,"href":"http:\/\/jaszai-iskola.net\/wp\/wp-json\/wp\/v2\/categories?post=2989"},{"taxonomy":"post_tag","embeddable":true,"href":"http:\/\/jaszai-iskola.net\/wp\/wp-json\/wp\/v2\/tags?post=2989"}],"curies":[{"name":"wp","href":"https:\/\/api.w.org\/{rel}","templated":true}]}}