{"id":2913,"date":"2022-10-11T18:07:55","date_gmt":"2022-10-11T17:07:55","guid":{"rendered":"http:\/\/jaszai-iskola.net\/wp\/?p=2913"},"modified":"2022-10-11T18:07:57","modified_gmt":"2022-10-11T17:07:57","slug":"hatartalanul-21","status":"publish","type":"post","link":"http:\/\/jaszai-iskola.net\/wp\/2022\/10\/11\/hatartalanul-21\/","title":{"rendered":"Hat\u00e1rtalanul \u201921"},"content":{"rendered":"\n<p>B\u00e1r hetedikre tervezt\u00fck, m\u00e9gis id\u00e9n, 2022. szeptember 19-23. k\u00f6z\u00f6tt val\u00f3sult meg a k\u00e9t nyolcadik oszt\u00e1ly Hat\u00e1rtalanul kir\u00e1ndul\u00e1sa. Nagy izgalommal k\u00e9sz\u00fclt\u00fcnk r\u00e1 mindannyian. A nagy utaz\u00e1st egy \u00e9vnyi el\u0151k\u00e9sz\u00edt\u0151 munka el\u0151zte meg: p\u00e1ly\u00e1zat\u00edr\u00e1s, szervez\u00e9s, foglal\u00e1sok, rengeteg adminisztr\u00e1ci\u00f3. De meg\u00e9rte!<\/p>\n\n\n\n<p>Az \u00f6t nap alatt t\u00f6bb, mint 1600 km-t utaztunk, hegyen-v\u00f6lgy\u00f6n \u00e1t, azzal a c\u00e9llal, hogy az egykori nagy Magyarorsz\u00e1g magyarlakta ter\u00fcleteit felkeress\u00fck, term\u00e9szeti kincseiben gy\u00f6ny\u00f6rk\u00f6dhess\u00fcnk \u00e9s h\u00edres magyarok l\u00e1bnyomait kutassuk.<\/p>\n\n\n\n<p>Els\u0151 nap m\u00e1r Aradon soroltuk a 13 v\u00e9rtan\u00fa nev\u00e9t, annak az eml\u00e9km\u0171nek a l\u00e1b\u00e1n\u00e1l, ahov\u00e1 h\u0151seink f\u00f6ldi maradv\u00e1nyait temett\u00e9k. Majd D\u00e9va v\u00e1r\u00e1ba m\u00e1sztunk fel l\u00e9pcs\u0151n, meredek \u00f6sv\u00e9nyen. K\u0151m\u00edves Kelemen nyomdokaiba l\u00e9ptek most a karbantart\u00f3k, \u00e9ppen fel\u00faj\u00edt\u00e1s alatt van a v\u00e1r.<\/p>\n\n\n\n<figure class=\"wp-block-image size-large\"><img loading=\"lazy\" decoding=\"async\" width=\"1024\" height=\"768\" data-attachment-id=\"2915\" data-permalink=\"http:\/\/jaszai-iskola.net\/wp\/2022\/10\/11\/hatartalanul-21\/image001-8\/\" data-orig-file=\"http:\/\/jaszai-iskola.net\/wp\/wp-content\/uploads\/2022\/10\/image001.jpg\" data-orig-size=\"1201,901\" data-comments-opened=\"1\" data-image-meta=\"{&quot;aperture&quot;:&quot;0&quot;,&quot;credit&quot;:&quot;&quot;,&quot;camera&quot;:&quot;&quot;,&quot;caption&quot;:&quot;&quot;,&quot;created_timestamp&quot;:&quot;0&quot;,&quot;copyright&quot;:&quot;&quot;,&quot;focal_length&quot;:&quot;0&quot;,&quot;iso&quot;:&quot;0&quot;,&quot;shutter_speed&quot;:&quot;0&quot;,&quot;title&quot;:&quot;&quot;,&quot;orientation&quot;:&quot;0&quot;}\" data-image-title=\"image001\" data-image-description=\"\" data-image-caption=\"\" data-medium-file=\"http:\/\/jaszai-iskola.net\/wp\/wp-content\/uploads\/2022\/10\/image001-300x225.jpg\" data-large-file=\"http:\/\/jaszai-iskola.net\/wp\/wp-content\/uploads\/2022\/10\/image001-1024x768.jpg\" src=\"http:\/\/jaszai-iskola.net\/wp\/wp-content\/uploads\/2022\/10\/image001-1024x768.jpg\" alt=\"\" class=\"wp-image-2915\" srcset=\"http:\/\/jaszai-iskola.net\/wp\/wp-content\/uploads\/2022\/10\/image001-1024x768.jpg 1024w, http:\/\/jaszai-iskola.net\/wp\/wp-content\/uploads\/2022\/10\/image001-300x225.jpg 300w, http:\/\/jaszai-iskola.net\/wp\/wp-content\/uploads\/2022\/10\/image001-768x576.jpg 768w, http:\/\/jaszai-iskola.net\/wp\/wp-content\/uploads\/2022\/10\/image001.jpg 1201w\" sizes=\"auto, (max-width: 1024px) 100vw, 1024px\" \/><\/figure>\n\n\n\n<p>Kedden Nagyszeben k\u00f6zpontj\u00e1ban barangoltunk, de a Hazugok h\u00eddj\u00e1n nem ment\u00fcnk \u00e1t, a biztons\u00e1g kedv\u00e9\u00e9rt. Ki tudja, mi t\u00f6rt\u00e9nt volna?! Segesv\u00e1rra vett\u00fck ink\u00e1bb az ir\u00e1nyt, ahol Tank\u00f3 Anett szavalt el egy gy\u00f6ny\u00f6r\u0171 Pet\u0151fi verset azon a helyen, ahol utolj\u00e1ra l\u00e1tt\u00e1k a k\u00f6lt\u0151t \u00e9lve, ma m\u00e1r egy eml\u00e9km\u0171 van itt. Egy kanyarral Farkaslak\u00e1ra \u00e9rt\u00fcnk, ahol Tam\u00e1si \u00c1ron s\u00edrj\u00e1ra helyezt\u00fcnk el koszor\u00fat. Mikor m\u00e9g gyermek volt az \u00edr\u00f3, a keze megs\u00e9r\u00fclt, \u00edgy a sz\u00fclei l\u00e1tv\u00e1n, hogy nem tud majd f\u00f6ldet m\u0171velni, iskol\u00e1ba k\u00fcldt\u00e9k \u00e9s m\u00e9g Amerik\u00e1t is megj\u00e1rta a tehets\u00e9ges g\u00f3b\u00e9fi\u00fa. V\u00e9g\u00fcl, m\u00e9g az esti mise el\u0151tt bejutottunk a cs\u00edksomly\u00f3i kegytemplomba. Itt nagyon megdics\u00e9rt\u00e9k a csoportot, fegyelmezett magatart\u00e1s\u00e1\u00e9rt. Ezen felbuzdulva felkerekedt\u00fcnk \u00e9s felment\u00fcnk a Nyeregbe, a Cs\u00edksomly\u00f3i B\u00facs\u00fa helysz\u00edn\u00e9re. A lemen\u0151 nap f\u00e9nyeiben, a MISERICORDIA (kegyelem) \u00e1rny\u00e9k\u00e1ban meg\u00e9rezhett\u00fck, mi\u00e9rt is fontos helysz\u00edne ez a magyars\u00e1gnak.<\/p>\n\n\n\n<figure class=\"wp-block-image size-large\"><img loading=\"lazy\" decoding=\"async\" width=\"1024\" height=\"767\" data-attachment-id=\"2916\" data-permalink=\"http:\/\/jaszai-iskola.net\/wp\/2022\/10\/11\/hatartalanul-21\/image003-6\/\" data-orig-file=\"http:\/\/jaszai-iskola.net\/wp\/wp-content\/uploads\/2022\/10\/image003.jpg\" data-orig-size=\"1165,873\" data-comments-opened=\"1\" data-image-meta=\"{&quot;aperture&quot;:&quot;0&quot;,&quot;credit&quot;:&quot;&quot;,&quot;camera&quot;:&quot;&quot;,&quot;caption&quot;:&quot;&quot;,&quot;created_timestamp&quot;:&quot;0&quot;,&quot;copyright&quot;:&quot;&quot;,&quot;focal_length&quot;:&quot;0&quot;,&quot;iso&quot;:&quot;0&quot;,&quot;shutter_speed&quot;:&quot;0&quot;,&quot;title&quot;:&quot;&quot;,&quot;orientation&quot;:&quot;0&quot;}\" data-image-title=\"image003\" data-image-description=\"\" data-image-caption=\"\" data-medium-file=\"http:\/\/jaszai-iskola.net\/wp\/wp-content\/uploads\/2022\/10\/image003-300x225.jpg\" data-large-file=\"http:\/\/jaszai-iskola.net\/wp\/wp-content\/uploads\/2022\/10\/image003-1024x767.jpg\" src=\"http:\/\/jaszai-iskola.net\/wp\/wp-content\/uploads\/2022\/10\/image003-1024x767.jpg\" alt=\"\" class=\"wp-image-2916\" srcset=\"http:\/\/jaszai-iskola.net\/wp\/wp-content\/uploads\/2022\/10\/image003-1024x767.jpg 1024w, http:\/\/jaszai-iskola.net\/wp\/wp-content\/uploads\/2022\/10\/image003-300x225.jpg 300w, http:\/\/jaszai-iskola.net\/wp\/wp-content\/uploads\/2022\/10\/image003-768x576.jpg 768w, http:\/\/jaszai-iskola.net\/wp\/wp-content\/uploads\/2022\/10\/image003.jpg 1165w\" sizes=\"auto, (max-width: 1024px) 100vw, 1024px\" \/><\/figure>\n\n\n\n<p>A harmadik napon -sokak szerint ez volt a cs\u00facs- a B\u00e9k\u00e1s szorosban tett\u00fcnk egy s\u00e9t\u00e1t. A monument\u00e1lis szikl\u00e1k t\u00f6v\u00e9ben, a zubog\u00f3 patak mellett gyalogolva meg\u00e9rezhett\u00fck, milyen \u00e9rt\u00e9kes az \u00e9let. Majd a Gyilkos t\u00f3 mellett tett\u00fcnk egy s\u00e9t\u00e1t \u00e9s a f\u00f6ldcsuszaml\u00e1s magyar\u00e1zatait, a legend\u00e1kat is megismerhett\u00fck. V\u00e9g\u00fcl Szov\u00e1t\u00e1ra ment\u00fcnk, ahol a s\u00f3vid\u00e9k tavait j\u00e1rtuk k\u00f6rbe. Ezen a napon egy k\u00fcl\u00f6nleges sz\u00e1ll\u00e1shelyen \u00e9jszak\u00e1ztunk, a Szent J\u00f3zsef Gyermekotthonban. A bentlak\u00f3knak m\u00e1r idehaza \u00f6sszegy\u0171jt\u00f6tt\u00fcnk rengeteg finoms\u00e1got, s\u0151t egy anyuka csod\u00e1latos m\u00e9zeskal\u00e1csokat k\u00e9sz\u00edtett, Monor felirattal, piros-feh\u00e9r-z\u00f6ld d\u00edsz\u00edt\u00e9ssel. Emellett a konyh\u00e1ra is vitt\u00fcnk rizst, olajat, t\u00e9szt\u00e1t. Nagy szeretettel fogadtak benn\u00fcnket, a gyerekekkel \u00f6nfeledt fociz\u00e1sba kezdtek a mieink, majd Istu, a felel\u0151s csoportvezet\u0151 bemutatta nek\u00fcnk az int\u00e9zm\u00e9nyt, a gyermekek beker\u00fcl\u00e9s\u00e9nek m\u00f3dj\u00e1t. Azt hiszem, ez t\u00f6bb volt, mint \u00e9rz\u00e9keny\u00edt\u00e9s.<\/p>\n\n\n\n<figure class=\"wp-block-image size-large\"><img loading=\"lazy\" decoding=\"async\" width=\"1024\" height=\"768\" data-attachment-id=\"2917\" data-permalink=\"http:\/\/jaszai-iskola.net\/wp\/2022\/10\/11\/hatartalanul-21\/image005-4\/\" data-orig-file=\"http:\/\/jaszai-iskola.net\/wp\/wp-content\/uploads\/2022\/10\/image005.jpg\" data-orig-size=\"1183,887\" data-comments-opened=\"1\" data-image-meta=\"{&quot;aperture&quot;:&quot;0&quot;,&quot;credit&quot;:&quot;&quot;,&quot;camera&quot;:&quot;&quot;,&quot;caption&quot;:&quot;&quot;,&quot;created_timestamp&quot;:&quot;0&quot;,&quot;copyright&quot;:&quot;&quot;,&quot;focal_length&quot;:&quot;0&quot;,&quot;iso&quot;:&quot;0&quot;,&quot;shutter_speed&quot;:&quot;0&quot;,&quot;title&quot;:&quot;&quot;,&quot;orientation&quot;:&quot;0&quot;}\" data-image-title=\"image005\" data-image-description=\"\" data-image-caption=\"\" data-medium-file=\"http:\/\/jaszai-iskola.net\/wp\/wp-content\/uploads\/2022\/10\/image005-300x225.jpg\" data-large-file=\"http:\/\/jaszai-iskola.net\/wp\/wp-content\/uploads\/2022\/10\/image005-1024x768.jpg\" src=\"http:\/\/jaszai-iskola.net\/wp\/wp-content\/uploads\/2022\/10\/image005-1024x768.jpg\" alt=\"\" class=\"wp-image-2917\" srcset=\"http:\/\/jaszai-iskola.net\/wp\/wp-content\/uploads\/2022\/10\/image005-1024x768.jpg 1024w, http:\/\/jaszai-iskola.net\/wp\/wp-content\/uploads\/2022\/10\/image005-300x225.jpg 300w, http:\/\/jaszai-iskola.net\/wp\/wp-content\/uploads\/2022\/10\/image005-768x576.jpg 768w, http:\/\/jaszai-iskola.net\/wp\/wp-content\/uploads\/2022\/10\/image005.jpg 1183w\" sizes=\"auto, (max-width: 1024px) 100vw, 1024px\" \/><\/figure>\n\n\n\n<p>Cs\u00fct\u00f6rt\u00f6k\u00f6n Korondon k\u00e9sz fegyverarzen\u00e1lt v\u00e1s\u00e1roltak fiaink, de Szabi b\u00e1, a sof\u0151r\u00fcnk megismertette vel\u00fck a korondi fegyverlet\u00e9telt, \u00edgy a kincsek, a busz alj\u00e1ban, biztons\u00e1gban \u00e9rkeztek meg Monorra. Sokatmond\u00f3 sz\u00e9kely vicceket hallgattunk Csab\u00e1t\u00f3l, aki a parajdi s\u00f3b\u00e1ny\u00e1b\u00f3l \u00e9rkez\u0151 s\u00f3t\u00f6mb\u00f6ket dolgozza fel, minden di\u00e1k kaphatott is egy darabot, s\u0151t az iskol\u00e1nak is hoztunk egy lapka s\u00f3t, a term\u00e9szettudom\u00e1nyos \u00f3r\u00e1khoz szeml\u00e9ltet\u0151 eszk\u00f6zk\u00e9nt. Marosv\u00e1s\u00e1rhelyen a Kult\u00farpalota szecesszi\u00f3s \u00e9p\u00fclet\u00e9t n\u00e9zhett\u00fck meg, majd Torock\u00f3ra \u00e9rkezt\u00fcnk. Itt a Sz\u00e9kelyk\u0151 l\u00e1b\u00e1n\u00e1l k\u00f6r\u00fcln\u00e9zt\u00fcnk a faluban is.<\/p>\n\n\n\n<p>Az utols\u00f3 nap is tartogatott csod\u00e1kat. A Tordai Hasad\u00e9kba ugyan bemenni nem tudtunk az el\u0151z\u0151 napi es\u0151 miatt, de megn\u00e9zhett\u00fck \u00e9s Szent L\u00e1szl\u00f3 legend\u00e1j\u00e1t is megismert\u00fck. Kolozsv\u00e1ron M\u00e1ty\u00e1s kir\u00e1ly szobr\u00e1t koszor\u00faztuk meg, ell\u00e1togattunk a sz\u00fcl\u0151h\u00e1z\u00e1hoz is, illetve a gy\u00f6ny\u00f6r\u0171en fel\u00faj\u00edtott Szent Mih\u00e1ly templomba is bement\u00fcnk. Miel\u0151tt elb\u00facs\u00faztunk Amit\u00f3l, a bar\u00e1ts\u00e1gos \u00e9s k\u00f6zvetlen idegenvezet\u0151nkt\u0151l, m\u00e9g a h\u00e1zsongr\u00e1di temet\u0151ben is tehett\u00fcnk egy k\u00f6rt. B\u00e1r m\u00e9g di\u00e1kjainknak sokat kell tanulni, Ap\u00e1czai Csere J\u00e1nos neve az\u00e9rt ismer\u0151sen csengett nekik a sok h\u00edres magyar k\u00f6z\u00fcl, akiket ide helyeztek v\u00e9gs\u0151 nyugalomra.<br>Nagyv\u00e1radon Ingrid tan\u00e1rn\u0151 kalauzolt minket k\u00f6rbe \u00e9s ezzel v\u00e9get is \u00e9rt tartalmas kir\u00e1ndul\u00e1sunk.<\/p>\n\n\n\n<p>B\u00edzom abban, hogy di\u00e1kjaink \u00e9letre sz\u00f3l\u00f3 eml\u00e9keket gy\u0171jt\u00f6ttek ezalatt az \u00f6t nap alatt.<\/p>\n\n\n\n<figure class=\"wp-block-image size-large\"><img loading=\"lazy\" decoding=\"async\" width=\"1024\" height=\"768\" data-attachment-id=\"2918\" data-permalink=\"http:\/\/jaszai-iskola.net\/wp\/2022\/10\/11\/hatartalanul-21\/image007-2\/\" data-orig-file=\"http:\/\/jaszai-iskola.net\/wp\/wp-content\/uploads\/2022\/10\/image007.jpg\" data-orig-size=\"1110,832\" data-comments-opened=\"1\" data-image-meta=\"{&quot;aperture&quot;:&quot;0&quot;,&quot;credit&quot;:&quot;&quot;,&quot;camera&quot;:&quot;&quot;,&quot;caption&quot;:&quot;&quot;,&quot;created_timestamp&quot;:&quot;0&quot;,&quot;copyright&quot;:&quot;&quot;,&quot;focal_length&quot;:&quot;0&quot;,&quot;iso&quot;:&quot;0&quot;,&quot;shutter_speed&quot;:&quot;0&quot;,&quot;title&quot;:&quot;&quot;,&quot;orientation&quot;:&quot;0&quot;}\" data-image-title=\"image007\" data-image-description=\"\" data-image-caption=\"\" data-medium-file=\"http:\/\/jaszai-iskola.net\/wp\/wp-content\/uploads\/2022\/10\/image007-300x225.jpg\" data-large-file=\"http:\/\/jaszai-iskola.net\/wp\/wp-content\/uploads\/2022\/10\/image007-1024x768.jpg\" src=\"http:\/\/jaszai-iskola.net\/wp\/wp-content\/uploads\/2022\/10\/image007-1024x768.jpg\" alt=\"\" class=\"wp-image-2918\" srcset=\"http:\/\/jaszai-iskola.net\/wp\/wp-content\/uploads\/2022\/10\/image007-1024x768.jpg 1024w, http:\/\/jaszai-iskola.net\/wp\/wp-content\/uploads\/2022\/10\/image007-300x225.jpg 300w, http:\/\/jaszai-iskola.net\/wp\/wp-content\/uploads\/2022\/10\/image007-768x576.jpg 768w, http:\/\/jaszai-iskola.net\/wp\/wp-content\/uploads\/2022\/10\/image007.jpg 1110w\" sizes=\"auto, (max-width: 1024px) 100vw, 1024px\" \/><\/figure>\n","protected":false},"excerpt":{"rendered":"<p>B\u00e1r hetedikre tervezt\u00fck, m\u00e9gis id\u00e9n, 2022. szeptember 19-23. k\u00f6z\u00f6tt val\u00f3sult meg a k\u00e9t nyolcadik oszt\u00e1ly Hat\u00e1rtalanul kir\u00e1ndul\u00e1sa. Nagy izgalommal k\u00e9sz\u00fclt\u00fcnk r\u00e1 mindannyian. A nagy utaz\u00e1st egy \u00e9vnyi el\u0151k\u00e9sz\u00edt\u0151 munka el\u0151zte meg: p\u00e1ly\u00e1zat\u00edr\u00e1s, szervez\u00e9s, foglal\u00e1sok, rengeteg adminisztr\u00e1ci\u00f3. De meg\u00e9rte! Az \u00f6t nap alatt t\u00f6bb, mint 1600 km-t utaztunk, hegyen-v\u00f6lgy\u00f6n \u00e1t, azzal a c\u00e9llal, hogy az egykori [&hellip;]<\/p>\n","protected":false},"author":1,"featured_media":0,"comment_status":"open","ping_status":"open","sticky":false,"template":"","format":"standard","meta":{"ngg_post_thumbnail":0,"jetpack_post_was_ever_published":false,"_jetpack_newsletter_access":"","_jetpack_dont_email_post_to_subs":false,"_jetpack_newsletter_tier_id":0,"_jetpack_memberships_contains_paywalled_content":false,"_jetpack_memberships_contains_paid_content":false,"footnotes":"","jetpack_publicize_message":"","jetpack_publicize_feature_enabled":true,"jetpack_social_post_already_shared":true,"jetpack_social_options":{"image_generator_settings":{"template":"highway","default_image_id":0,"font":"","enabled":false},"version":2}},"categories":[13],"tags":[106,267,264,263,265,266],"class_list":["post-2913","post","type-post","status-publish","format-standard","hentry","category-hirek","tag-arad","tag-bucsu","tag-deva","tag-kirandulas","tag-komiveskelemen","tag-nagyszeben"],"jetpack_publicize_connections":[],"jetpack_featured_media_url":"","jetpack_sharing_enabled":true,"jetpack_shortlink":"https:\/\/wp.me\/p7WZAv-KZ","jetpack-related-posts":[],"jetpack_likes_enabled":true,"_links":{"self":[{"href":"http:\/\/jaszai-iskola.net\/wp\/wp-json\/wp\/v2\/posts\/2913","targetHints":{"allow":["GET"]}}],"collection":[{"href":"http:\/\/jaszai-iskola.net\/wp\/wp-json\/wp\/v2\/posts"}],"about":[{"href":"http:\/\/jaszai-iskola.net\/wp\/wp-json\/wp\/v2\/types\/post"}],"author":[{"embeddable":true,"href":"http:\/\/jaszai-iskola.net\/wp\/wp-json\/wp\/v2\/users\/1"}],"replies":[{"embeddable":true,"href":"http:\/\/jaszai-iskola.net\/wp\/wp-json\/wp\/v2\/comments?post=2913"}],"version-history":[{"count":2,"href":"http:\/\/jaszai-iskola.net\/wp\/wp-json\/wp\/v2\/posts\/2913\/revisions"}],"predecessor-version":[{"id":2919,"href":"http:\/\/jaszai-iskola.net\/wp\/wp-json\/wp\/v2\/posts\/2913\/revisions\/2919"}],"wp:attachment":[{"href":"http:\/\/jaszai-iskola.net\/wp\/wp-json\/wp\/v2\/media?parent=2913"}],"wp:term":[{"taxonomy":"category","embeddable":true,"href":"http:\/\/jaszai-iskola.net\/wp\/wp-json\/wp\/v2\/categories?post=2913"},{"taxonomy":"post_tag","embeddable":true,"href":"http:\/\/jaszai-iskola.net\/wp\/wp-json\/wp\/v2\/tags?post=2913"}],"curies":[{"name":"wp","href":"https:\/\/api.w.org\/{rel}","templated":true}]}}