{"id":2688,"date":"2022-03-29T14:11:17","date_gmt":"2022-03-29T13:11:17","guid":{"rendered":"http:\/\/jaszai-iskola.net\/wp\/?p=2688"},"modified":"2022-04-27T16:48:35","modified_gmt":"2022-04-27T15:48:35","slug":"2022-2023-tanitasi-evre-torteno-altalanos-iskolai-beiratkozas","status":"publish","type":"post","link":"http:\/\/jaszai-iskola.net\/wp\/2022\/03\/29\/2022-2023-tanitasi-evre-torteno-altalanos-iskolai-beiratkozas\/","title":{"rendered":"2022\/2023. tan\u00edt\u00e1si \u00e9vre t\u00f6rt\u00e9n\u0151 \u00e1ltal\u00e1nos iskolai beiratkoz\u00e1s"},"content":{"rendered":"<p><strong>TISZTELT SZ\u00dcL\u0150\/ T\u00d6RV\u00c9NYES K\u00c9PVISEL\u0150!<\/strong><\/p>\n<p>&nbsp;<\/p>\n<p>1. T\u00e1j\u00e9koztatom, hogy a 2022\/2023. tan\u00edt\u00e1si \u00e9vre t\u00f6rt\u00e9n\u0151 \u00e1ltal\u00e1nos iskolai beiratkoz\u00e1s <strong>2022. \u00e1prilis 21-\u00e9n \u00e9s \u00e1prilis 22-\u00e9n t\u00f6rt\u00e9nik<\/strong>, melynek sor\u00e1n <strong>szem\u00e9lyes m\u00f3don sz\u00fcks\u00e9ges be\u00edratnia tank\u00f6teles korba l\u00e9p\u0151 gyermek\u00e9t.&nbsp;&nbsp;&nbsp;&nbsp;&nbsp;&nbsp;&nbsp;&nbsp;&nbsp;&nbsp;&nbsp;&nbsp;&nbsp;&nbsp;&nbsp;&nbsp; &nbsp;&nbsp;&nbsp;&nbsp;&nbsp;&nbsp;&nbsp;&nbsp;&nbsp;&nbsp;&nbsp;&nbsp;&nbsp;&nbsp;&nbsp;&nbsp;&nbsp;&nbsp;&nbsp;&nbsp;&nbsp;&nbsp;&nbsp;&nbsp;&nbsp;&nbsp;&nbsp;&nbsp;&nbsp;&nbsp;&nbsp;&nbsp;&nbsp;&nbsp; &nbsp;&nbsp;&nbsp;&nbsp;&nbsp;&nbsp;&nbsp;&nbsp;&nbsp;&nbsp;&nbsp;&nbsp;&nbsp;&nbsp;&nbsp;&nbsp;&nbsp;&nbsp;&nbsp;&nbsp;&nbsp;&nbsp;&nbsp;&nbsp;&nbsp;&nbsp;&nbsp;&nbsp;&nbsp;&nbsp;&nbsp;&nbsp;&nbsp;&nbsp;&nbsp;&nbsp;&nbsp;&nbsp;&nbsp;&nbsp;&nbsp;&nbsp;&nbsp;&nbsp;&nbsp;&nbsp;&nbsp;&nbsp;&nbsp;&nbsp;&nbsp;&nbsp;&nbsp;&nbsp;&nbsp;&nbsp;&nbsp;&nbsp; <\/strong><\/p>\n<p>2. Amennyiben \u00d6n nem a lak\u00f3helye vagy tart\u00f3zkod\u00e1si helye szerinti k\u00f6rzetes iskol\u00e1ba szeretn\u00e9 be\u00edratni gyermek\u00e9t, a v\u00e1lasztott iskol\u00e1ban akkor is meg kell adnia a k\u00f6telez\u0151 felv\u00e9telt biztos\u00edt\u00f3 \u00e1ltal\u00e1nos iskola nev\u00e9t \u00e9s c\u00edm\u00e9t is jelentkez\u00e9se sor\u00e1n. <a href=\"#_ftn1\" name=\"_ftnref1\"><sup>[1]<\/sup><\/a><\/p>\n<p>3. K\u00e9rem a sz\u00fcl\u0151ket\/t\u00f6rv\u00e9nyes k\u00e9pvisel\u0151ket, hogy csak egy \u00e1ltal\u00e1nos iskol\u00e1ba ny\u00fajts\u00e1k be gyermek\u00fck jelentkez\u00e9s\u00e9t.<\/p>\n<p>4. T\u00e1j\u00e9koztatom \u00d6n\u00f6ket, hogy 2022. \u00e1prilis 6-t\u00f3l a szem\u00e9lyes beiratkoz\u00e1st megel\u0151z\u0151en lehet\u0151s\u00e9g\u00fck van a KR\u00c9TA-rendszer fel\u00fclet\u00e9n kereszt\u00fcl (<a href=\"https:\/\/eugyintezes.e-kreta.hu\/kezdolap\">https:\/\/eugyintezes.e-kreta.hu\/kezdolap<\/a>) el\u0151zetesen r\u00f6gz\u00edteni tank\u00f6teles gyermek\u00fck adatait.<\/p>\n<p><em>(Amennyiben a k\u00e9s\u0151bbiekben m\u00f3dos\u00edtani k\u00edv\u00e1n a m\u00e1r elektronikusan bek\u00fcld\u00f6tt adatokon, akkor ezt \u00fagy teheti meg, hogy jelzi (telefonon, e-mailben, az int\u00e9zm\u00e9ny \u00e1ltal meghat\u00e1rozott m\u00f3don) az adott int\u00e9zm\u00e9ny r\u00e9sz\u00e9re visszavon\u00e1si vagy adatm\u00f3dos\u00edt\u00e1si sz\u00e1nd\u00e9k\u00e1t. Az adatok m\u00f3dos\u00edt\u00e1s\u00e1t az int\u00e9zm\u00e9ny a KR\u00c9TA fel\u00fclet\u00e9n a k\u00e9r\u00e9s alapj\u00e1n elv\u00e9gzi. Amennyiben a sz\u00fcl\u0151 visszavonja gyermeke jelentkez\u00e9s\u00e9t, ennek k\u00f6vetkezm\u00e9nyek\u00e9nt a \u201eB\u00c1I\u201d fel\u00fcleten az iskola a beny\u00fajtott jelentkez\u00e9sre a sz\u00fcl\u0151 k\u00e9r\u00e9se alapj\u00e1n elutas\u00edt\u00f3 hat\u00e1rozatot hoz, \u00e9s az int\u00e9zm\u00e9ny saj\u00e1t rendszer\u00e9ben a gyermek adatait a \u201eBeiratkoz\u00e1s visszavonva\u201d st\u00e1tuszba \u00e1ll\u00edtja. Ezen m\u0171veletek elv\u00e9gz\u00e9s\u00e9t k\u00f6vet\u0151en \u00d6n ism\u00e9t be tudja ny\u00fajtani gyermeke jelentkez\u00e9s\u00e9t egy m\u00e1sik iskol\u00e1ba.) <\/em><\/p>\n<p><strong>5. Hangs\u00falyozzuk, hogy a szem\u00e9lyes megjelen\u00e9s a beiratkoz\u00e1s folyamata sor\u00e1n k\u00f6telez\u0151, de javasoljuk \u00e9s k\u00e9rj\u00fck az el\u0151zetes KR\u00c9TA-adatszolg\u00e1ltat\u00e1st elv\u00e9gezni, mert ez\u00e1ltal jelent\u0151sen k\u00f6nnyebb\u00e9 \u00e9s gyorsabb\u00e1 v\u00e1lik az szem\u00e9lyes \u00fcgyint\u00e9z\u00e9s mindenki sz\u00e1m\u00e1ra.<\/strong><\/p>\n<p><strong>&nbsp;<\/strong><\/p>\n<p><strong>Int\u00e9zm\u00e9ny\u00fcnkben a beiratkoz\u00e1s a k\u00f6vetkez\u0151k\u00e9ppen alakul:<\/strong><\/p>\n<p><strong>A<\/strong> <strong>Monori J\u00e1szai Mari \u00c1ltal\u00e1nos Iskol\u00e1ban<\/strong> <strong>a beiratkoz\u00e1s \u00e1prilis 21-\u00e9n 8-19 \u00f3r\u00e1ig, \u00e1prilis 22-\u00e9n 8-18 \u00f3r\u00e1ig lesz.<\/strong> Azok a gyermekek, akiknek hat\u00e1rozatuk van arr\u00f3l, hogy a k\u00f6vetkez\u0151 nevel\u00e9si \u00e9vben m\u00e9g az \u00f3vod\u00e1ban maradnak, nem kell beiratkozniuk, teend\u0151j\u00fck nincs. Ezek a gyerekek a beiratkoz\u00e1si list\u00e1ban nem szerepelnek.<\/p>\n<p>Ha gyermeke saj\u00e1tos nevel\u00e9si ig\u00e9ny\u0171 (SNI), vagy beilleszked\u00e9si, tanul\u00e1si, magatart\u00e1si neh\u00e9zs\u00e9ggel k\u00fczd\u0151 (BTMN), k\u00e9rj\u00fck mindenk\u00e9ppen hozza mag\u00e1val a szak\u00e9rt\u0151i v\u00e9lem\u00e9nyt. Ez az\u00e9rt fontos, hogy az Int\u00e9zm\u00e9ny tudja gyermeke sz\u00e1m\u00e1ra biztos\u00edtani a megfelel\u0151 ell\u00e1t\u00e1st.<\/p>\n<p>Szeretn\u00e9nk m\u00e9g egyszer hangs\u00falyozni, hogy a szem\u00e9lyes megjelen\u00e9s k\u00f6telez\u0151, a v\u00e1rakoz\u00e1si id\u0151 cs\u00f6kkent\u00e9se \u00e9rdek\u00e9ben k\u00e9rj\u00fck egyeztessenek id\u0151pontot a <strong>0629-611-580<\/strong>, vagy a <strong>06\/30-792-77-25<\/strong>-\u00f6s telefonsz\u00e1mon.<\/p>\n<p>Ahhoz hogy megk\u00f6nny\u00edts\u00fck a beiratkoz\u00e1s folyamat\u00e1t, hogy ne kelljen mindk\u00e9t sz\u00fcl\u0151nek megjelennie a beiratkoz\u00e1skor, az \u00f3voda r\u00e9sz\u00e9re eljuttatunk, a k\u00f6z\u00f6s fel\u00fcgyelet gyakorl\u00e1s\u00e1r\u00f3l egy nyilatkozatot, amit mindk\u00e9t sz\u00fcl\u0151nek al\u00e1 kell \u00edrni. Ez a nyomtatv\u00e1ny a mi iskol\u00e1nk port\u00e1j\u00e1n is el\u00e9rhet\u0151.<\/p>\n<p>B\u00e1rmilyen k\u00e9rd\u00e9s eset\u00e9n keressenek nyugodtan a fenti telefonsz\u00e1mok egyik\u00e9n vagy a <a href=\"mailto:jaszaimari.monor@gmail.com\">jaszaimari.monor@gmail.com<\/a> e-mail c\u00edmen. K\u00e9rj\u00fck folyamatosan figyelj\u00e9k honlapunkat az esetleges \u00fajabb inform\u00e1ci\u00f3k miatt.<\/p>\n<p>K\u00e9rj\u00fck a beiratkoz\u00e1shoz az al\u00e1bbi eredeti dokumentumokat hozz\u00e1k magukkal:<\/p>\n<ul>\n<li>A gyermek szem\u00e9lyazonoss\u00e1g\u00e1t igazol\u00f3 hat\u00f3s\u00e1gi igazolv\u00e1ny<\/li>\n<li>A gyermek nev\u00e9re ki\u00e1ll\u00edtott TAJ k\u00e1rtya<\/li>\n<li>A gyermek nev\u00e9re ki\u00e1ll\u00edtott lakc\u00edmet igazol\u00f3 hat\u00f3s\u00e1gi igazolv\u00e1ny<\/li>\n<li>Nyilatkozat a k\u00f6z\u00f6s sz\u00fcl\u0151i fel\u00fcgyeleti jog gyakorl\u00e1s\u00e1ra vonatkoz\u00f3an<\/li>\n<\/ul>\n<p>&nbsp;<\/p>\n<p>6. Fontos, hogy az \u00e1ltal\u00e1nos iskolai beiratkoz\u00e1shoz sz\u00fcks\u00e9ges dokumentumokat, nyomtatv\u00e1nyokat mindk\u00e9t t\u00f6rv\u00e9nyes k\u00e9pvisel\u0151 al\u00e1\u00edr\u00e1s\u00e1val ell\u00e1tva kell beny\u00fajtani. A k\u00fcl\u00f6n\u00e9l\u0151 sz\u00fcl\u0151k a gyermek sors\u00e1t \u00e9rint\u0151 l\u00e9nyeges k\u00e9rd\u00e9sekben (\u00edgy az iskola megv\u00e1laszt\u00e1s\u00e1ban) k\u00f6z\u00f6sen gyakorolj\u00e1k jogaikat akkor is, ha a sz\u00fcl\u0151i fel\u00fcgyeletet a sz\u00fcl\u0151k meg\u00e1llapod\u00e1sa vagy a b\u00edr\u00f3s\u00e1g d\u00f6nt\u00e9se alapj\u00e1n az egyik sz\u00fcl\u0151 gyakorolja, kiv\u00e9ve, ha a gyermek\u00e9t\u0151l k\u00fcl\u00f6n\u00e9l\u0151 sz\u00fcl\u0151 fel\u00fcgyeleti jog\u00e1t a b\u00edr\u00f3s\u00e1g e tekintetben korl\u00e1tozta vagy megvonta.<\/p>\n<p>&nbsp;<\/p>\n<p>7. A 2022. \u00e1prilis 21-i \u00e9s \u00e1prilis 22-i szem\u00e9lyes beiratkoz\u00e1s, illetve a dokumentumok bemutat\u00e1sa sor\u00e1n sz\u00fcl\u0151nek\/t\u00f6rv\u00e9nyes k\u00e9pvisel\u0151nek sz\u00fcks\u00e9ges nyilatkoznia az etika\/hit- \u00e9s erk\u00f6lcstan kapcs\u00e1n, hogy etikaoktat\u00e1st vagy hit- \u00e9s erk\u00f6lcstanoktat\u00e1st v\u00e1lasztja, illetve hit- \u00e9s erk\u00f6lcstan v\u00e1laszt\u00e1sa eset\u00e9n melyik egyh\u00e1z hit- \u00e9s erk\u00f6lcstan tan\u00edt\u00e1s\u00e1nak megszervez\u00e9s\u00e9t k\u00e9ri gyermeke sz\u00e1m\u00e1ra. Az iskola a hit- \u00e9s erk\u00f6lcstanoktat\u00e1ssal kapcsolatos, az egyh\u00e1zakt\u00f3l kapott inform\u00e1ci\u00f3kat felt\u00fcnteti a honlapj\u00e1n, sz\u00fcks\u00e9g eset\u00e9n seg\u00edti az ezzel kapcsolatos inform\u00e1ci\u00f3\u00e1raml\u00e1st.<\/p>\n<p>&nbsp;<\/p>\n<p>8. A beiratkoz\u00e1si napok eltelt\u00e9vel, <em>2022. \u00e1prilis 25-\u00e9n<\/em> a k\u00f6telez\u0151 felv\u00e9telt biztos\u00edt\u00f3, k\u00f6rzetes \u00e1ltal\u00e1nos iskol\u00e1ba jelentkez\u0151 k\u00f6rzetes gyermekek felv\u00e9telre ker\u00fclnek.<\/p>\n<p>9. A k\u00f6rzettel rendelkez\u0151 iskol\u00e1ba jelentkez\u0151, nem k\u00f6rzetes gyermekek eset\u00e9ben egyar\u00e1nt legk\u00e9s\u0151bb 2022. \u00e1prilis 29-ig d\u00f6ntenek a gyermekek felv\u00e9tel\u00e9r\u0151l \u00e9s ezut\u00e1n k\u00fcldik el hat\u00e1rozatukat \u00d6n\u00f6knek.<\/p>\n<p>&nbsp;<\/p>\n<p>A beiratkoz\u00e1shoz sz\u00fcks\u00e9ges dokumentumok, adatok megad\u00e1sa kapcs\u00e1n \u00d6n seg\u00edts\u00e9get k\u00e9rhet gyermeke \u00f3vod\u00e1j\u00e1t\u00f3l \u2013 \u00f3voda OM azonos\u00edtja, gyermek\u00fck oktat\u00e1si azonos\u00edt\u00f3ja tekintet\u00e9ben. Term\u00e9szetesen iskol\u00e1nk illetve sz\u00fcks\u00e9g eset\u00e9n a Monori Tanker\u00fcleti K\u00f6zpont is rendelkez\u00e9sre \u00e1ll a <a href=\"mailto:jozsef.villand@kk.gov.hu\">jozsef.villand@kk.gov.hu<\/a> e-mail c\u00edmen, illetve a 29\/795-218-as telefonsz\u00e1mon a k\u00f6rzetes iskol\u00e1kkal kapcsolatos inform\u00e1ci\u00f3k, a beiratkoz\u00e1s rendj\u00e9re vonatkoz\u00f3 k\u00e9rd\u00e9sek eset\u00e9n.<\/p>\n<p><a href=\"#_ftnref1\" name=\"_ftn1\">[1]<\/a> <strong>K\u00f6rzetes tanul\u00f3nak sz\u00e1m\u00edt <\/strong>jogszab\u00e1ly szerint az a tank\u00f6teles gyermek, aki a k\u00f6telez\u0151 felv\u00e9telt biztos\u00edt\u00f3 iskola k\u00f6rzet\u00e9ben tal\u00e1lhat\u00f3 ingatlant otthon\u00e1ul haszn\u00e1lja (\u00e9letvitelszer\u0171 ott lak\u00e1s), \u00e9s az ilyen ingatlan a polg\u00e1rok szem\u00e9lyi adatainak \u00e9s lakc\u00edm\u00e9nek nyilv\u00e1ntart\u00e1s\u00e1ban a tanul\u00f3 lak\u00f3helyek\u00e9nt vagy tart\u00f3zkod\u00e1si helyek\u00e9nt az iskolai beiratkoz\u00e1s els\u0151 hat\u00e1rnapj\u00e1t megel\u0151z\u0151 h\u00e1rom h\u00f3napn\u00e1l r\u00e9gebb \u00f3ta szerepel.<\/p>\n<a href=\"http:\/\/jaszai-iskola.net\/wp\/wp-content\/uploads\/2022\/03\/Jaszai-korzet.pdf\" class=\"pdfemb-viewer\" style=\"\" data-width=\"max\" data-height=\"max\" data-toolbar=\"both\" data-toolbar-fixed=\"on\">J\u00e1szai k\u00f6rzet<\/a>\n\n\n<figure class=\"wp-block-image size-full\"><a href=\"http:\/\/jaszai-iskola.net\/wp\/wp-content\/uploads\/2022\/03\/Kepernyokep-2022-03-29-152607.png\"><img loading=\"lazy\" decoding=\"async\" width=\"747\" height=\"886\" data-attachment-id=\"2698\" data-permalink=\"http:\/\/jaszai-iskola.net\/wp\/2022\/03\/29\/2022-2023-tanitasi-evre-torteno-altalanos-iskolai-beiratkozas\/kepernyokep-2022-03-29-152607\/\" data-orig-file=\"http:\/\/jaszai-iskola.net\/wp\/wp-content\/uploads\/2022\/03\/Kepernyokep-2022-03-29-152607.png\" data-orig-size=\"747,886\" data-comments-opened=\"1\" data-image-meta=\"{&quot;aperture&quot;:&quot;0&quot;,&quot;credit&quot;:&quot;&quot;,&quot;camera&quot;:&quot;&quot;,&quot;caption&quot;:&quot;&quot;,&quot;created_timestamp&quot;:&quot;0&quot;,&quot;copyright&quot;:&quot;&quot;,&quot;focal_length&quot;:&quot;0&quot;,&quot;iso&quot;:&quot;0&quot;,&quot;shutter_speed&quot;:&quot;0&quot;,&quot;title&quot;:&quot;&quot;,&quot;orientation&quot;:&quot;0&quot;}\" data-image-title=\"Kepernyokep-2022-03-29-152607\" data-image-description=\"\" data-image-caption=\"\" data-medium-file=\"http:\/\/jaszai-iskola.net\/wp\/wp-content\/uploads\/2022\/03\/Kepernyokep-2022-03-29-152607-253x300.png\" data-large-file=\"http:\/\/jaszai-iskola.net\/wp\/wp-content\/uploads\/2022\/03\/Kepernyokep-2022-03-29-152607.png\" src=\"http:\/\/jaszai-iskola.net\/wp\/wp-content\/uploads\/2022\/03\/Kepernyokep-2022-03-29-152607.png\" alt=\"\" class=\"wp-image-2698\" srcset=\"http:\/\/jaszai-iskola.net\/wp\/wp-content\/uploads\/2022\/03\/Kepernyokep-2022-03-29-152607.png 747w, http:\/\/jaszai-iskola.net\/wp\/wp-content\/uploads\/2022\/03\/Kepernyokep-2022-03-29-152607-253x300.png 253w\" sizes=\"auto, (max-width: 747px) 100vw, 747px\" \/><\/a><\/figure>\n","protected":false},"excerpt":{"rendered":"<p>TISZTELT SZ\u00dcL\u0150\/ T\u00d6RV\u00c9NYES K\u00c9PVISEL\u0150! &nbsp; 1. T\u00e1j\u00e9koztatom, hogy a 2022\/2023. tan\u00edt\u00e1si \u00e9vre t\u00f6rt\u00e9n\u0151 \u00e1ltal\u00e1nos iskolai beiratkoz\u00e1s 2022. \u00e1prilis 21-\u00e9n \u00e9s \u00e1prilis 22-\u00e9n t\u00f6rt\u00e9nik, melynek sor\u00e1n szem\u00e9lyes m\u00f3don sz\u00fcks\u00e9ges be\u00edratnia tank\u00f6teles korba l\u00e9p\u0151 gyermek\u00e9t.&nbsp;&nbsp;&nbsp;&nbsp;&nbsp;&nbsp;&nbsp;&nbsp;&nbsp;&nbsp;&nbsp;&nbsp;&nbsp;&nbsp;&nbsp;&nbsp; &nbsp;&nbsp;&nbsp;&nbsp;&nbsp;&nbsp;&nbsp;&nbsp;&nbsp;&nbsp;&nbsp;&nbsp;&nbsp;&nbsp;&nbsp;&nbsp;&nbsp;&nbsp;&nbsp;&nbsp;&nbsp;&nbsp;&nbsp;&nbsp;&nbsp;&nbsp;&nbsp;&nbsp;&nbsp;&nbsp;&nbsp;&nbsp;&nbsp;&nbsp; &nbsp;&nbsp;&nbsp;&nbsp;&nbsp;&nbsp;&nbsp;&nbsp;&nbsp;&nbsp;&nbsp;&nbsp;&nbsp;&nbsp;&nbsp;&nbsp;&nbsp;&nbsp;&nbsp;&nbsp;&nbsp;&nbsp;&nbsp;&nbsp;&nbsp;&nbsp;&nbsp;&nbsp;&nbsp;&nbsp;&nbsp;&nbsp;&nbsp;&nbsp;&nbsp;&nbsp;&nbsp;&nbsp;&nbsp;&nbsp;&nbsp;&nbsp;&nbsp;&nbsp;&nbsp;&nbsp;&nbsp;&nbsp;&nbsp;&nbsp;&nbsp;&nbsp;&nbsp;&nbsp;&nbsp;&nbsp;&nbsp;&nbsp; 2. Amennyiben \u00d6n nem a lak\u00f3helye vagy tart\u00f3zkod\u00e1si helye szerinti k\u00f6rzetes iskol\u00e1ba szeretn\u00e9 be\u00edratni gyermek\u00e9t, a v\u00e1lasztott iskol\u00e1ban akkor is [&hellip;]<\/p>\n","protected":false},"author":1,"featured_media":0,"comment_status":"open","ping_status":"open","sticky":false,"template":"","format":"standard","meta":{"ngg_post_thumbnail":0,"jetpack_post_was_ever_published":false,"_jetpack_newsletter_access":"","_jetpack_dont_email_post_to_subs":false,"_jetpack_newsletter_tier_id":0,"_jetpack_memberships_contains_paywalled_content":false,"_jetpack_memberships_contains_paid_content":false,"footnotes":"","jetpack_publicize_message":"","jetpack_publicize_feature_enabled":true,"jetpack_social_post_already_shared":true,"jetpack_social_options":{"image_generator_settings":{"template":"highway","default_image_id":0,"font":"","enabled":false},"version":2}},"categories":[7],"tags":[61,16],"class_list":["post-2688","post","type-post","status-publish","format-standard","hentry","category-informaciok","tag-beiratkozas","tag-jaszai"],"jetpack_publicize_connections":[],"jetpack_featured_media_url":"","jetpack_sharing_enabled":true,"jetpack_shortlink":"https:\/\/wp.me\/p7WZAv-Hm","jetpack-related-posts":[],"jetpack_likes_enabled":true,"_links":{"self":[{"href":"http:\/\/jaszai-iskola.net\/wp\/wp-json\/wp\/v2\/posts\/2688","targetHints":{"allow":["GET"]}}],"collection":[{"href":"http:\/\/jaszai-iskola.net\/wp\/wp-json\/wp\/v2\/posts"}],"about":[{"href":"http:\/\/jaszai-iskola.net\/wp\/wp-json\/wp\/v2\/types\/post"}],"author":[{"embeddable":true,"href":"http:\/\/jaszai-iskola.net\/wp\/wp-json\/wp\/v2\/users\/1"}],"replies":[{"embeddable":true,"href":"http:\/\/jaszai-iskola.net\/wp\/wp-json\/wp\/v2\/comments?post=2688"}],"version-history":[{"count":7,"href":"http:\/\/jaszai-iskola.net\/wp\/wp-json\/wp\/v2\/posts\/2688\/revisions"}],"predecessor-version":[{"id":2773,"href":"http:\/\/jaszai-iskola.net\/wp\/wp-json\/wp\/v2\/posts\/2688\/revisions\/2773"}],"wp:attachment":[{"href":"http:\/\/jaszai-iskola.net\/wp\/wp-json\/wp\/v2\/media?parent=2688"}],"wp:term":[{"taxonomy":"category","embeddable":true,"href":"http:\/\/jaszai-iskola.net\/wp\/wp-json\/wp\/v2\/categories?post=2688"},{"taxonomy":"post_tag","embeddable":true,"href":"http:\/\/jaszai-iskola.net\/wp\/wp-json\/wp\/v2\/tags?post=2688"}],"curies":[{"name":"wp","href":"https:\/\/api.w.org\/{rel}","templated":true}]}}