{"id":2502,"date":"2021-09-17T13:17:18","date_gmt":"2021-09-17T12:17:18","guid":{"rendered":"http:\/\/jaszai-iskola.net\/wp\/?p=2502"},"modified":"2021-12-28T10:42:37","modified_gmt":"2021-12-28T09:42:37","slug":"hatartalanul-2020","status":"publish","type":"post","link":"http:\/\/jaszai-iskola.net\/wp\/2021\/09\/17\/hatartalanul-2020\/","title":{"rendered":"Hat\u00e1rtalanul! 2020"},"content":{"rendered":"<p>A nyolcadik \u00e9vfolyam 2021. augusztus 30. \u00e9s szeptember 3. k\u00f6z\u00f6tt Erd\u00e9lybe utazott. Kir\u00e1ndul\u00e1sunkra a Hat\u00e1rtalanul! p\u00e1ly\u00e1zat keret\u00e9ben elnyert t\u00e1mogat\u00e1s seg\u00edts\u00e9g\u00e9vel ker\u00fclhetett sor. A p\u00e1ly\u00e1zatot m\u00e9g 2020 febru\u00e1rj\u00e1ban k\u00e9sz\u00edtett\u00fck el\u0151, de sajnos a v\u00edrushelyzet miatt csak most tudtuk megval\u00f3sulni.<\/p>\n<p>43 tanul\u00f3nk h\u00e9tf\u0151n d\u00e9lut\u00e1n m\u00e1r Nagyv\u00e1radon, a Garasos h\u00eddon s\u00e9t\u00e1lhatott, megn\u00e9zhett\u00fck a sz\u00ednh\u00e1z \u00e9p\u00fclet\u00e9t, ahol tan\u00e1raink egykor szerepeltek is. T\u00f6bbek k\u00f6z\u00f6tt Ady Endre kedvenc k\u00e1v\u00e9z\u00f3j\u00e1t, a v\u00e1rat \u00e9s a Fekete Sas palot\u00e1t is megcsod\u00e1lhattuk. Ingrid tan\u00e1rn\u0151 is mes\u00e9lt a saj\u00e1t tapasztalatair\u00f3l itt. A Kir\u00e1lyh\u00e1g\u00f3n meg\u00e1llva, az Alf\u00f6ld s\u00edks\u00e1g\u00e1hoz szokott szem\u00fcnk v\u00e9gre hegyeket l\u00e1thatott, majd K\u0151r\u00f6sf\u0151n, a fakazett\u00e1s mennyezettel rendelkez\u0151 reform\u00e1tus templomban pihenhett\u00fcnk meg. Torock\u00f3n, a Sz\u00e9kelyk\u0151 l\u00e1b\u00e1n\u00e1l elhelyezked\u0151 kis magyar faluban sz\u00e1lltunk meg.<\/p>\n<p>M\u00e1sodik napunk Kolozsv\u00e1ron kezd\u0151d\u00f6tt. M\u00e1ty\u00e1s kir\u00e1ly monument\u00e1lis szobr\u00e1t \u00e9s sz\u00fcl\u0151h\u00e1z\u00e1t l\u00e1thattuk, ahol koszor\u00fat is helyezt\u00fcnk el. A Torda mellett tal\u00e1lhat\u00f3 s\u00f3b\u00e1nya m\u00e9ly bugyraiba, 13 emeletnyi l\u00e9pcs\u0151n jutottunk le. Majd egy \u00f3r\u00e1nyi t\u00fcd\u0151tiszt\u00edt\u00e1s ut\u00e1n m\u00e9g lejjebb ereszkedt\u00fcnk, ahol egy tavat l\u00e1thattunk. A napot a Tordai hasad\u00e9kban tett t\u00far\u00e1nk koron\u00e1zta, ahol az ac\u00e9lsodronyokkal felf\u00fcggesztett hidak, r\u00f6g\u00f6s \u00f6sv\u00e9ny \u00e9s a f\u00f6l\u00e9nk magasod\u00f3 szikl\u00e1k tett\u00e9k igaz\u00e1n izgalmass\u00e1 utunkat.<\/p>\n<p>Szerd\u00e1n egy \u00fajabb t\u00far\u00e1val ind\u00edtottunk Torock\u00f3-Szentgy\u00f6rgy\u00f6n, ahol a v\u00e1r romjait l\u00e1thattuk. Ezut\u00e1n Nagyenyeden, a nagym\u00falt\u00fa Reform\u00e1tus Koll\u00e9gium udvar\u00e1n helyezt\u00fck el koszor\u00fankat. A h\u00edres k\u00e9t f\u0171zfa alatt el\u00e9nekelt\u00fck a Himnuszt. Gyulafeh\u00e9rv\u00e1ron a v\u00e1rban tett\u00fcnk egy s\u00e9t\u00e1t \u00e9s a Szent Mih\u00e1ly sz\u00e9kesegyh\u00e1zban a Hunyadiak szarkof\u00e1gjait l\u00e1thattuk.<\/p>\n<p>Cs\u00fct\u00f6rt\u00f6k\u00f6n reggel a Szent Ferenc Alap\u00edtv\u00e1ny \u00e1ltal \u00fczemeltetett d\u00e9vai szeretetotthonba l\u00e1togattunk el, ahol \u00e1tadtuk adom\u00e1nyainkat. K\u00f6sz\u00f6nj\u00fck a sz\u00fcl\u0151k, a Monori Tanker\u00fcleti K\u00f6zpont \u00e9s a Monori Nagycsal\u00e1dos Egyes\u00fclet nagylelk\u0171 seg\u00edts\u00e9g\u00e9t. Hiszem, hogy j\u00f3 helyre \u00e9rkeztek a csomagok. Tanul\u00f3ink betekint\u00e9st kaphattak az ott foly\u00f3 \u00e9letr\u0151l \u00e9s egy komoly \u00fatraval\u00f3t is elhoztak magukkal:<\/p>\n<p><img loading=\"lazy\" decoding=\"async\" data-attachment-id=\"2504\" data-permalink=\"http:\/\/jaszai-iskola.net\/wp\/2021\/09\/17\/hatartalanul-2020\/kep2232\/\" data-orig-file=\"http:\/\/jaszai-iskola.net\/wp\/wp-content\/uploads\/2021\/09\/kep2232.jpg\" data-orig-size=\"696,391\" data-comments-opened=\"1\" data-image-meta=\"{&quot;aperture&quot;:&quot;0&quot;,&quot;credit&quot;:&quot;&quot;,&quot;camera&quot;:&quot;&quot;,&quot;caption&quot;:&quot;&quot;,&quot;created_timestamp&quot;:&quot;0&quot;,&quot;copyright&quot;:&quot;&quot;,&quot;focal_length&quot;:&quot;0&quot;,&quot;iso&quot;:&quot;0&quot;,&quot;shutter_speed&quot;:&quot;0&quot;,&quot;title&quot;:&quot;&quot;,&quot;orientation&quot;:&quot;0&quot;}\" data-image-title=\"k\u00e9p2232\" data-image-description=\"\" data-image-caption=\"\" data-medium-file=\"http:\/\/jaszai-iskola.net\/wp\/wp-content\/uploads\/2021\/09\/kep2232-300x169.jpg\" data-large-file=\"http:\/\/jaszai-iskola.net\/wp\/wp-content\/uploads\/2021\/09\/kep2232.jpg\" class=\"aligncenter size-full wp-image-2504\" src=\"http:\/\/jaszai-iskola.net\/wp\/wp-content\/uploads\/2021\/09\/kep2232.jpg\" alt=\"\" width=\"696\" height=\"391\" srcset=\"http:\/\/jaszai-iskola.net\/wp\/wp-content\/uploads\/2021\/09\/kep2232.jpg 696w, http:\/\/jaszai-iskola.net\/wp\/wp-content\/uploads\/2021\/09\/kep2232-300x169.jpg 300w\" sizes=\"auto, (max-width: 696px) 100vw, 696px\" \/><\/p>\n<p>A tal\u00e1lkoz\u00f3 ut\u00e1n a napunkat a v\u00e1rak hat\u00e1rozt\u00e1k meg. Els\u0151k\u00e9nt a d\u00e9vai v\u00e1rba liftezt\u00fcnk fel, ahol l\u00e1thattuk: K\u0151m\u00edves Kelemen \u00e9s csapata igaz\u00e1n mes\u00e9s munk\u00e1t v\u00e9geztek, a v\u00e1r er\u0151sen \u00e1ll. Majd Vajdahunyadra l\u00e1togattunk, ahol az eredeti kast\u00e9lyban tett\u00fcnk egy s\u00e9t\u00e1t. Sokkal monument\u00e1lisabb, mint budapesti ikertestv\u00e9re. Egy filmforgat\u00e1sba is belecs\u00f6ppent\u00fcnk itt. Levezet\u00e9sk\u00e9nt egy nagyon nyugodt helyen, a piski arbor\u00e9tumban s\u00e9t\u00e1ltunk, majd egy nagyon k\u00fcl\u00f6nleges, meleg viz\u0171 v\u00edzes\u00e9sben gy\u00f6ny\u00f6rk\u00f6dhett\u00fcnk Fered\u0151gy\u00f3gyon. K\u00e9nes jelleg\u00e9r\u0151l messzir\u0151l megbizonyosodhattunk.<\/p>\n<p>Utols\u00f3 napunkat Marosilly\u00e9n, Bethlen G\u00e1bor sz\u00fcl\u0151h\u00e1z\u00e1n\u00e1l kezdt\u00fck, majd M\u00e1riaradn\u00e1ra utaztunk, ahol egy hatalmas kegytemplomban n\u00e9zhett\u00fcnk k\u00f6r\u00fcl. Egy fiatalember mell\u00e9nk szeg\u0151d\u00f6tt \u00e9s \u00e9rdekesen, \u00edzesen mes\u00e9lt nek\u00fcnk a templom t\u00f6rt\u00e9net\u00e9r\u0151l, a csod\u00e1s gy\u00f3gyul\u00e1sokr\u00f3l, t\u00f6r\u00f6kt\u0151l val\u00f3 megmenek\u00fcl\u00e9sr\u0151l \u00e9s egy sz\u00edvr\u0151l, melyet ma is ott \u0151riznek. Ang\u00e9la n\u00e9ni k\u00e9r\u00e9se is meghallgattatott, a templom k\u00e1ntora orgon\u00e1lt nek\u00fcnk, j\u00e1t\u00e9k\u00e1t a hangszer mell\u0151l hallgathattuk, bens\u0151nkben \u00e9rezve a rezg\u00e9st. Kir\u00e1ndul\u00e1sunkat Aradon fejezt\u00fck be. Iskol\u00e1nk szok\u00e1s\u00e1hoz h\u00edven megeml\u00e9kezt\u00fcnk az aradi v\u00e9rtan\u00fakr\u00f3l, k\u00f6z\u00f6sen felsoroltuk neveiket \u00e9s elhelyezt\u00fcnk ide is egy koszor\u00fat.<\/p>\n<p>Utunkat nem csak az \u00f6t nap alatt megtett, k\u00f6zel 76000 l\u00e9p\u00e9s miatt tartjuk nagyszer\u0171nek. Hissz\u00fck, hogy a szem\u00e9lyesen megtapasztalt t\u00f6rt\u00e9nelem \u00e9s a term\u00e9szeti kincsek l\u00e1tv\u00e1nya mind hozz\u00e1j\u00e1rulnak ahhoz, hogy \u00e9rezz\u00fck, az egykori Nagy-Magyarorsz\u00e1gon mi is otthon lehet\u00fcnk.<\/p>\n<p><img loading=\"lazy\" decoding=\"async\" data-attachment-id=\"2503\" data-permalink=\"http:\/\/jaszai-iskola.net\/wp\/2021\/09\/17\/hatartalanul-2020\/dsadw\/\" data-orig-file=\"http:\/\/jaszai-iskola.net\/wp\/wp-content\/uploads\/2021\/09\/dsadw.jpg\" data-orig-size=\"1387,780\" data-comments-opened=\"1\" data-image-meta=\"{&quot;aperture&quot;:&quot;0&quot;,&quot;credit&quot;:&quot;&quot;,&quot;camera&quot;:&quot;&quot;,&quot;caption&quot;:&quot;&quot;,&quot;created_timestamp&quot;:&quot;0&quot;,&quot;copyright&quot;:&quot;&quot;,&quot;focal_length&quot;:&quot;0&quot;,&quot;iso&quot;:&quot;0&quot;,&quot;shutter_speed&quot;:&quot;0&quot;,&quot;title&quot;:&quot;&quot;,&quot;orientation&quot;:&quot;0&quot;}\" data-image-title=\"dsadw\" data-image-description=\"\" data-image-caption=\"\" data-medium-file=\"http:\/\/jaszai-iskola.net\/wp\/wp-content\/uploads\/2021\/09\/dsadw-300x169.jpg\" data-large-file=\"http:\/\/jaszai-iskola.net\/wp\/wp-content\/uploads\/2021\/09\/dsadw-1024x576.jpg\" class=\"aligncenter size-large wp-image-2503\" src=\"http:\/\/jaszai-iskola.net\/wp\/wp-content\/uploads\/2021\/09\/dsadw-1024x576.jpg\" alt=\"\" width=\"640\" height=\"360\" srcset=\"http:\/\/jaszai-iskola.net\/wp\/wp-content\/uploads\/2021\/09\/dsadw-1024x576.jpg 1024w, http:\/\/jaszai-iskola.net\/wp\/wp-content\/uploads\/2021\/09\/dsadw-300x169.jpg 300w, http:\/\/jaszai-iskola.net\/wp\/wp-content\/uploads\/2021\/09\/dsadw-768x432.jpg 768w, http:\/\/jaszai-iskola.net\/wp\/wp-content\/uploads\/2021\/09\/dsadw.jpg 1387w\" sizes=\"auto, (max-width: 640px) 100vw, 640px\" \/><\/p>\n\n\n<figure class=\"wp-block-image size-large\"><img loading=\"lazy\" decoding=\"async\" width=\"1024\" height=\"627\" data-attachment-id=\"2482\" data-permalink=\"http:\/\/jaszai-iskola.net\/wp\/2021\/05\/31\/hatartalanul-2\/hatartalanul_logo-2\/\" data-orig-file=\"http:\/\/jaszai-iskola.net\/wp\/wp-content\/uploads\/2021\/08\/hatartalanul_logo2-scaled.jpg\" data-orig-size=\"2560,1569\" data-comments-opened=\"1\" data-image-meta=\"{&quot;aperture&quot;:&quot;0&quot;,&quot;credit&quot;:&quot;&quot;,&quot;camera&quot;:&quot;&quot;,&quot;caption&quot;:&quot;&quot;,&quot;created_timestamp&quot;:&quot;0&quot;,&quot;copyright&quot;:&quot;&quot;,&quot;focal_length&quot;:&quot;0&quot;,&quot;iso&quot;:&quot;0&quot;,&quot;shutter_speed&quot;:&quot;0&quot;,&quot;title&quot;:&quot;hatartalanul_logo&quot;,&quot;orientation&quot;:&quot;1&quot;}\" data-image-title=\"hatartalanul_logo\" data-image-description=\"\" data-image-caption=\"\" data-medium-file=\"http:\/\/jaszai-iskola.net\/wp\/wp-content\/uploads\/2021\/08\/hatartalanul_logo2-300x184.jpg\" data-large-file=\"http:\/\/jaszai-iskola.net\/wp\/wp-content\/uploads\/2021\/08\/hatartalanul_logo2-1024x627.jpg\" src=\"http:\/\/jaszai-iskola.net\/wp\/wp-content\/uploads\/2021\/08\/hatartalanul_logo2-1024x627.jpg\" alt=\"\" class=\"wp-image-2482\" srcset=\"http:\/\/jaszai-iskola.net\/wp\/wp-content\/uploads\/2021\/08\/hatartalanul_logo2-1024x627.jpg 1024w, http:\/\/jaszai-iskola.net\/wp\/wp-content\/uploads\/2021\/08\/hatartalanul_logo2-300x184.jpg 300w, http:\/\/jaszai-iskola.net\/wp\/wp-content\/uploads\/2021\/08\/hatartalanul_logo2-768x471.jpg 768w, http:\/\/jaszai-iskola.net\/wp\/wp-content\/uploads\/2021\/08\/hatartalanul_logo2-1536x941.jpg 1536w, http:\/\/jaszai-iskola.net\/wp\/wp-content\/uploads\/2021\/08\/hatartalanul_logo2-2048x1255.jpg 2048w\" sizes=\"auto, (max-width: 1024px) 100vw, 1024px\" \/><\/figure>\n\n\n\n<figure class=\"wp-block-image size-large\"><img loading=\"lazy\" decoding=\"async\" width=\"1024\" height=\"229\" data-attachment-id=\"2558\" data-permalink=\"http:\/\/jaszai-iskola.net\/wp\/2021\/05\/31\/hatartalanul-2\/hataron_megvalosult_a_magyar_kormany_tamogatasaval_bga_alap\/\" data-orig-file=\"http:\/\/jaszai-iskola.net\/wp\/wp-content\/uploads\/2021\/12\/megvalosult_a_magyar_kormany_tamogatasaval_bga_alap.jpg\" data-orig-size=\"2244,501\" data-comments-opened=\"1\" data-image-meta=\"{&quot;aperture&quot;:&quot;0&quot;,&quot;credit&quot;:&quot;&quot;,&quot;camera&quot;:&quot;&quot;,&quot;caption&quot;:&quot;&quot;,&quot;created_timestamp&quot;:&quot;0&quot;,&quot;copyright&quot;:&quot;&quot;,&quot;focal_length&quot;:&quot;0&quot;,&quot;iso&quot;:&quot;0&quot;,&quot;shutter_speed&quot;:&quot;0&quot;,&quot;title&quot;:&quot;Hataron_megvalosult_a_magyar_kormany_tamogatasaval_bga_alap&quot;,&quot;orientation&quot;:&quot;1&quot;}\" data-image-title=\"Hataron_megvalosult_a_magyar_kormany_tamogatasaval_bga_alap\" data-image-description=\"\" data-image-caption=\"\" data-medium-file=\"http:\/\/jaszai-iskola.net\/wp\/wp-content\/uploads\/2021\/12\/megvalosult_a_magyar_kormany_tamogatasaval_bga_alap-300x67.jpg\" data-large-file=\"http:\/\/jaszai-iskola.net\/wp\/wp-content\/uploads\/2021\/12\/megvalosult_a_magyar_kormany_tamogatasaval_bga_alap-1024x229.jpg\" src=\"http:\/\/jaszai-iskola.net\/wp\/wp-content\/uploads\/2021\/12\/megvalosult_a_magyar_kormany_tamogatasaval_bga_alap-1024x229.jpg\" alt=\"\" class=\"wp-image-2558\" srcset=\"http:\/\/jaszai-iskola.net\/wp\/wp-content\/uploads\/2021\/12\/megvalosult_a_magyar_kormany_tamogatasaval_bga_alap-1024x229.jpg 1024w, http:\/\/jaszai-iskola.net\/wp\/wp-content\/uploads\/2021\/12\/megvalosult_a_magyar_kormany_tamogatasaval_bga_alap-300x67.jpg 300w, http:\/\/jaszai-iskola.net\/wp\/wp-content\/uploads\/2021\/12\/megvalosult_a_magyar_kormany_tamogatasaval_bga_alap-768x171.jpg 768w, http:\/\/jaszai-iskola.net\/wp\/wp-content\/uploads\/2021\/12\/megvalosult_a_magyar_kormany_tamogatasaval_bga_alap-1536x343.jpg 1536w, http:\/\/jaszai-iskola.net\/wp\/wp-content\/uploads\/2021\/12\/megvalosult_a_magyar_kormany_tamogatasaval_bga_alap-2048x457.jpg 2048w\" sizes=\"auto, (max-width: 1024px) 100vw, 1024px\" \/><\/figure>\n","protected":false},"excerpt":{"rendered":"<p>A nyolcadik \u00e9vfolyam 2021. augusztus 30. \u00e9s szeptember 3. k\u00f6z\u00f6tt Erd\u00e9lybe utazott. Kir\u00e1ndul\u00e1sunkra a Hat\u00e1rtalanul! p\u00e1ly\u00e1zat keret\u00e9ben elnyert t\u00e1mogat\u00e1s seg\u00edts\u00e9g\u00e9vel ker\u00fclhetett sor. A p\u00e1ly\u00e1zatot m\u00e9g 2020 febru\u00e1rj\u00e1ban k\u00e9sz\u00edtett\u00fck el\u0151, de sajnos a v\u00edrushelyzet miatt csak most tudtuk megval\u00f3sulni. 43 tanul\u00f3nk h\u00e9tf\u0151n d\u00e9lut\u00e1n m\u00e1r Nagyv\u00e1radon, a Garasos h\u00eddon s\u00e9t\u00e1lhatott, megn\u00e9zhett\u00fck a sz\u00ednh\u00e1z \u00e9p\u00fclet\u00e9t, ahol tan\u00e1raink egykor [&hellip;]<\/p>\n","protected":false},"author":1,"featured_media":0,"comment_status":"open","ping_status":"open","sticky":false,"template":"","format":"standard","meta":{"ngg_post_thumbnail":0,"jetpack_post_was_ever_published":false,"_jetpack_newsletter_access":"","_jetpack_dont_email_post_to_subs":false,"_jetpack_newsletter_tier_id":0,"_jetpack_memberships_contains_paywalled_content":false,"_jetpack_memberships_contains_paid_content":false,"footnotes":"","jetpack_publicize_message":"","jetpack_publicize_feature_enabled":true,"jetpack_social_post_already_shared":true,"jetpack_social_options":{"image_generator_settings":{"template":"highway","default_image_id":0,"font":"","enabled":false},"version":2}},"categories":[13],"tags":[226,16],"class_list":["post-2502","post","type-post","status-publish","format-standard","hentry","category-hirek","tag-hatartalanul","tag-jaszai"],"jetpack_publicize_connections":[],"jetpack_featured_media_url":"","jetpack_sharing_enabled":true,"jetpack_shortlink":"https:\/\/wp.me\/p7WZAv-Em","jetpack-related-posts":[],"jetpack_likes_enabled":true,"_links":{"self":[{"href":"http:\/\/jaszai-iskola.net\/wp\/wp-json\/wp\/v2\/posts\/2502","targetHints":{"allow":["GET"]}}],"collection":[{"href":"http:\/\/jaszai-iskola.net\/wp\/wp-json\/wp\/v2\/posts"}],"about":[{"href":"http:\/\/jaszai-iskola.net\/wp\/wp-json\/wp\/v2\/types\/post"}],"author":[{"embeddable":true,"href":"http:\/\/jaszai-iskola.net\/wp\/wp-json\/wp\/v2\/users\/1"}],"replies":[{"embeddable":true,"href":"http:\/\/jaszai-iskola.net\/wp\/wp-json\/wp\/v2\/comments?post=2502"}],"version-history":[{"count":2,"href":"http:\/\/jaszai-iskola.net\/wp\/wp-json\/wp\/v2\/posts\/2502\/revisions"}],"predecessor-version":[{"id":2563,"href":"http:\/\/jaszai-iskola.net\/wp\/wp-json\/wp\/v2\/posts\/2502\/revisions\/2563"}],"wp:attachment":[{"href":"http:\/\/jaszai-iskola.net\/wp\/wp-json\/wp\/v2\/media?parent=2502"}],"wp:term":[{"taxonomy":"category","embeddable":true,"href":"http:\/\/jaszai-iskola.net\/wp\/wp-json\/wp\/v2\/categories?post=2502"},{"taxonomy":"post_tag","embeddable":true,"href":"http:\/\/jaszai-iskola.net\/wp\/wp-json\/wp\/v2\/tags?post=2502"}],"curies":[{"name":"wp","href":"https:\/\/api.w.org\/{rel}","templated":true}]}}