{"id":2476,"date":"2021-08-13T12:53:09","date_gmt":"2021-08-13T11:53:09","guid":{"rendered":"http:\/\/jaszai-iskola.net\/wp\/?p=2476"},"modified":"2021-08-25T15:18:58","modified_gmt":"2021-08-25T14:18:58","slug":"iskolakezdes","status":"publish","type":"post","link":"http:\/\/jaszai-iskola.net\/wp\/2021\/08\/13\/iskolakezdes\/","title":{"rendered":"Iskolakezd\u00e9s"},"content":{"rendered":"<p>Tisztelt Sz\u00fcl\u0151k! Kedves Gyerekek!<\/p>\n<p>&nbsp;<\/p>\n<p>Az iskolakezd\u00e9ssel kapcsolatban az al\u00e1bbi id\u0151pontokra h\u00edvom fel a figyelmet:<\/p>\n<p>&nbsp;<\/p>\n<ol start=\"2021\">\n<li><strong> augusztus 25. 10.00 \u00f3ra<\/strong><\/li>\n<\/ol>\n<p>&#8211; p\u00f3tvizsga id\u0151pontja. A p\u00f3tvizsg\u00e1z\u00f3knak sikeres felk\u00e9sz\u00fcl\u00e9st \u00e9s vizsg\u00e1t k\u00edv\u00e1nunk!<\/p>\n<p>&nbsp;<\/p>\n<ol start=\"2021\">\n<li><strong> augusztus 28. 8.00 \u00f3ra<\/strong><\/li>\n<\/ol>\n<p><strong>&#8211; !V\u00e1ltoz\u00e1s! <em><strong>Az \u00f3voda v\u00e1rhat\u00f3 \u00e9p\u00edtk<\/strong>ez\u00e9si munk\u00e1latai miatt az iskolai kert rendez\u00e9s\u00e9t, fest\u00e9si munk\u00e1latokat tavaszra helyezz\u00fck \u00e1t, teh\u00e1t a 2021. augusztus 28. szombatra meghirdetett k\u00f6z\u00f6s munka elmarad.<\/em><\/strong><\/p>\n<p>&nbsp;<\/p>\n<ol start=\"2021\">\n<li><strong> szeptember 01. 8.00 \u00f3ra<\/strong><\/li>\n<\/ol>\n<p>&#8211; \u00e9vnyit\u00f3, melyen a megjelen\u00e9s az alkalomhoz ill\u0151 \u00f6lt\u00f6zetben (fekete nadr\u00e1g\/szoknya, feh\u00e9r bl\u00faz, iskolai nyakkend\u0151) minden tanul\u00f3 sz\u00e1m\u00e1ra k\u00f6telez\u0151.<\/p>\n<p>Az els\u0151 tan\u00edt\u00e1si napon az \u00e9vnyit\u00f3t k\u00f6vet\u0151en 3 oszt\u00e1lyf\u0151n\u00f6ki \u00f3r\u00e1t tartunk, 12 \u00f3rakor a gyerekek hazamehetnek. Azok a gyerekek, akiknek \u00e9tkez\u00e9st ig\u00e9nyeltek, eb\u00e9d ut\u00e1n mennek haza.<\/p>\n<p><em><u>Felh\u00edvom a sz\u00fcl\u0151k figyelm\u00e9t, aki gyermeke r\u00e9sz\u00e9re az \u00e9tkez\u00e9st m\u00e9g nem ig\u00e9nyelte meg, az ig\u00e9nyt a K\u00d6V\u00c1L Zrt. fel\u00e9 halad\u00e9ktalanul juttassa el az ell\u00e1t\u00e1s biztos\u00edt\u00e1sa \u00e9rdek\u00e9ben.<\/u><\/em><\/p>\n<p>&nbsp;<\/p>\n<ol start=\"2021\">\n<li><strong> szeptember 01. 17.00 \u00f3ra<\/strong><\/li>\n<\/ol>\n<p>&#8211; els\u0151 oszt\u00e1lyos sz\u00fcl\u0151i \u00e9rtekezletek<\/p>\n<p>Az els\u0151 oszt\u00e1lyos gyerekek r\u00e9sz\u00e9re a tank\u00f6nyvek kioszt\u00e1sa a sz\u00fcl\u0151i \u00e9rtekezleten t\u00f6rt\u00e9nik.<\/p>\n<p>&nbsp;<\/p>\n<p>Dr. Farag\u00f3n\u00e9 Kisari Anna int\u00e9zm\u00e9nyvezet\u0151<\/p>\n","protected":false},"excerpt":{"rendered":"<p>Tisztelt Sz\u00fcl\u0151k! Kedves Gyerekek! &nbsp; Az iskolakezd\u00e9ssel kapcsolatban az al\u00e1bbi id\u0151pontokra h\u00edvom fel a figyelmet: &nbsp; augusztus 25. 10.00 \u00f3ra &#8211; p\u00f3tvizsga id\u0151pontja. A p\u00f3tvizsg\u00e1z\u00f3knak sikeres felk\u00e9sz\u00fcl\u00e9st \u00e9s vizsg\u00e1t k\u00edv\u00e1nunk! &nbsp; augusztus 28. 8.00 \u00f3ra &#8211; !V\u00e1ltoz\u00e1s! Az \u00f3voda v\u00e1rhat\u00f3 \u00e9p\u00edtkez\u00e9si munk\u00e1latai miatt az iskolai kert rendez\u00e9s\u00e9t, fest\u00e9si munk\u00e1latokat tavaszra helyezz\u00fck \u00e1t, teh\u00e1t a 2021. [&hellip;]<\/p>\n","protected":false},"author":1,"featured_media":0,"comment_status":"open","ping_status":"open","sticky":false,"template":"","format":"standard","meta":{"ngg_post_thumbnail":0,"jetpack_post_was_ever_published":false,"_jetpack_newsletter_access":"","_jetpack_dont_email_post_to_subs":false,"_jetpack_newsletter_tier_id":0,"_jetpack_memberships_contains_paywalled_content":false,"_jetpack_memberships_contains_paid_content":false,"footnotes":"","jetpack_publicize_message":"","jetpack_publicize_feature_enabled":true,"jetpack_social_post_already_shared":true,"jetpack_social_options":{"image_generator_settings":{"template":"highway","default_image_id":0,"font":"","enabled":false},"version":2}},"categories":[7],"tags":[224,225,18,222,16,223,88],"class_list":["post-2476","post","type-post","status-publish","format-standard","hentry","category-informaciok","tag-dolgozok","tag-evnyito","tag-iskola","tag-iskolakezdes","tag-jaszai","tag-potvizsga","tag-szulok"],"jetpack_publicize_connections":[],"jetpack_featured_media_url":"","jetpack_sharing_enabled":true,"jetpack_shortlink":"https:\/\/wp.me\/p7WZAv-DW","jetpack-related-posts":[],"jetpack_likes_enabled":true,"_links":{"self":[{"href":"http:\/\/jaszai-iskola.net\/wp\/wp-json\/wp\/v2\/posts\/2476","targetHints":{"allow":["GET"]}}],"collection":[{"href":"http:\/\/jaszai-iskola.net\/wp\/wp-json\/wp\/v2\/posts"}],"about":[{"href":"http:\/\/jaszai-iskola.net\/wp\/wp-json\/wp\/v2\/types\/post"}],"author":[{"embeddable":true,"href":"http:\/\/jaszai-iskola.net\/wp\/wp-json\/wp\/v2\/users\/1"}],"replies":[{"embeddable":true,"href":"http:\/\/jaszai-iskola.net\/wp\/wp-json\/wp\/v2\/comments?post=2476"}],"version-history":[{"count":3,"href":"http:\/\/jaszai-iskola.net\/wp\/wp-json\/wp\/v2\/posts\/2476\/revisions"}],"predecessor-version":[{"id":2481,"href":"http:\/\/jaszai-iskola.net\/wp\/wp-json\/wp\/v2\/posts\/2476\/revisions\/2481"}],"wp:attachment":[{"href":"http:\/\/jaszai-iskola.net\/wp\/wp-json\/wp\/v2\/media?parent=2476"}],"wp:term":[{"taxonomy":"category","embeddable":true,"href":"http:\/\/jaszai-iskola.net\/wp\/wp-json\/wp\/v2\/categories?post=2476"},{"taxonomy":"post_tag","embeddable":true,"href":"http:\/\/jaszai-iskola.net\/wp\/wp-json\/wp\/v2\/tags?post=2476"}],"curies":[{"name":"wp","href":"https:\/\/api.w.org\/{rel}","templated":true}]}}