{"id":2427,"date":"2021-04-28T08:58:31","date_gmt":"2021-04-28T07:58:31","guid":{"rendered":"http:\/\/jaszai-iskola.net\/wp\/?p=2427"},"modified":"2021-04-28T08:58:31","modified_gmt":"2021-04-28T07:58:31","slug":"marcius-15-az-idei-megemlekezes-is-mas-mint-ahogyan-azt-megszoktuk","status":"publish","type":"post","link":"http:\/\/jaszai-iskola.net\/wp\/2021\/04\/28\/marcius-15-az-idei-megemlekezes-is-mas-mint-ahogyan-azt-megszoktuk\/","title":{"rendered":"M\u00e1rcius 15. &#8211; \u00a0Az idei megeml\u00e9kez\u00e9s is m\u00e1s, mint, ahogyan azt megszoktuk"},"content":{"rendered":"<p>&nbsp;<\/p>\n<p>\u0150sszel m\u00e9g a tervek szerint az 1848. m\u00e1rc. 15.-i iskolai megeml\u00e9kez\u00e9st a 4. \u00e9vfolyam k\u00e9sz\u00edtette volna. Az \u00f6tlet, csak \u00f6tlet maradt. V\u00e1ltoz\u00e1sok t\u00f6rt\u00e9ntek az el\u0151\u00edr\u00e1<\/p>\n<p>&nbsp;<\/p>\n<p>sok miatt, \u00edgy v\u00e9g\u00fcl, csak mi, a 4. b oszt\u00e1ly k\u00e9sz\u00fclhett\u00fcnk r\u00e1 koll\u00e9g\u00e1mmal egy\u00fctt, Wohner Istv\u00e1nnal.<\/p>\n<p>M\u00e1rcius 15. az 1848-49-es forradalom \u00e9s szabads\u00e1gharc kezdet\u00e9nek napja. Ennek megfelel\u0151en n\u00e9pies h\u00e1tteret, sz\u00ednpadot ig\u00e9nyl\u0151, n\u00e9pies m\u0171sorral k\u00e9sz\u00fclt\u00fcnk, jelk\u00e9pesen eml\u00e9kezve e nemes nap esem\u00e9nyeire. Az es\u0151 \u00e1ztatta lelkes t\u00f6megre, mely t\u00e1mogatta az akkori forradalmi ifj\u00fas\u00e1g gondolatait, Pet\u0151fire, az e napra \u00edr\u00f3dott vers\u00e9re, a Nemzeti dalra, melyet az \u00f6sszegy\u0171lt t\u00f6meg egy\u00fctt harsogott.<\/p>\n<p>A gyerekek akt\u00edvan, lelkesen, vid\u00e1man, de kell\u0151 komolys\u00e1ggal k\u00e9sz\u00fcltek, j\u00e1tszott\u00e1k el ak\u00e1r sokadszorra is a r\u00e1juk kiosztott szerepeket, jeleneteket, \u00e9nekelt\u00e9k kitart\u00f3an a dalokat. A m\u0171sort t\u00f6bb, a tanul\u00f3k \u00e1ltal \u00e9nekelt, n\u00e9pi dal, Kossuth n\u00f3ta \u00e9s koll\u00e9g\u00e1nk git\u00e1rk\u00eds\u00e9rete sz\u00ednes\u00edtette. Felcsend\u00fclt a csod\u00e1s dal, a Kormor\u00e1n egy\u00fcttes &#8211; <strong>A k\u00f6lt\u0151 visszat\u00e9r<\/strong> c. dala is, tan\u00edtv\u00e1nyunk csod\u00e1s el\u0151ad\u00e1s\u00e1ban.<\/p>\n<p>\u201eEur\u00f3pa k\u00f6zep\u00e9n \u00e9lt valahol egy n\u00e9p<br \/>\nHol felsz\u00e1ntva a hat\u00e1r<br \/>\nHol v\u00e9gtelen az \u00e9g<br \/>\nNem k\u00edv\u00e1nt m\u00e1st, csak saj\u00e1t haz\u00e1t<br \/>\nHol \u00f6v\u00e9 a dal, s a sz\u00f3,<br \/>\nHol aranyb\u00f3l, s\u00e1rb\u00f3l sz\u00fcletik majd<\/p>\n<p>&nbsp;<\/p>\n<p>Tud\u00f3s \u00e9s \u00e1lmod\u00f3.\u201d<\/p>\n<p>Nagy \u00f6r\u00f6m\u00f6mre szolg\u00e1lt, hogy az oszt\u00e1ly majdnem minden tagja kivette r\u00e9sz\u00e9t a munk\u00e1b\u00f3l, s ez\u00e1ltal oszt\u00e1lyunk egyre jobban \u00f6sszekov\u00e1csol\u00f3dott.<\/p>\n<p>K\u00f6sz\u00f6net illeti a benn\u00fcnket t\u00e1mogat\u00f3 sz\u00fcl\u0151ket, akik az el\u0151ad\u00e1shoz ill\u0151 ruh\u00e1zat egyes elemeinek el\u0151teremt\u00e9s\u00e9ben a seg\u00edts\u00e9g\u00fcnkre voltak.<\/p>\n<p>A m\u0171sor el\u0151ad\u00e1s\u00e1nak k\u00f6r\u00fclm\u00e9nyeiben is v\u00e1ltoz\u00e1sok t\u00f6rt\u00e9ntek. El\u0151bbre kellett hoznunk a m\u0171sor el\u0151ad\u00e1s\u00e1nak, vide\u00f3ra v\u00e9tel\u00e9nek id\u0151pontj\u00e1t, a digit\u00e1lis oktat\u00e1s elrendel\u00e9se miatt.<\/p>\n<p>Megnyugtat\u00e1sunkra szolg\u00e1lt, hogy ez nem zavarta meg kis tan\u00edtv\u00e1nyainkat. A m\u0171sorhoz ill\u0151 figyelemmel, fegyelemmel adt\u00e1k el\u0151 m\u0171sorunkat. Nagyon b\u00fcszk\u00e9k vagyunk r\u00e1juk!<\/p>\n<p>Egyben sajn\u00e1ljuk, hogy \u00e9l\u0151ben, k\u00f6z\u00f6sen, iskol\u00e1nk di\u00e1kjai, koll\u00e9g\u00e1ink nem l\u00e1thatt\u00e1k. Most minden oszt\u00e1ly vide\u00f3n kereszt\u00fcl tekinthette meg, ez\u00e1ltal m\u00e9giscsak \u201evel\u00fcnk egy\u00fctt\u201d \u00fcnnepelve.<\/p>\n<p>&nbsp;&nbsp;&nbsp;&nbsp;&nbsp;&nbsp;&nbsp;&nbsp;&nbsp;&nbsp;&nbsp;&nbsp;&nbsp;&nbsp;&nbsp;&nbsp;&nbsp;&nbsp;&nbsp;&nbsp;&nbsp;&nbsp;&nbsp;&nbsp;&nbsp;&nbsp;&nbsp;&nbsp;&nbsp;&nbsp;&nbsp;&nbsp;&nbsp;<\/p>\n<p>&nbsp;<\/p>\n<p style=\"text-align: right;\">&nbsp;Varg\u00e1n\u00e9 Vedres M\u00e1ria oszt\u00e1lyf\u0151n\u00f6k<\/p>\n<p>&nbsp;<\/p>\n<p><img loading=\"lazy\" decoding=\"async\" data-attachment-id=\"2428\" data-permalink=\"http:\/\/jaszai-iskola.net\/wp\/2021\/04\/28\/marcius-15-az-idei-megemlekezes-is-mas-mint-ahogyan-azt-megszoktuk\/marcius-15_1\/\" data-orig-file=\"http:\/\/jaszai-iskola.net\/wp\/wp-content\/uploads\/2021\/04\/MARCIUS-15_1-scaled.jpg\" data-orig-size=\"2560,1920\" data-comments-opened=\"1\" data-image-meta=\"{&quot;aperture&quot;:&quot;0&quot;,&quot;credit&quot;:&quot;&quot;,&quot;camera&quot;:&quot;POT-LX1&quot;,&quot;caption&quot;:&quot;&quot;,&quot;created_timestamp&quot;:&quot;0&quot;,&quot;copyright&quot;:&quot;&quot;,&quot;focal_length&quot;:&quot;0&quot;,&quot;iso&quot;:&quot;0&quot;,&quot;shutter_speed&quot;:&quot;0&quot;,&quot;title&quot;:&quot;&quot;,&quot;orientation&quot;:&quot;0&quot;}\" data-image-title=\"M\u00c1RCIUS 15_1\" data-image-description=\"\" data-image-caption=\"\" data-medium-file=\"http:\/\/jaszai-iskola.net\/wp\/wp-content\/uploads\/2021\/04\/MARCIUS-15_1-300x225.jpg\" data-large-file=\"http:\/\/jaszai-iskola.net\/wp\/wp-content\/uploads\/2021\/04\/MARCIUS-15_1-1024x768.jpg\" class=\"aligncenter size-large wp-image-2428\" src=\"http:\/\/jaszai-iskola.net\/wp\/wp-content\/uploads\/2021\/04\/MARCIUS-15_1-1024x768.jpg\" alt=\"\" width=\"640\" height=\"480\" srcset=\"http:\/\/jaszai-iskola.net\/wp\/wp-content\/uploads\/2021\/04\/MARCIUS-15_1-1024x768.jpg 1024w, http:\/\/jaszai-iskola.net\/wp\/wp-content\/uploads\/2021\/04\/MARCIUS-15_1-300x225.jpg 300w, http:\/\/jaszai-iskola.net\/wp\/wp-content\/uploads\/2021\/04\/MARCIUS-15_1-768x576.jpg 768w, http:\/\/jaszai-iskola.net\/wp\/wp-content\/uploads\/2021\/04\/MARCIUS-15_1-1536x1152.jpg 1536w, http:\/\/jaszai-iskola.net\/wp\/wp-content\/uploads\/2021\/04\/MARCIUS-15_1-2048x1536.jpg 2048w\" sizes=\"auto, (max-width: 640px) 100vw, 640px\" \/><\/p>\n<p><img loading=\"lazy\" decoding=\"async\" data-attachment-id=\"2429\" data-permalink=\"http:\/\/jaszai-iskola.net\/wp\/2021\/04\/28\/marcius-15-az-idei-megemlekezes-is-mas-mint-ahogyan-azt-megszoktuk\/marcius-15_2\/\" data-orig-file=\"http:\/\/jaszai-iskola.net\/wp\/wp-content\/uploads\/2021\/04\/MARCIUS-15_2-scaled.jpg\" data-orig-size=\"2560,1920\" data-comments-opened=\"1\" data-image-meta=\"{&quot;aperture&quot;:&quot;0&quot;,&quot;credit&quot;:&quot;&quot;,&quot;camera&quot;:&quot;POT-LX1&quot;,&quot;caption&quot;:&quot;&quot;,&quot;created_timestamp&quot;:&quot;0&quot;,&quot;copyright&quot;:&quot;&quot;,&quot;focal_length&quot;:&quot;0&quot;,&quot;iso&quot;:&quot;0&quot;,&quot;shutter_speed&quot;:&quot;0&quot;,&quot;title&quot;:&quot;&quot;,&quot;orientation&quot;:&quot;0&quot;}\" data-image-title=\"M\u00c1RCIUS 15_2\" data-image-description=\"\" data-image-caption=\"\" data-medium-file=\"http:\/\/jaszai-iskola.net\/wp\/wp-content\/uploads\/2021\/04\/MARCIUS-15_2-300x225.jpg\" data-large-file=\"http:\/\/jaszai-iskola.net\/wp\/wp-content\/uploads\/2021\/04\/MARCIUS-15_2-1024x768.jpg\" class=\"aligncenter size-large wp-image-2429\" src=\"http:\/\/jaszai-iskola.net\/wp\/wp-content\/uploads\/2021\/04\/MARCIUS-15_2-1024x768.jpg\" alt=\"\" width=\"640\" height=\"480\" srcset=\"http:\/\/jaszai-iskola.net\/wp\/wp-content\/uploads\/2021\/04\/MARCIUS-15_2-1024x768.jpg 1024w, http:\/\/jaszai-iskola.net\/wp\/wp-content\/uploads\/2021\/04\/MARCIUS-15_2-300x225.jpg 300w, http:\/\/jaszai-iskola.net\/wp\/wp-content\/uploads\/2021\/04\/MARCIUS-15_2-768x576.jpg 768w, http:\/\/jaszai-iskola.net\/wp\/wp-content\/uploads\/2021\/04\/MARCIUS-15_2-1536x1152.jpg 1536w, http:\/\/jaszai-iskola.net\/wp\/wp-content\/uploads\/2021\/04\/MARCIUS-15_2-2048x1536.jpg 2048w\" sizes=\"auto, (max-width: 640px) 100vw, 640px\" \/><\/p>\n<p style=\"text-align: right;\">&nbsp;<\/p>\n","protected":false},"excerpt":{"rendered":"<p>&nbsp; \u0150sszel m\u00e9g a tervek szerint az 1848. m\u00e1rc. 15.-i iskolai megeml\u00e9kez\u00e9st a 4. \u00e9vfolyam k\u00e9sz\u00edtette volna. Az \u00f6tlet, csak \u00f6tlet maradt. V\u00e1ltoz\u00e1sok t\u00f6rt\u00e9ntek az el\u0151\u00edr\u00e1 &nbsp; sok miatt, \u00edgy v\u00e9g\u00fcl, csak mi, a 4. b oszt\u00e1ly k\u00e9sz\u00fclhett\u00fcnk r\u00e1 koll\u00e9g\u00e1mmal egy\u00fctt, Wohner Istv\u00e1nnal. M\u00e1rcius 15. az 1848-49-es forradalom \u00e9s szabads\u00e1gharc kezdet\u00e9nek napja. Ennek megfelel\u0151en n\u00e9pies [&hellip;]<\/p>\n","protected":false},"author":1,"featured_media":0,"comment_status":"open","ping_status":"open","sticky":false,"template":"","format":"standard","meta":{"ngg_post_thumbnail":0,"jetpack_post_was_ever_published":false,"_jetpack_newsletter_access":"","_jetpack_dont_email_post_to_subs":false,"_jetpack_newsletter_tier_id":0,"_jetpack_memberships_contains_paywalled_content":false,"_jetpack_memberships_contains_paid_content":false,"footnotes":"","jetpack_publicize_message":"","jetpack_publicize_feature_enabled":true,"jetpack_social_post_already_shared":true,"jetpack_social_options":{"image_generator_settings":{"template":"highway","default_image_id":0,"font":"","enabled":false},"version":2}},"categories":[43],"tags":[85,16,218],"class_list":["post-2427","post","type-post","status-publish","format-standard","hentry","category-programok","tag-emleknap","tag-jaszai","tag-marcius15"],"jetpack_publicize_connections":[],"jetpack_featured_media_url":"","jetpack_sharing_enabled":true,"jetpack_shortlink":"https:\/\/wp.me\/p7WZAv-D9","jetpack-related-posts":[],"jetpack_likes_enabled":true,"_links":{"self":[{"href":"http:\/\/jaszai-iskola.net\/wp\/wp-json\/wp\/v2\/posts\/2427","targetHints":{"allow":["GET"]}}],"collection":[{"href":"http:\/\/jaszai-iskola.net\/wp\/wp-json\/wp\/v2\/posts"}],"about":[{"href":"http:\/\/jaszai-iskola.net\/wp\/wp-json\/wp\/v2\/types\/post"}],"author":[{"embeddable":true,"href":"http:\/\/jaszai-iskola.net\/wp\/wp-json\/wp\/v2\/users\/1"}],"replies":[{"embeddable":true,"href":"http:\/\/jaszai-iskola.net\/wp\/wp-json\/wp\/v2\/comments?post=2427"}],"version-history":[{"count":1,"href":"http:\/\/jaszai-iskola.net\/wp\/wp-json\/wp\/v2\/posts\/2427\/revisions"}],"predecessor-version":[{"id":2430,"href":"http:\/\/jaszai-iskola.net\/wp\/wp-json\/wp\/v2\/posts\/2427\/revisions\/2430"}],"wp:attachment":[{"href":"http:\/\/jaszai-iskola.net\/wp\/wp-json\/wp\/v2\/media?parent=2427"}],"wp:term":[{"taxonomy":"category","embeddable":true,"href":"http:\/\/jaszai-iskola.net\/wp\/wp-json\/wp\/v2\/categories?post=2427"},{"taxonomy":"post_tag","embeddable":true,"href":"http:\/\/jaszai-iskola.net\/wp\/wp-json\/wp\/v2\/tags?post=2427"}],"curies":[{"name":"wp","href":"https:\/\/api.w.org\/{rel}","templated":true}]}}