{"id":2180,"date":"2020-04-22T21:09:21","date_gmt":"2020-04-22T20:09:21","guid":{"rendered":"http:\/\/jaszai-iskola.net\/wp\/?p=2180"},"modified":"2020-04-22T21:14:19","modified_gmt":"2020-04-22T20:14:19","slug":"nyilatkozatok-beiratkozashoz","status":"publish","type":"post","link":"http:\/\/jaszai-iskola.net\/wp\/2020\/04\/22\/nyilatkozatok-beiratkozashoz\/","title":{"rendered":"NYILATKOZATOK BEIRATKOZ\u00c1SHOZ"},"content":{"rendered":"\n<p class=\"has-text-align-center\">melyek<strong> <u>BEMUTAT\u00c1SA <\/u><\/strong>a jelenlegi helyzetre val\u00f3 tekintettelelegend\u0151, ha<\/p>\n\n\n\n<p class=\"has-text-align-center\"><strong><u>CSAK A 2020\/21-ES TAN\u00c9V ELS\u0150 NAPJ\u00c1N T\u00d6RT\u00c9NIK MEG.<\/u><\/strong><\/p>\n\n\n\n<p class=\"has-text-align-center\">nyomtatv\u00e1nyok let\u00f6lt\u00e9se itt:<\/p>\n\n\n\n<p><\/p>\n\n\n\n<div class=\"wp-block-file aligncenter\"><a href=\"http:\/\/jaszai-iskola.net\/wp\/wp-content\/uploads\/2020\/04\/1_sz_melleklet_\u00c9letv.lakc\u00edm-nyilatkozat-1.docx\">1_sz_melleklet_\u00c9letv.lakc\u00edm-nyilatkozat-1<\/a><a href=\"http:\/\/jaszai-iskola.net\/wp\/wp-content\/uploads\/2020\/04\/1_sz_melleklet_\u00c9letv.lakc\u00edm-nyilatkozat-1.docx\" class=\"wp-block-file__button\" download>Let\u00f6lt\u00e9s<\/a><\/div>\n\n\n\n<p><\/p>\n\n\n\n<div class=\"wp-block-file aligncenter\"><a href=\"http:\/\/jaszai-iskola.net\/wp\/wp-content\/uploads\/2020\/04\/2_sz_melleklet_Tv.k\u00e9pvisel\u0151-nyilatkozat-1.docx\">2_sz_melleklet_Tv.k\u00e9pvisel\u0151-nyilatkozat-1<\/a><a href=\"http:\/\/jaszai-iskola.net\/wp\/wp-content\/uploads\/2020\/04\/2_sz_melleklet_Tv.k\u00e9pvisel\u0151-nyilatkozat-1.docx\" class=\"wp-block-file__button\" download>Let\u00f6lt\u00e9s<\/a><\/div>\n\n\n\n<p><\/p>\n\n\n\n<p class=\"has-text-align-center\"><strong>Felh\u00edvjuk figyelm\u00fcket<\/strong>, hogy<strong> a nyilatkozatok tartalma megegyezik a KR\u00c9TA- e\u00fcgyint\u00e9z\u00e9s Beiratkoz\u00e1s modulj\u00e1ban szerepl\u0151 nyomtatv\u00e1nyokkal, <\/strong>ez\u00e9rt k\u00e9rj\u00fck \u00d6n\u00f6ket, hogy<strong> beiratkoz\u00e1si sz\u00e1nd\u00e9kukat ELS\u0150SORBAN ezen a fel\u00fcleten kereszt\u00fcl jelezz\u00e9k <\/strong>a kor\u00e1bban k\u00f6zz\u00e9tett beiratkoz\u00e1si t\u00e1j\u00e9koztat\u00f3nkban le\u00edrtak szerint.<\/p>\n\n\n\n<p class=\"has-text-align-left\">Tisztelettel:<\/p>\n\n\n\n<p class=\"has-text-align-left\">Dr. Farag\u00f3n\u00e9 Kisari Anna<\/p>\n\n\n\n<p class=\"has-text-align-left\">int\u00e9zm\u00e9nyvezet\u0151<\/p>\n","protected":false},"excerpt":{"rendered":"<p>melyek BEMUTAT\u00c1SA a jelenlegi helyzetre val\u00f3 tekintettelelegend\u0151, ha CSAK A 2020\/21-ES TAN\u00c9V ELS\u0150 NAPJ\u00c1N T\u00d6RT\u00c9NIK MEG. nyomtatv\u00e1nyok let\u00f6lt\u00e9se itt: Felh\u00edvjuk figyelm\u00fcket, hogy a nyilatkozatok tartalma megegyezik a KR\u00c9TA- e\u00fcgyint\u00e9z\u00e9s Beiratkoz\u00e1s modulj\u00e1ban szerepl\u0151 nyomtatv\u00e1nyokkal, ez\u00e9rt k\u00e9rj\u00fck \u00d6n\u00f6ket, hogy beiratkoz\u00e1si sz\u00e1nd\u00e9kukat ELS\u0150SORBAN ezen a fel\u00fcleten kereszt\u00fcl jelezz\u00e9k a kor\u00e1bban k\u00f6zz\u00e9tett beiratkoz\u00e1si t\u00e1j\u00e9koztat\u00f3nkban le\u00edrtak szerint. Tisztelettel: Dr. Farag\u00f3n\u00e9 [&hellip;]<\/p>\n","protected":false},"author":1,"featured_media":0,"comment_status":"open","ping_status":"open","sticky":false,"template":"","format":"standard","meta":{"ngg_post_thumbnail":0,"jetpack_post_was_ever_published":false,"_jetpack_newsletter_access":"","_jetpack_dont_email_post_to_subs":false,"_jetpack_newsletter_tier_id":0,"_jetpack_memberships_contains_paywalled_content":false,"_jetpack_memberships_contains_paid_content":false,"footnotes":"","jetpack_publicize_message":"","jetpack_publicize_feature_enabled":true,"jetpack_social_post_already_shared":true,"jetpack_social_options":{"image_generator_settings":{"template":"highway","default_image_id":0,"font":"","enabled":false},"version":2}},"categories":[7],"tags":[61,16,89],"class_list":["post-2180","post","type-post","status-publish","format-standard","hentry","category-informaciok","tag-beiratkozas","tag-jaszai","tag-nyilatkozat"],"jetpack_publicize_connections":[],"jetpack_featured_media_url":"","jetpack_sharing_enabled":true,"jetpack_shortlink":"https:\/\/wp.me\/p7WZAv-za","jetpack-related-posts":[],"jetpack_likes_enabled":true,"_links":{"self":[{"href":"http:\/\/jaszai-iskola.net\/wp\/wp-json\/wp\/v2\/posts\/2180","targetHints":{"allow":["GET"]}}],"collection":[{"href":"http:\/\/jaszai-iskola.net\/wp\/wp-json\/wp\/v2\/posts"}],"about":[{"href":"http:\/\/jaszai-iskola.net\/wp\/wp-json\/wp\/v2\/types\/post"}],"author":[{"embeddable":true,"href":"http:\/\/jaszai-iskola.net\/wp\/wp-json\/wp\/v2\/users\/1"}],"replies":[{"embeddable":true,"href":"http:\/\/jaszai-iskola.net\/wp\/wp-json\/wp\/v2\/comments?post=2180"}],"version-history":[{"count":0,"href":"http:\/\/jaszai-iskola.net\/wp\/wp-json\/wp\/v2\/posts\/2180\/revisions"}],"wp:attachment":[{"href":"http:\/\/jaszai-iskola.net\/wp\/wp-json\/wp\/v2\/media?parent=2180"}],"wp:term":[{"taxonomy":"category","embeddable":true,"href":"http:\/\/jaszai-iskola.net\/wp\/wp-json\/wp\/v2\/categories?post=2180"},{"taxonomy":"post_tag","embeddable":true,"href":"http:\/\/jaszai-iskola.net\/wp\/wp-json\/wp\/v2\/tags?post=2180"}],"curies":[{"name":"wp","href":"https:\/\/api.w.org\/{rel}","templated":true}]}}