{"id":1712,"date":"2019-03-17T19:58:39","date_gmt":"2019-03-17T18:58:39","guid":{"rendered":"http:\/\/jaszai-iskola.net\/wp\/?p=1712"},"modified":"2019-03-17T19:59:05","modified_gmt":"2019-03-17T18:59:05","slug":"ujevkoszonto-tanchaz-a-jaszaiban-2","status":"publish","type":"post","link":"http:\/\/jaszai-iskola.net\/wp\/2019\/03\/17\/ujevkoszonto-tanchaz-a-jaszaiban-2\/","title":{"rendered":"\u00daj\u00e9vk\u00f6sz\u00f6nt\u0151 t\u00e1nch\u00e1z a J\u00e1szaiban"},"content":{"rendered":"<p>T\u00f6bb mint egy \u00e9vtizede hagyom\u00e1ny iskol\u00e1nkban, hogy a sz\u00fcl\u0151i k\u00f6z\u00f6ss\u00e9g t\u00e1mogat\u00e1s\u00e1val t\u00e1nch\u00e1zat szervez\u00fcnk az \u00faj\u00e9v k\u00f6sz\u00f6nt\u00e9s\u00e9re.<\/p>\n<p>Id\u00e9n janu\u00e1r 12-\u00e9n ker\u00fclt sor e jeles esem\u00e9nyre: T\u00edm\u00e1r S\u00e1ra (\u00e9nek), Donk\u00f3 M\u00e1ria (koboz), Hal\u00e1szi Lehel \u00e9s Dr. Balogh N\u00e1ndor (furulya), valamint Jakabfy Bal\u00e1zs (dob, \u00fct\u0151gardon) v\u00e9rpezsd\u00edt\u0151 moldvai \u00e9s gyimesi cs\u00e1ng\u00f3 muzsik\u00e1j\u00e1ra t\u00e1ncolhattunk k\u00f6rt\u00e1ncokat.<\/p>\n<p>A t\u00e1ncokat a kiv\u00e1l\u00f3, orsz\u00e1gos h\u00edr\u0171 t\u00e1ncpedag\u00f3gus, Dr. S\u00e1ndor Ildik\u00f3 seg\u00edts\u00e9g\u00e9vel saj\u00e1t\u00edthatt\u00e1k el kicsik \u00e9s nagyok.<\/p>\n<p>A vigalom pihen\u0151j\u00e9ben gy\u00f6ny\u00f6r\u0171, archaikus moldvai n\u00e9pdalt \u00e9s \u00faj\u00e9vk\u00f6sz\u00f6nt\u0151t tanultunk T\u00edm\u00e1r S\u00e1ra vezet\u00e9s\u00e9vel. T\u00e1nctan\u00e1runk izgalmas, sz\u00f6vev\u00e9nyes mes\u00e9je \u00e1ltal r\u00e1csod\u00e1lkozhattunk anyanyelv\u00fcnk sz\u00e9ps\u00e9geire, sz\u00f3kincs\u00e9re, m\u00e1r-m\u00e1r elfeledett sz\u00edneire, \u00edzeire.<\/p>\n<p>A b\u00fcf\u00e9ben lelkes, kitart\u00f3 sz\u00fcl\u0151i csapat szolg\u00e1ltatta az \u00fcd\u00edt\u0151t \u00e9s a finoms\u00e1gokat az energiap\u00f3tl\u00e1sra.<\/p>\n<p>K\u00f6sz\u00f6nj\u00fck mindazoknak, akik hozz\u00e1j\u00e1rultak az \u00e9rt\u00e9kes iskolai \u00e9s v\u00e1rosi program sz\u00ednvonal\u00e1nak emel\u00e9s\u00e9hez felaj\u00e1nl\u00e1saikkal, \u00f6nzetlen seg\u00edts\u00e9g\u00fckkel. K\u00fcl\u00f6n k\u00f6sz\u00f6net a Pillang\u00f3 K\u00f6nyvesboltnak szellemi \u00e9rt\u00e9ket k\u00e9pvisel\u0151 nagylelk\u0171 felaj\u00e1nl\u00e1s\u00e1\u00e9rt, amelyb\u0151l a magyarorsz\u00e1gi t\u00e1nch\u00e1zmozgalom kialakul\u00e1s\u00e1t \u00e9s annak \u00e9rt\u00e9kteremt\u0151, \u00e1thagyom\u00e1nyoz\u00f3 jelent\u0151s\u00e9g\u00e9t megismerhetik az \u00e9rdekl\u0151d\u0151k.<\/p>\n<p>K\u00fcl\u00f6n dics\u00e9ret illeti iskol\u00e1nk k\u00e9t tanul\u00f3j\u00e1t: Nagy K\u00e1lm\u00e1nt \u00e9s Vetr\u00f3 M\u00e1rtont a 7.a oszt\u00e1lyb\u00f3l, akik a berendez\u00e9st\u0151l a b\u00fcf\u00e9ig mindenben seg\u00edtettek, ahol csak sz\u00fcks\u00e9g volt r\u00e1juk.<\/p>\n","protected":false},"excerpt":{"rendered":"<p>T\u00f6bb mint egy \u00e9vtizede hagyom\u00e1ny iskol\u00e1nkban, hogy a sz\u00fcl\u0151i k\u00f6z\u00f6ss\u00e9g t\u00e1mogat\u00e1s\u00e1val t\u00e1nch\u00e1zat szervez\u00fcnk az \u00faj\u00e9v k\u00f6sz\u00f6nt\u00e9s\u00e9re. Id\u00e9n janu\u00e1r 12-\u00e9n ker\u00fclt sor e jeles esem\u00e9nyre: T\u00edm\u00e1r S\u00e1ra (\u00e9nek), Donk\u00f3 M\u00e1ria (koboz), Hal\u00e1szi Lehel \u00e9s Dr. Balogh N\u00e1ndor (furulya), valamint Jakabfy Bal\u00e1zs (dob, \u00fct\u0151gardon) v\u00e9rpezsd\u00edt\u0151 moldvai \u00e9s gyimesi cs\u00e1ng\u00f3 muzsik\u00e1j\u00e1ra t\u00e1ncolhattunk k\u00f6rt\u00e1ncokat. A t\u00e1ncokat a kiv\u00e1l\u00f3, orsz\u00e1gos [&hellip;]<\/p>\n","protected":false},"author":1,"featured_media":0,"comment_status":"open","ping_status":"open","sticky":false,"template":"","format":"standard","meta":{"ngg_post_thumbnail":0,"jetpack_post_was_ever_published":false,"_jetpack_newsletter_access":"","_jetpack_dont_email_post_to_subs":false,"_jetpack_newsletter_tier_id":0,"_jetpack_memberships_contains_paywalled_content":false,"_jetpack_memberships_contains_paid_content":false,"footnotes":"","jetpack_publicize_message":"","jetpack_publicize_feature_enabled":true,"jetpack_social_post_already_shared":true,"jetpack_social_options":{"image_generator_settings":{"template":"highway","default_image_id":0,"font":"","enabled":false},"version":2}},"categories":[43],"tags":[18,44],"class_list":["post-1712","post","type-post","status-publish","format-standard","hentry","category-programok","tag-iskola","tag-tanchaz"],"jetpack_publicize_connections":[],"jetpack_featured_media_url":"","jetpack_sharing_enabled":true,"jetpack_shortlink":"https:\/\/wp.me\/p7WZAv-rC","jetpack-related-posts":[],"jetpack_likes_enabled":true,"_links":{"self":[{"href":"http:\/\/jaszai-iskola.net\/wp\/wp-json\/wp\/v2\/posts\/1712","targetHints":{"allow":["GET"]}}],"collection":[{"href":"http:\/\/jaszai-iskola.net\/wp\/wp-json\/wp\/v2\/posts"}],"about":[{"href":"http:\/\/jaszai-iskola.net\/wp\/wp-json\/wp\/v2\/types\/post"}],"author":[{"embeddable":true,"href":"http:\/\/jaszai-iskola.net\/wp\/wp-json\/wp\/v2\/users\/1"}],"replies":[{"embeddable":true,"href":"http:\/\/jaszai-iskola.net\/wp\/wp-json\/wp\/v2\/comments?post=1712"}],"version-history":[{"count":0,"href":"http:\/\/jaszai-iskola.net\/wp\/wp-json\/wp\/v2\/posts\/1712\/revisions"}],"wp:attachment":[{"href":"http:\/\/jaszai-iskola.net\/wp\/wp-json\/wp\/v2\/media?parent=1712"}],"wp:term":[{"taxonomy":"category","embeddable":true,"href":"http:\/\/jaszai-iskola.net\/wp\/wp-json\/wp\/v2\/categories?post=1712"},{"taxonomy":"post_tag","embeddable":true,"href":"http:\/\/jaszai-iskola.net\/wp\/wp-json\/wp\/v2\/tags?post=1712"}],"curies":[{"name":"wp","href":"https:\/\/api.w.org\/{rel}","templated":true}]}}