{"id":1641,"date":"2019-01-24T18:08:30","date_gmt":"2019-01-24T17:08:30","guid":{"rendered":"http:\/\/jaszai-iskola.net\/wp\/?p=1641"},"modified":"2019-01-25T18:15:07","modified_gmt":"2019-01-25T17:15:07","slug":"gratulalunk","status":"publish","type":"post","link":"http:\/\/jaszai-iskola.net\/wp\/2019\/01\/24\/gratulalunk\/","title":{"rendered":"Gratul\u00e1lunk!"},"content":{"rendered":"<p style=\"text-align: center;\"><strong>Bock Luca 5. a oszt\u00e1lyos tan\u00edtv\u00e1nyunkat a Magyar \u00dasz\u00f3 Sz\u00f6vets\u00e9g a J\u00f6v\u0151 Bajnokai programba v\u00e1lasztotta. <\/strong><\/p>\n<p style=\"text-align: center;\"><strong>Nagyon b\u00fcszk\u00e9k vagyunk r\u00e1!<\/strong><\/p>\n<p style=\"text-align: center;\"><strong>Gratul\u00e1lunk!<\/strong><\/p>\n<p>&nbsp;<\/p>\n<p><a href=\"http:\/\/jaszai-iskola.net\/wp\/wp-content\/uploads\/2019\/01\/ade625c0_jovo_bajnokai_ujratoltve_osszregios_verseny_november_4_en_.jpg\"><img loading=\"lazy\" decoding=\"async\" data-attachment-id=\"1642\" data-permalink=\"http:\/\/jaszai-iskola.net\/wp\/2019\/01\/24\/gratulalunk\/ade625c0_jovo_bajnokai_ujratoltve_osszregios_verseny_november_4_en_\/\" data-orig-file=\"http:\/\/jaszai-iskola.net\/wp\/wp-content\/uploads\/2019\/01\/ade625c0_jovo_bajnokai_ujratoltve_osszregios_verseny_november_4_en_.jpg\" data-orig-size=\"875,583\" data-comments-opened=\"1\" data-image-meta=\"{&quot;aperture&quot;:&quot;0&quot;,&quot;credit&quot;:&quot;&quot;,&quot;camera&quot;:&quot;&quot;,&quot;caption&quot;:&quot;&quot;,&quot;created_timestamp&quot;:&quot;0&quot;,&quot;copyright&quot;:&quot;&quot;,&quot;focal_length&quot;:&quot;0&quot;,&quot;iso&quot;:&quot;0&quot;,&quot;shutter_speed&quot;:&quot;0&quot;,&quot;title&quot;:&quot;&quot;,&quot;orientation&quot;:&quot;0&quot;}\" data-image-title=\"ade625c0_jovo_bajnokai_ujratoltve_osszregios_verseny_november_4_en_\" data-image-description=\"\" data-image-caption=\"\" data-medium-file=\"http:\/\/jaszai-iskola.net\/wp\/wp-content\/uploads\/2019\/01\/ade625c0_jovo_bajnokai_ujratoltve_osszregios_verseny_november_4_en_-300x200.jpg\" data-large-file=\"http:\/\/jaszai-iskola.net\/wp\/wp-content\/uploads\/2019\/01\/ade625c0_jovo_bajnokai_ujratoltve_osszregios_verseny_november_4_en_.jpg\" class=\"aligncenter size-full wp-image-1642\" src=\"http:\/\/jaszai-iskola.net\/wp\/wp-content\/uploads\/2019\/01\/ade625c0_jovo_bajnokai_ujratoltve_osszregios_verseny_november_4_en_.jpg\" alt=\"\" width=\"875\" height=\"583\" srcset=\"http:\/\/jaszai-iskola.net\/wp\/wp-content\/uploads\/2019\/01\/ade625c0_jovo_bajnokai_ujratoltve_osszregios_verseny_november_4_en_.jpg 875w, http:\/\/jaszai-iskola.net\/wp\/wp-content\/uploads\/2019\/01\/ade625c0_jovo_bajnokai_ujratoltve_osszregios_verseny_november_4_en_-300x200.jpg 300w, http:\/\/jaszai-iskola.net\/wp\/wp-content\/uploads\/2019\/01\/ade625c0_jovo_bajnokai_ujratoltve_osszregios_verseny_november_4_en_-768x512.jpg 768w, http:\/\/jaszai-iskola.net\/wp\/wp-content\/uploads\/2019\/01\/ade625c0_jovo_bajnokai_ujratoltve_osszregios_verseny_november_4_en_-272x182.jpg 272w\" sizes=\"auto, (max-width: 875px) 100vw, 875px\" \/><\/a><\/p>\n","protected":false},"excerpt":{"rendered":"<p>Bock Luca 5. a oszt\u00e1lyos tan\u00edtv\u00e1nyunkat a Magyar \u00dasz\u00f3 Sz\u00f6vets\u00e9g a J\u00f6v\u0151 Bajnokai programba v\u00e1lasztotta. Nagyon b\u00fcszk\u00e9k vagyunk r\u00e1! Gratul\u00e1lunk! &nbsp;<\/p>\n","protected":false},"author":1,"featured_media":0,"comment_status":"open","ping_status":"open","sticky":false,"template":"","format":"standard","meta":{"ngg_post_thumbnail":0,"jetpack_post_was_ever_published":false,"_jetpack_newsletter_access":"","_jetpack_dont_email_post_to_subs":false,"_jetpack_newsletter_tier_id":0,"_jetpack_memberships_contains_paywalled_content":false,"_jetpack_memberships_contains_paid_content":false,"footnotes":"","jetpack_publicize_message":"","jetpack_publicize_feature_enabled":true,"jetpack_social_post_already_shared":true,"jetpack_social_options":{"image_generator_settings":{"template":"highway","default_image_id":0,"font":"","enabled":false},"version":2}},"categories":[26],"tags":[16,35],"class_list":["post-1641","post","type-post","status-publish","format-standard","hentry","category-eredmenyeink","tag-jaszai","tag-sikerek"],"jetpack_publicize_connections":[],"jetpack_featured_media_url":"","jetpack_sharing_enabled":true,"jetpack_shortlink":"https:\/\/wp.me\/p7WZAv-qt","jetpack-related-posts":[],"jetpack_likes_enabled":true,"_links":{"self":[{"href":"http:\/\/jaszai-iskola.net\/wp\/wp-json\/wp\/v2\/posts\/1641","targetHints":{"allow":["GET"]}}],"collection":[{"href":"http:\/\/jaszai-iskola.net\/wp\/wp-json\/wp\/v2\/posts"}],"about":[{"href":"http:\/\/jaszai-iskola.net\/wp\/wp-json\/wp\/v2\/types\/post"}],"author":[{"embeddable":true,"href":"http:\/\/jaszai-iskola.net\/wp\/wp-json\/wp\/v2\/users\/1"}],"replies":[{"embeddable":true,"href":"http:\/\/jaszai-iskola.net\/wp\/wp-json\/wp\/v2\/comments?post=1641"}],"version-history":[{"count":0,"href":"http:\/\/jaszai-iskola.net\/wp\/wp-json\/wp\/v2\/posts\/1641\/revisions"}],"wp:attachment":[{"href":"http:\/\/jaszai-iskola.net\/wp\/wp-json\/wp\/v2\/media?parent=1641"}],"wp:term":[{"taxonomy":"category","embeddable":true,"href":"http:\/\/jaszai-iskola.net\/wp\/wp-json\/wp\/v2\/categories?post=1641"},{"taxonomy":"post_tag","embeddable":true,"href":"http:\/\/jaszai-iskola.net\/wp\/wp-json\/wp\/v2\/tags?post=1641"}],"curies":[{"name":"wp","href":"https:\/\/api.w.org\/{rel}","templated":true}]}}