{"id":1566,"date":"2018-12-02T12:29:20","date_gmt":"2018-12-02T11:29:20","guid":{"rendered":"http:\/\/jaszai-iskola.net\/wp\/?p=1566"},"modified":"2018-12-02T12:58:41","modified_gmt":"2018-12-02T11:58:41","slug":"mi-igy-orizzuk-a-vertanuk-emleket","status":"publish","type":"post","link":"http:\/\/jaszai-iskola.net\/wp\/2018\/12\/02\/mi-igy-orizzuk-a-vertanuk-emleket\/","title":{"rendered":"Mi \u00edgy \u0151rizz\u00fck a v\u00e9rtan\u00fak eml\u00e9k\u00e9t"},"content":{"rendered":"<p>A Monori J\u00e1szai Mari \u00c1ltal\u00e1nos Iskol\u00e1ban hossz\u00fa \u00e9vek \u00f3ta bens\u0151s\u00e9ges keretek k\u00f6z\u00f6tt eml\u00e9kez\u00fcnk meg a 48-as forradalom \u00e9s szabads\u00e1gharc Aradon kiv\u00e9gzett t\u00e1bornokair\u00f3l.<\/p>\n<p>M\u00e1r 20 \u00e9vvel ezel\u0151tt is fontosnak tartott\u00e1k az akkor itt dolgoz\u00f3 pedag\u00f3gusok \u00e9s a di\u00e1kok, hogy m\u00e9lt\u00f3 eml\u00e9ket \u00e1ll\u00edtsanak a h\u0151s\u00f6knek: 13 \u00f6r\u00f6kz\u00f6ld f\u00e1t \u00fcltettek az iskola \u00e9p\u00fclete el\u00e9, \u00e9s 13 kopjaf\u00e1t \u00e1ll\u00edtottak tisztelet\u00fck jel\u00e9\u00fcl. Az \u00e9vek sor\u00e1n sajnos egy fa kipusztult. ( Turi Anita 6.a oszt\u00e1lyos tanul\u00f3 sz\u00fclei felaj\u00e1nl\u00e1sa j\u00f3volt\u00e1b\u00f3l ezt&nbsp; p\u00f3tolni fogjuk hamarosan.)<\/p>\n<p>A 13-b\u00f3l csup\u00e1n egyetlen kopjafa maradt. Ezt az egyet 8 \u00e9vvel ezel\u0151tt behoztuk az iskola udvar\u00e1ra, k\u00f6rbe\u00fcltett\u00fck vir\u00e1ggal. Az\u00f3ta minden \u00e9vben enn\u00e9l az eml\u00e9km\u0171n\u00e9l tartottuk a megeml\u00e9kez\u00e9st.<\/p>\n<p>Id\u00e9n m\u00e9g a megszokottn\u00e1l is nagyobb figyelmet ford\u00edtottunk az \u00fcnnepre, ugyanis a Kiss V. Zsolt a Vit\u00e9zi rend nev\u00e9ben felaj\u00e1nlotta, hogy a kopjaf\u00e1t \u00e9s a r\u00e9gi eml\u00e9kt\u00e1bl\u00e1t fel\u00faj\u00edtja.<\/p>\n<p>Okt\u00f3ber 5-\u00e9n 10 \u00f3rakor az iskola udvar\u00e1n kezd\u0151d\u00f6tt a megeml\u00e9kez\u00e9s. A Himnusz ut\u00e1n Dr. Farag\u00f3n\u00e9 Kisari Anna igazgat\u00f3 asszony \u00fcnnepi besz\u00e9d\u00e9ben megeml\u00e9kezett a h\u0151s\u00f6kr\u0151l, majd Vlad\u00e1r Istv\u00e1n tiszteletes \u00far Isten \u00e1ld\u00e1s\u00e1t k\u00e9rte a jelenl\u00e9v\u0151kre, az eml\u00e9kez\u0151kre.<\/p>\n<p>Ezut\u00e1n koszor\u00faz\u00e1s k\u00f6vetkezett: az iskola nev\u00e9ben igazgat\u00f3 asszony k\u00e9t als\u00f3 tagozatos kisdi\u00e1kkal, a Vit\u00e9zi Rend nev\u00e9ben Kiss V. Zsolt a csal\u00e1dj\u00e1val, \u00e9s az Iskolai Sz\u00fcl\u0151i Szervezet nev\u00e9ben T\u00f3th Julianna helyezte el a vir\u00e1gokat a kopjaf\u00e1n\u00e1l.<\/p>\n<p>A Gy\u00e1sznapi megeml\u00e9kez\u00e9st megtisztelte jelenl\u00e9t\u00e9vel Sz\u0151nyi Attila, valamintHajd\u00fa M\u00e1rton \u00e9s Veres J\u00e1nos K\u00e1lm\u00e1n, akik 48-as husz\u00e1r viseletben jelentek meg.<\/p>\n<p>Imm\u00e1r 8. \u00e9ve hagyom\u00e1ny, hogy az \u00fcnneps\u00e9g v\u00e9g\u00e9n az iskola \u00f6sszes di\u00e1kja egy\u00fctt fennhangon elsorolja a t\u00e1bornokok nev\u00e9t. \u00cdgy t\u00f6rt\u00e9nt most is. Azt gondolom, kev\u00e9s olyan oktat\u00e1si int\u00e9zm\u00e9ny van ma Magyarorsz\u00e1gon, ahol az iskola minden tanul\u00f3ja tudja a m\u00e1rt\u00edrok nev\u00e9t.<\/p>\n<p>Az \u00fcnnep\u00e9ly v\u00e9g\u00e9n az int\u00e9zm\u00e9ny tanul\u00f3i a pedag\u00f3gusok vezet\u00e9s\u00e9vel megtekintett\u00e9k a fel\u00faj\u00edtott eml\u00e9kt\u00e1bl\u00e1t is, majd a nap folyam\u00e1n minden oszt\u00e1ly az oszt\u00e1lyf\u0151n\u00f6k\u00e9vel levonult az eml\u00e9kfalhoz, \u00e9s elhelyezt\u00e9k vir\u00e1gaikat, m\u00e9cseseiket.<\/p>\n<p>Sz\u00e9p, m\u00e9lt\u00f3, meghitt megeml\u00e9kez\u00e9s volt.<\/p>\n<p>K\u00f6sz\u00f6nj\u00fck anyagi \u00e9s erk\u00f6lcsi szerepv\u00e1llal\u00e1s\u00e1t a Vit\u00e9zi rendnek, a Kistemplomi Reform\u00e1tus Gy\u00fclekezetnek, az Iskolai Sz\u00fcl\u0151i Szervezet\u00e9nek \u00e9s az Ater Impex Btnek.<\/p>\n<p>N\u00e9meth Ildik\u00f3<\/p>\n<p>int\u00e9zm\u00e9nyvezet\u0151 helyettes<\/p>\n<p><a href=\"http:\/\/jaszai-iskola.net\/wp\/wp-content\/uploads\/2018\/12\/jaszai5.jpg\"><img loading=\"lazy\" decoding=\"async\" data-attachment-id=\"1570\" data-permalink=\"http:\/\/jaszai-iskola.net\/wp\/2018\/12\/02\/mi-igy-orizzuk-a-vertanuk-emleket\/jaszai5\/\" data-orig-file=\"http:\/\/jaszai-iskola.net\/wp\/wp-content\/uploads\/2018\/12\/jaszai5.jpg\" data-orig-size=\"2040,1148\" data-comments-opened=\"1\" data-image-meta=\"{&quot;aperture&quot;:&quot;0&quot;,&quot;credit&quot;:&quot;&quot;,&quot;camera&quot;:&quot;&quot;,&quot;caption&quot;:&quot;&quot;,&quot;created_timestamp&quot;:&quot;0&quot;,&quot;copyright&quot;:&quot;&quot;,&quot;focal_length&quot;:&quot;0&quot;,&quot;iso&quot;:&quot;0&quot;,&quot;shutter_speed&quot;:&quot;0&quot;,&quot;title&quot;:&quot;&quot;,&quot;orientation&quot;:&quot;0&quot;}\" data-image-title=\"jaszai5\" data-image-description=\"\" data-image-caption=\"\" data-medium-file=\"http:\/\/jaszai-iskola.net\/wp\/wp-content\/uploads\/2018\/12\/jaszai5-300x169.jpg\" data-large-file=\"http:\/\/jaszai-iskola.net\/wp\/wp-content\/uploads\/2018\/12\/jaszai5-1024x576.jpg\" class=\"aligncenter size-large wp-image-1570\" src=\"http:\/\/jaszai-iskola.net\/wp\/wp-content\/uploads\/2018\/12\/jaszai5-1024x576.jpg\" alt=\"\" width=\"640\" height=\"360\" srcset=\"http:\/\/jaszai-iskola.net\/wp\/wp-content\/uploads\/2018\/12\/jaszai5-1024x576.jpg 1024w, http:\/\/jaszai-iskola.net\/wp\/wp-content\/uploads\/2018\/12\/jaszai5-300x169.jpg 300w, http:\/\/jaszai-iskola.net\/wp\/wp-content\/uploads\/2018\/12\/jaszai5-768x432.jpg 768w, http:\/\/jaszai-iskola.net\/wp\/wp-content\/uploads\/2018\/12\/jaszai5.jpg 2040w\" sizes=\"auto, (max-width: 640px) 100vw, 640px\" \/><\/a><\/p>\n<p>&nbsp;<\/p>\n<p><a href=\"http:\/\/jaszai-iskola.net\/wp\/wp-content\/uploads\/2018\/12\/jaszai4.jpg\"><img loading=\"lazy\" decoding=\"async\" data-attachment-id=\"1571\" data-permalink=\"http:\/\/jaszai-iskola.net\/wp\/2018\/12\/02\/mi-igy-orizzuk-a-vertanuk-emleket\/jaszai4\/\" data-orig-file=\"http:\/\/jaszai-iskola.net\/wp\/wp-content\/uploads\/2018\/12\/jaszai4.jpg\" data-orig-size=\"1386,1848\" data-comments-opened=\"1\" data-image-meta=\"{&quot;aperture&quot;:&quot;0&quot;,&quot;credit&quot;:&quot;&quot;,&quot;camera&quot;:&quot;&quot;,&quot;caption&quot;:&quot;&quot;,&quot;created_timestamp&quot;:&quot;0&quot;,&quot;copyright&quot;:&quot;&quot;,&quot;focal_length&quot;:&quot;0&quot;,&quot;iso&quot;:&quot;0&quot;,&quot;shutter_speed&quot;:&quot;0&quot;,&quot;title&quot;:&quot;&quot;,&quot;orientation&quot;:&quot;0&quot;}\" data-image-title=\"jaszai4\" data-image-description=\"\" data-image-caption=\"\" data-medium-file=\"http:\/\/jaszai-iskola.net\/wp\/wp-content\/uploads\/2018\/12\/jaszai4-225x300.jpg\" data-large-file=\"http:\/\/jaszai-iskola.net\/wp\/wp-content\/uploads\/2018\/12\/jaszai4-768x1024.jpg\" class=\"aligncenter size-large wp-image-1571\" src=\"http:\/\/jaszai-iskola.net\/wp\/wp-content\/uploads\/2018\/12\/jaszai4-768x1024.jpg\" alt=\"\" width=\"640\" height=\"853\" srcset=\"http:\/\/jaszai-iskola.net\/wp\/wp-content\/uploads\/2018\/12\/jaszai4-768x1024.jpg 768w, http:\/\/jaszai-iskola.net\/wp\/wp-content\/uploads\/2018\/12\/jaszai4-225x300.jpg 225w, http:\/\/jaszai-iskola.net\/wp\/wp-content\/uploads\/2018\/12\/jaszai4.jpg 1386w\" sizes=\"auto, (max-width: 640px) 100vw, 640px\" \/><\/a><\/p>\n<p>&nbsp;<\/p>\n<p><a href=\"http:\/\/jaszai-iskola.net\/wp\/wp-content\/uploads\/2018\/12\/jaszai3.jpg\"><img loading=\"lazy\" decoding=\"async\" data-attachment-id=\"1572\" data-permalink=\"http:\/\/jaszai-iskola.net\/wp\/2018\/12\/02\/mi-igy-orizzuk-a-vertanuk-emleket\/jaszai3\/\" data-orig-file=\"http:\/\/jaszai-iskola.net\/wp\/wp-content\/uploads\/2018\/12\/jaszai3.jpg\" data-orig-size=\"1836,3264\" data-comments-opened=\"1\" data-image-meta=\"{&quot;aperture&quot;:&quot;0&quot;,&quot;credit&quot;:&quot;&quot;,&quot;camera&quot;:&quot;&quot;,&quot;caption&quot;:&quot;&quot;,&quot;created_timestamp&quot;:&quot;0&quot;,&quot;copyright&quot;:&quot;&quot;,&quot;focal_length&quot;:&quot;0&quot;,&quot;iso&quot;:&quot;0&quot;,&quot;shutter_speed&quot;:&quot;0&quot;,&quot;title&quot;:&quot;&quot;,&quot;orientation&quot;:&quot;0&quot;}\" data-image-title=\"jaszai3\" data-image-description=\"\" data-image-caption=\"\" data-medium-file=\"http:\/\/jaszai-iskola.net\/wp\/wp-content\/uploads\/2018\/12\/jaszai3-169x300.jpg\" data-large-file=\"http:\/\/jaszai-iskola.net\/wp\/wp-content\/uploads\/2018\/12\/jaszai3-576x1024.jpg\" class=\"aligncenter size-large wp-image-1572\" src=\"http:\/\/jaszai-iskola.net\/wp\/wp-content\/uploads\/2018\/12\/jaszai3-576x1024.jpg\" alt=\"\" width=\"576\" height=\"1024\" srcset=\"http:\/\/jaszai-iskola.net\/wp\/wp-content\/uploads\/2018\/12\/jaszai3-576x1024.jpg 576w, http:\/\/jaszai-iskola.net\/wp\/wp-content\/uploads\/2018\/12\/jaszai3-169x300.jpg 169w, http:\/\/jaszai-iskola.net\/wp\/wp-content\/uploads\/2018\/12\/jaszai3-768x1365.jpg 768w, http:\/\/jaszai-iskola.net\/wp\/wp-content\/uploads\/2018\/12\/jaszai3.jpg 1836w\" sizes=\"auto, (max-width: 576px) 100vw, 576px\" \/><\/a><\/p>\n<p>&nbsp;<\/p>\n<p><a href=\"http:\/\/jaszai-iskola.net\/wp\/wp-content\/uploads\/2018\/12\/jaszai2.jpg\"><img loading=\"lazy\" decoding=\"async\" data-attachment-id=\"1573\" data-permalink=\"http:\/\/jaszai-iskola.net\/wp\/2018\/12\/02\/mi-igy-orizzuk-a-vertanuk-emleket\/jaszai2\/\" data-orig-file=\"http:\/\/jaszai-iskola.net\/wp\/wp-content\/uploads\/2018\/12\/jaszai2.jpg\" data-orig-size=\"1280,720\" data-comments-opened=\"1\" data-image-meta=\"{&quot;aperture&quot;:&quot;0&quot;,&quot;credit&quot;:&quot;&quot;,&quot;camera&quot;:&quot;&quot;,&quot;caption&quot;:&quot;&quot;,&quot;created_timestamp&quot;:&quot;0&quot;,&quot;copyright&quot;:&quot;&quot;,&quot;focal_length&quot;:&quot;0&quot;,&quot;iso&quot;:&quot;0&quot;,&quot;shutter_speed&quot;:&quot;0&quot;,&quot;title&quot;:&quot;&quot;,&quot;orientation&quot;:&quot;0&quot;}\" data-image-title=\"jaszai2\" data-image-description=\"\" data-image-caption=\"\" data-medium-file=\"http:\/\/jaszai-iskola.net\/wp\/wp-content\/uploads\/2018\/12\/jaszai2-300x169.jpg\" data-large-file=\"http:\/\/jaszai-iskola.net\/wp\/wp-content\/uploads\/2018\/12\/jaszai2-1024x576.jpg\" class=\"aligncenter size-large wp-image-1573\" src=\"http:\/\/jaszai-iskola.net\/wp\/wp-content\/uploads\/2018\/12\/jaszai2-1024x576.jpg\" alt=\"\" width=\"640\" height=\"360\" srcset=\"http:\/\/jaszai-iskola.net\/wp\/wp-content\/uploads\/2018\/12\/jaszai2-1024x576.jpg 1024w, http:\/\/jaszai-iskola.net\/wp\/wp-content\/uploads\/2018\/12\/jaszai2-300x169.jpg 300w, http:\/\/jaszai-iskola.net\/wp\/wp-content\/uploads\/2018\/12\/jaszai2-768x432.jpg 768w, http:\/\/jaszai-iskola.net\/wp\/wp-content\/uploads\/2018\/12\/jaszai2.jpg 1280w\" sizes=\"auto, (max-width: 640px) 100vw, 640px\" \/><\/a><\/p>\n<p>&nbsp;<\/p>\n<p><a href=\"http:\/\/jaszai-iskola.net\/wp\/wp-content\/uploads\/2018\/12\/JASZAI1.jpg\"><img loading=\"lazy\" decoding=\"async\" data-attachment-id=\"1574\" data-permalink=\"http:\/\/jaszai-iskola.net\/wp\/2018\/12\/02\/mi-igy-orizzuk-a-vertanuk-emleket\/jaszai1\/\" data-orig-file=\"http:\/\/jaszai-iskola.net\/wp\/wp-content\/uploads\/2018\/12\/JASZAI1.jpg\" data-orig-size=\"916,691\" data-comments-opened=\"1\" data-image-meta=\"{&quot;aperture&quot;:&quot;0&quot;,&quot;credit&quot;:&quot;&quot;,&quot;camera&quot;:&quot;&quot;,&quot;caption&quot;:&quot;&quot;,&quot;created_timestamp&quot;:&quot;0&quot;,&quot;copyright&quot;:&quot;&quot;,&quot;focal_length&quot;:&quot;0&quot;,&quot;iso&quot;:&quot;0&quot;,&quot;shutter_speed&quot;:&quot;0&quot;,&quot;title&quot;:&quot;&quot;,&quot;orientation&quot;:&quot;0&quot;}\" data-image-title=\"JASZAI1\" data-image-description=\"\" data-image-caption=\"\" data-medium-file=\"http:\/\/jaszai-iskola.net\/wp\/wp-content\/uploads\/2018\/12\/JASZAI1-300x226.jpg\" data-large-file=\"http:\/\/jaszai-iskola.net\/wp\/wp-content\/uploads\/2018\/12\/JASZAI1.jpg\" class=\"aligncenter wp-image-1574\" src=\"http:\/\/jaszai-iskola.net\/wp\/wp-content\/uploads\/2018\/12\/JASZAI1.jpg\" alt=\"\" width=\"620\" height=\"468\" srcset=\"http:\/\/jaszai-iskola.net\/wp\/wp-content\/uploads\/2018\/12\/JASZAI1.jpg 916w, http:\/\/jaszai-iskola.net\/wp\/wp-content\/uploads\/2018\/12\/JASZAI1-300x226.jpg 300w, http:\/\/jaszai-iskola.net\/wp\/wp-content\/uploads\/2018\/12\/JASZAI1-768x579.jpg 768w\" sizes=\"auto, (max-width: 620px) 100vw, 620px\" \/><\/a><\/p>\n","protected":false},"excerpt":{"rendered":"<p>A Monori J\u00e1szai Mari \u00c1ltal\u00e1nos Iskol\u00e1ban hossz\u00fa \u00e9vek \u00f3ta bens\u0151s\u00e9ges keretek k\u00f6z\u00f6tt eml\u00e9kez\u00fcnk meg a 48-as forradalom \u00e9s szabads\u00e1gharc Aradon kiv\u00e9gzett t\u00e1bornokair\u00f3l. M\u00e1r 20 \u00e9vvel ezel\u0151tt is fontosnak tartott\u00e1k az akkor itt dolgoz\u00f3 pedag\u00f3gusok \u00e9s a di\u00e1kok, hogy m\u00e9lt\u00f3 eml\u00e9ket \u00e1ll\u00edtsanak a h\u0151s\u00f6knek: 13 \u00f6r\u00f6kz\u00f6ld f\u00e1t \u00fcltettek az iskola \u00e9p\u00fclete el\u00e9, \u00e9s 13 kopjaf\u00e1t \u00e1ll\u00edtottak [&hellip;]<\/p>\n","protected":false},"author":1,"featured_media":0,"comment_status":"open","ping_status":"open","sticky":false,"template":"","format":"standard","meta":{"ngg_post_thumbnail":0,"jetpack_post_was_ever_published":false,"_jetpack_newsletter_access":"","_jetpack_dont_email_post_to_subs":false,"_jetpack_newsletter_tier_id":0,"_jetpack_memberships_contains_paywalled_content":false,"_jetpack_memberships_contains_paid_content":false,"footnotes":"","jetpack_publicize_message":"","jetpack_publicize_feature_enabled":true,"jetpack_social_post_already_shared":true,"jetpack_social_options":{"image_generator_settings":{"template":"highway","default_image_id":0,"font":"","enabled":false},"version":2}},"categories":[13],"tags":[18,16],"class_list":["post-1566","post","type-post","status-publish","format-standard","hentry","category-hirek","tag-iskola","tag-jaszai"],"jetpack_publicize_connections":[],"jetpack_featured_media_url":"","jetpack_sharing_enabled":true,"jetpack_shortlink":"https:\/\/wp.me\/p7WZAv-pg","jetpack-related-posts":[],"jetpack_likes_enabled":true,"_links":{"self":[{"href":"http:\/\/jaszai-iskola.net\/wp\/wp-json\/wp\/v2\/posts\/1566","targetHints":{"allow":["GET"]}}],"collection":[{"href":"http:\/\/jaszai-iskola.net\/wp\/wp-json\/wp\/v2\/posts"}],"about":[{"href":"http:\/\/jaszai-iskola.net\/wp\/wp-json\/wp\/v2\/types\/post"}],"author":[{"embeddable":true,"href":"http:\/\/jaszai-iskola.net\/wp\/wp-json\/wp\/v2\/users\/1"}],"replies":[{"embeddable":true,"href":"http:\/\/jaszai-iskola.net\/wp\/wp-json\/wp\/v2\/comments?post=1566"}],"version-history":[{"count":0,"href":"http:\/\/jaszai-iskola.net\/wp\/wp-json\/wp\/v2\/posts\/1566\/revisions"}],"wp:attachment":[{"href":"http:\/\/jaszai-iskola.net\/wp\/wp-json\/wp\/v2\/media?parent=1566"}],"wp:term":[{"taxonomy":"category","embeddable":true,"href":"http:\/\/jaszai-iskola.net\/wp\/wp-json\/wp\/v2\/categories?post=1566"},{"taxonomy":"post_tag","embeddable":true,"href":"http:\/\/jaszai-iskola.net\/wp\/wp-json\/wp\/v2\/tags?post=1566"}],"curies":[{"name":"wp","href":"https:\/\/api.w.org\/{rel}","templated":true}]}}