{"id":1536,"date":"2018-10-21T17:32:06","date_gmt":"2018-10-21T16:32:06","guid":{"rendered":"http:\/\/jaszai-iskola.net\/wp\/?p=1536"},"modified":"2018-10-21T17:33:51","modified_gmt":"2018-10-21T16:33:51","slug":"bufe-palyazat-2","status":"publish","type":"post","link":"http:\/\/jaszai-iskola.net\/wp\/2018\/10\/21\/bufe-palyazat-2\/","title":{"rendered":"B\u00fcf\u00e9 p\u00e1ly\u00e1zat"},"content":{"rendered":"<p style=\"text-align: center;\">P\u00e1ly\u00e1zati felh\u00edv\u00e1s<br \/>\nB\u00fcf\u00e9 c\u00e9lj\u00e1ra szolg\u00e1l\u00f3 helyis\u00e9g b\u00e9rbead\u00e1s\u00e1ra<\/p>\n<ol>\n<li><strong> Az Aj\u00e1nlatk\u00e9r\u0151 adatai:<br \/>\n<\/strong>Aj\u00e1nlatk\u00e9r\u0151 neve: Monori Tanker\u00fcleti K\u00f6zpont<br \/>\nAj\u00e1nlatk\u00e9r\u0151 c\u00edme, posta c\u00edme: 2200.Monor, Pet\u0151fi S\u00e1ndor utca 34.<br \/>\n<strong>2. A p\u00e1ly\u00e1zat t\u00e1rgya:<br \/>\nA Monori J\u00e1szai Mari \u00c1ltal\u00e1nos Iskola 2200 Monor J\u00e1szai Mari t\u00e9r 1. sz\u00e1m alatti \u00e9p\u00fclet\u00e9ben iskola b\u00fcf\u00e9 m\u0171k\u00f6dtet\u00e9s\u00e9re szolg\u00e1l\u00f3 8 m2 alapter\u00fclet\u0171 helyis\u00e9g b\u00e9rbead\u00e1sa hat\u00e1rozatlan id\u0151re.<\/strong><br \/>\n<strong>3. A szerz\u0151d\u00e9s meghat\u00e1roz\u00e1sa:<br \/>\n<\/strong>Helyis\u00e9gb\u00e9rleti szerz\u0151d\u00e9s.<br \/>\n<strong>4. A szerz\u0151d\u00e9s id\u0151tartama:<br \/>\n2018. november 25-t\u0151l &#8211; 2019. j\u00fanius 14.<\/strong><\/li>\n<\/ol>\n<p><strong>&nbsp;Egy\u00e9b felt\u00e9telek:<br \/>\n<\/strong>5.1. A meghirdetett helyis\u00e9g haszn\u00e1lat\u00e1hoz sz\u00fcks\u00e9ges k\u00f6zm\u0171szolg\u00e1ltat\u00e1sokat a b\u00e9rbead\u00f3 biztos\u00edtja 15000Ft\/h\u00f3 \u00e1tal\u00e1nyd\u00edj megfizet\u00e9se mellett.<br \/>\n5.3 A p\u00e1ly\u00e1z\u00f3 tudom\u00e1sul veszi, hogy a b\u00fcf\u00e9 ny\u00e1ron tan\u00edt\u00e1si sz\u00fcnet alatt (j\u00fanius \u00e9s augusztus h\u00f3nap sor\u00e1n) nem m\u0171k\u00f6dik. Egy\u00e9b id\u0151szakban a nyitva tart\u00e1st a p\u00e1ly\u00e1z\u00f3 hat\u00e1rozza meg azzal a megk\u00f6t\u00e9ssel, tan\u00edt\u00e1si id\u0151 alatt reggel 7-t\u0151l d\u00e9li 12 \u00f3r\u00e1ig a nyitva tart\u00e1s k\u00f6telez\u0151.<br \/>\n<strong>6. A p\u00e1ly\u00e1zatok beny\u00fajt\u00e1s\u00e1nak helye \u00e9s hat\u00e1rideje:<br \/>\nHelye: Monori J\u00e1szai Mari \u00c1ltal\u00e1nos Iskola 2200 Monor J\u00e1szai Mari t\u00e9r 1.<br \/>\nHat\u00e1rideje: 2018. november 19 .<br \/>\n<\/strong>A p\u00e1ly\u00e1zatot egy eredeti \u00e9s az eredetivel mindenben megegyez\u0151 egy m\u00e1solati p\u00e9ld\u00e1nyban, c\u00e9gszer\u0171en al\u00e1\u00edrva, z\u00e1rt bor\u00edt\u00e9kban kell beny\u00fajtani. A bor\u00edt\u00e9kra k\u00e9rj\u00fck r\u00e1\u00edrni: \u201eP\u00e1ly\u00e1zat helyis\u00e9gb\u00e9rleti szerz\u0151d\u00e9sre.\u201d<br \/>\n<strong>7. A p\u00e1ly\u00e1zatok elb\u00edr\u00e1l\u00e1s\u00e1nak tervezett id\u0151pontja<\/strong>: <strong>2018. november 20.<\/strong><\/p>\n<ol start=\"8\">\n<li><strong> A p\u00e1ly\u00e1zatok elb\u00edr\u00e1l\u00e1s\u00e1nak szempontjai, a p\u00e1ly\u00e1zat \u00e9rt\u00e9kel\u00e9se<\/strong><\/li>\n<li>1. A p\u00e1ly\u00e1zatok elb\u00edr\u00e1l\u00e1s\u00e1nak szempontjai:<br \/>\na) megaj\u00e1nlott havi b\u00e9rleti d\u00edj \u2013 mely \u00f6sszeg 20.000Ft\/h\u00f3 rezsi k\u00f6lts\u00e9g\u00e1tal\u00e1ny tartalmaz (tov\u00e1bbiakban minim\u00e1lis b\u00e9rleti d\u00edj), a b\u00e9rleti d\u00edj nagys\u00e1g\u00e1t \u00c1FA n\u00e9lk\u00fcli \u00f6sszegben k\u00e9rj\u00fck megjel\u00f6lni,<br \/>\nb) eg\u00e9szs\u00e9ges t\u00e1pl\u00e1lkoz\u00e1st el\u0151seg\u00edt\u0151 v\u00e1laszt\u00e9k forgalmaz\u00e1sa (a tervezett v\u00e1laszt\u00e9kot k\u00e9rj\u00fck t\u00e9telesen felsorolni),<br \/>\nc) \u00e9rt\u00e9kes\u00edt\u00e9si \u00e1rpolitika (a tervezett v\u00e1laszt\u00e9k mellett k\u00e9rj\u00fck a 2018. janu\u00e1r elej\u00e9n alkalmazand\u00f3 brutt\u00f3 \u00e9rt\u00e9kes\u00edt\u00e9si \u00e1rat is megjel\u00f6lni),<br \/>\nd) referencia, tapasztalat.<\/li>\n<\/ol>\n<p>8.2. A p\u00e1ly\u00e1zatok \u00e9rt\u00e9kel\u00e9se<\/p>\n<p>Megnevez\u00e9s Tervezet s\u00falyar\u00e1ny T\u00e9nyleges \u00e9rt\u00e9kel\u00e9s<br \/>\nMegaj\u00e1nlott havi b\u00e9rleti d\u00edj 20.000 Ft\/h\u00f3, mely \u00f6sszeg tartalmazza a minim\u00e1lis b\u00e9rleti d\u00edjat is (az \u00c1FA n\u00e9lk\u00fcli \u00f6sszeget k\u00e9rj\u00fck megjel\u00f6lni). A minim\u00e1lis b\u00e9rleti d\u00edjat meghalad\u00f3 v\u00e1llal\u00e1si \u00f6sszeg minden egyes 20 %-os n\u00f6vekm\u00e9nye 5 pontot \u00e9r, az el\u00e9rhet\u0151 maxim\u00e1lis pontsz\u00e1m 60 pont<br \/>\nEg\u00e9szs\u00e9ges t\u00e1pl\u00e1lkoz\u00e1st el\u0151seg\u00edt\u0151 v\u00e1laszt\u00e9k forgalmaz\u00e1sa (a v\u00e1laszt\u00e9kot k\u00e9rj\u00fck t\u00e9telesen felsorolni) Igen eset\u00e9n 15 pont<br \/>\n\u00c9rt\u00e9kes\u00edt\u00e9si \u00e1rpolitika (a felsorolt v\u00e1laszt\u00e9k mellett k\u00e9rj\u00fck a 2018. janu\u00e1r 1-\u00e9n alkalmazand\u00f3 \u00e9rt\u00e9kes\u00edt\u00e9si \u00e1r brutt\u00f3 \u00f6sszeg\u00e9t is megjel\u00f6lni) A pontoz\u00e1s a be\u00e9rkezett legalacsonyabb \u00e9s a legmagasabb \u00e1raz\u00e1s k\u00f6z\u00f6tt ar\u00e1nyos\u00edtva ker\u00fcl meghat\u00e1roz\u00e1sra (legalacsonyabb \u00e1r 15 pont a legmagasabb \u00e1r 0 pont)<br \/>\nReferencia, tapasztalat Igen eset\u00e9n 10 pont<br \/>\n\u00d6sszes adhat\u00f3 pontsz\u00e1m 100 pont<\/p>\n<ol start=\"9\">\n<li><strong> Egy\u00e9b k\u00f6vetelm\u00e9nyek:<\/strong><br \/>\n\u2013 A b\u00fcf\u00e9 k\u00edn\u00e1lat\u00e1nak kialak\u00edt\u00e1sa az Orsz\u00e1gos \u00c9lelmiszerbiztons\u00e1gi \u00e9s T\u00e1pl\u00e1lkoz\u00e1studom\u00e1nyi Int\u00e9zet (O\u00c9TI) aj\u00e1nl\u00e1s\u00e1ban foglaltak figyelembe v\u00e9tel\u00e9vel t\u00f6rt\u00e9nik.<br \/>\n\u2013 Az \u00fczemeltet\u00e9shez sz\u00fcks\u00e9ges g\u00e9pek, berendez\u00e9si \u00e9s felszerel\u00e9si t\u00e1rgyak beszerz\u00e9se, a helyis\u00e9g b\u00fcf\u00e9 \u00fczemeltet\u00e9s c\u00e9lj\u00e1ra val\u00f3 alkalmass\u00e1 t\u00e9tele \u00e9s folyamatos karbantart\u00e1sa, tov\u00e1bb\u00e1 takar\u00edt\u00e1sa a nyertes p\u00e1ly\u00e1z\u00f3 feladata.<br \/>\nA nyertes p\u00e1ly\u00e1z\u00f3 k\u00f6teless\u00e9ge a kereskedelmi tev\u00e9kenys\u00e9g folytat\u00e1s\u00e1hoz sz\u00fcks\u00e9ges bejelent\u00e9si k\u00f6telezetts\u00e9g teljes\u00edt\u00e9se, tov\u00e1bb\u00e1 az \u00fczemeltet\u00e9shez sz\u00fcks\u00e9ges enged\u00e9lyek beszerz\u00e9se.<br \/>\nA b\u00fcf\u00e9 alkalmazottainak rendelkezni\u00fck kell a sz\u00fcks\u00e9ges v\u00e9gzetts\u00e9get\/k\u00e9pzetts\u00e9get igazol\u00f3 \u00e9s az eg\u00e9szs\u00e9g\u00fcgyi alkalmass\u00e1got igazol\u00f3 okirattal.<br \/>\n<strong>10. A p\u00e1ly\u00e1zatb\u00f3l kiz\u00e1r\u00e1sra ker\u00fcl az a p\u00e1ly\u00e1z\u00f3:<\/strong><br \/>\na) aki ellen cs\u0151d-, felsz\u00e1mol\u00e1si elj\u00e1r\u00e1s van folyamatban, aki v\u00e9gelsz\u00e1mol\u00e1s alatt \u00e1ll;<br \/>\nb) akinek az \u00f6nkorm\u00e1nyzati ad\u00f3hat\u00f3s\u00e1gn\u00e1l nyilv\u00e1ntartott ad\u00f3tartoz\u00e1sa van;<br \/>\nc) akinek a p\u00e1ly\u00e1zat ki\u00edr\u00f3ja fel\u00e9 a p\u00e1ly\u00e1zati bead\u00e1si hat\u00e1rid\u0151 lej\u00e1rtakor tartoz\u00e1sa \u00e1ll fenn.<br \/>\nd) aki az \u00e1llamh\u00e1ztart\u00e1sr\u00f3l sz\u00f3l\u00f3 2011. \u00e9vi CXCV. t\u00f6rv\u00e9ny 41. \u00a7 (6) bekezd\u00e9snek megfelel\u0151en a nemzeti vagyonr\u00f3l sz\u00f3l\u00f3 2011. \u00e9vi CXCVI. t\u00f6rv\u00e9ny 3. \u00a7 (1) bekezd\u00e9s 1. b) pontja szerint nem min\u0151s\u00fcl \u00e1tl\u00e1that\u00f3 szervezetnek.<br \/>\n<strong>11. A p\u00e1ly\u00e1zat \u00e9rv\u00e9nytelen, ha:<\/strong><br \/>\na) a p\u00e1ly\u00e1zatot a beny\u00fajt\u00e1s\u00e1ra rendelkez\u00e9sre \u00e1ll\u00f3 hat\u00e1rid\u0151 lej\u00e1rta ut\u00e1n ny\u00fajtott\u00e1k be;<br \/>\nb) ha a p\u00e1ly\u00e1z\u00f3 a p\u00e1ly\u00e1zat\u00e1t \u00fagy ny\u00fajtotta be, hogy a p\u00e1ly\u00e1zat \u00e9rt\u00e9kel\u00e9s\u00e9re 8.2. pont szerint nem ny\u00edlik lehet\u0151s\u00e9g.<br \/>\nb) egy\u00e9b m\u00f3don nem felel meg a p\u00e1ly\u00e1zati felh\u00edv\u00e1sban meghat\u00e1rozott felt\u00e9teleknek.<br \/>\n<strong>12. A p\u00e1ly\u00e1zathoz csatoland\u00f3 dokumentumok:<\/strong><br \/>\n\u2013 p\u00e1ly\u00e1zati lap, melynek tartalmaznia kell a p\u00e1ly\u00e1z\u00f3 nev\u00e9t, c\u00edm\u00e9t, el\u00e9rhet\u0151s\u00e9geit, tov\u00e1bb\u00e1 a fizetend\u0151 b\u00e9rleti d\u00edj egy havi \u00f6sszeg\u00e9re tett aj\u00e1nlatot (\u00c1fa n\u00e9lk\u00fcli \u00f6sszeget k\u00e9rj\u00fck megjel\u00f6lni);<br \/>\n\u2013 a b\u00fcf\u00e9 k\u00edn\u00e1lat\u00e1nak r\u00e9szletes bemutat\u00e1sa;<br \/>\n\u2013 a p\u00e1ly\u00e1z\u00f3 nyilatkozata, hogy nyertess\u00e9ge eset\u00e9n a szerz\u0151d\u00e9s teljes id\u0151tartama alatt biztos\u00edtja a p\u00e1ly\u00e1zat\u00e1ban bemutatott b\u00fcf\u00e9 k\u00edn\u00e1latnak megfelel\u0151en az \u00e1rus\u00edtand\u00f3 \u00e9lelmiszerek b\u0151s\u00e9ges, az eg\u00e9szs\u00e9ges t\u00e1pl\u00e1lkoz\u00e1sra nevel\u00e9st seg\u00edt\u0151 v\u00e1laszt\u00e9k\u00e1t;<br \/>\n\u2013 a p\u00e1ly\u00e1z\u00f3 nyilatkozata, hogy a p\u00e1ly\u00e1zati felh\u00edv\u00e1s felt\u00e9teleit elfogadja;<br \/>\n\u2013 szakmai bemutatkoz\u00e1s;<br \/>\n\u2013 nyilatkozat a nemleges k\u00f6ztartoz\u00e1sr\u00f3l;<br \/>\n\u2013 nyilatkozat arr\u00f3l, hogy az \u00fczemeltet\u00e9shez sz\u00fcks\u00e9ges szakhat\u00f3s\u00e1gi enged\u00e9lyek beszerz\u00e9s\u00e9t a p\u00e1ly\u00e1z\u00f3 v\u00e1llalja;<br \/>\n<strong>13. Az aj\u00e1nlatk\u00e9r\u0151 fenntartja a jogot, hogy a p\u00e1ly\u00e1zati elj\u00e1r\u00e1s b\u00e1rmely szakasz\u00e1ban indokl\u00e1s n\u00e9lk\u00fcl a p\u00e1ly\u00e1zatot eredm\u00e9nytelennek nyilv\u00e1n\u00edtsa.<\/strong><\/li>\n<\/ol>\n<p>Monor, 2018. okt\u00f3ber 17.<\/p>\n<p>&nbsp;<\/p>\n<p style=\"text-align: center;\"><strong>Csatolt dokumentumok: 1. Mell\u00e9klet\u00e9rt kattintson ide:<\/strong><br \/>\n<strong><a href=\"http:\/\/jaszai-iskola.net\/wp\/wp-content\/uploads\/2018\/10\/B\u00fcf\u00e9-k\u00edn\u00e1lat.docx\">B\u00fcf\u00e9 k\u00edn\u00e1lat<\/a><\/strong><\/p>\n<p style=\"text-align: center;\">&nbsp;<\/p>\n","protected":false},"excerpt":{"rendered":"<p>P\u00e1ly\u00e1zati felh\u00edv\u00e1s B\u00fcf\u00e9 c\u00e9lj\u00e1ra szolg\u00e1l\u00f3 helyis\u00e9g b\u00e9rbead\u00e1s\u00e1ra Az Aj\u00e1nlatk\u00e9r\u0151 adatai: Aj\u00e1nlatk\u00e9r\u0151 neve: Monori Tanker\u00fcleti K\u00f6zpont Aj\u00e1nlatk\u00e9r\u0151 c\u00edme, posta c\u00edme: 2200.Monor, Pet\u0151fi S\u00e1ndor utca 34. 2. A p\u00e1ly\u00e1zat t\u00e1rgya: A Monori J\u00e1szai Mari \u00c1ltal\u00e1nos Iskola 2200 Monor J\u00e1szai Mari t\u00e9r 1. sz\u00e1m alatti \u00e9p\u00fclet\u00e9ben iskola b\u00fcf\u00e9 m\u0171k\u00f6dtet\u00e9s\u00e9re szolg\u00e1l\u00f3 8 m2 alapter\u00fclet\u0171 helyis\u00e9g b\u00e9rbead\u00e1sa hat\u00e1rozatlan id\u0151re. 3. [&hellip;]<\/p>\n","protected":false},"author":1,"featured_media":0,"comment_status":"open","ping_status":"open","sticky":false,"template":"","format":"standard","meta":{"ngg_post_thumbnail":0,"jetpack_post_was_ever_published":false,"_jetpack_newsletter_access":"","_jetpack_dont_email_post_to_subs":false,"_jetpack_newsletter_tier_id":0,"_jetpack_memberships_contains_paywalled_content":false,"_jetpack_memberships_contains_paid_content":false,"footnotes":"","jetpack_publicize_message":"","jetpack_publicize_feature_enabled":true,"jetpack_social_post_already_shared":true,"jetpack_social_options":{"image_generator_settings":{"template":"highway","default_image_id":0,"font":"","enabled":false},"version":2}},"categories":[13],"tags":[18,16,48],"class_list":["post-1536","post","type-post","status-publish","format-standard","hentry","category-hirek","tag-iskola","tag-jaszai","tag-monori-iskolak"],"jetpack_publicize_connections":[],"jetpack_featured_media_url":"","jetpack_sharing_enabled":true,"jetpack_shortlink":"https:\/\/wp.me\/p7WZAv-oM","jetpack-related-posts":[],"jetpack_likes_enabled":true,"_links":{"self":[{"href":"http:\/\/jaszai-iskola.net\/wp\/wp-json\/wp\/v2\/posts\/1536","targetHints":{"allow":["GET"]}}],"collection":[{"href":"http:\/\/jaszai-iskola.net\/wp\/wp-json\/wp\/v2\/posts"}],"about":[{"href":"http:\/\/jaszai-iskola.net\/wp\/wp-json\/wp\/v2\/types\/post"}],"author":[{"embeddable":true,"href":"http:\/\/jaszai-iskola.net\/wp\/wp-json\/wp\/v2\/users\/1"}],"replies":[{"embeddable":true,"href":"http:\/\/jaszai-iskola.net\/wp\/wp-json\/wp\/v2\/comments?post=1536"}],"version-history":[{"count":0,"href":"http:\/\/jaszai-iskola.net\/wp\/wp-json\/wp\/v2\/posts\/1536\/revisions"}],"wp:attachment":[{"href":"http:\/\/jaszai-iskola.net\/wp\/wp-json\/wp\/v2\/media?parent=1536"}],"wp:term":[{"taxonomy":"category","embeddable":true,"href":"http:\/\/jaszai-iskola.net\/wp\/wp-json\/wp\/v2\/categories?post=1536"},{"taxonomy":"post_tag","embeddable":true,"href":"http:\/\/jaszai-iskola.net\/wp\/wp-json\/wp\/v2\/tags?post=1536"}],"curies":[{"name":"wp","href":"https:\/\/api.w.org\/{rel}","templated":true}]}}